{"id":53883,"date":"2018-09-18T14:21:22","date_gmt":"2018-09-18T19:21:22","guid":{"rendered":"https:\/\/www.uv.mx\/prensa\/?p=53883"},"modified":"2018-09-19T08:52:35","modified_gmt":"2018-09-19T13:52:35","slug":"jazzuv-sera-sede-del-primer-congreso-de-educacion-en-el-jazz","status":"publish","type":"post","link":"https:\/\/www.uv.mx\/prensa\/banner\/jazzuv-sera-sede-del-primer-congreso-de-educacion-en-el-jazz\/","title":{"rendered":"<em>Jazzuv<\/em> ser\u00e1 sede del Primer Congreso de Educaci\u00f3n en el Jazz"},"content":{"rendered":"<ul>\n<li><em>Del 22 al 25 de octubre se reunir\u00e1n estudiantes y acad\u00e9micos de 27 instituciones de educaci\u00f3n provenientes de siete pa\u00edses<\/em><\/li>\n<li><em>Es el primero en su tipo, destac\u00f3 la secretaria Acad\u00e9mica de la UV, Magdalena Hern\u00e1ndez Alarc\u00f3n<\/em><\/li>\n<li><em>Para conocer m\u00e1s sobre el congreso se puede ingresar a <\/em><a href=\"https:\/\/www.uv.mx\/congresojazz\"><em>uv.mx\/congresojazz<\/em><\/a><\/li>\n<\/ul>\n<p>&nbsp;<\/p>\n<div id=\"attachment_53908\" style=\"width: 732px\" class=\"wp-caption aligncenter\"><a href=\"https:\/\/www.uv.mx\/prensa\/files\/2018\/09\/18092018-KARINA-Jazzuv-1.jpg\"><img loading=\"lazy\" decoding=\"async\" aria-describedby=\"caption-attachment-53908\" class=\"size-full wp-image-53908\" src=\"https:\/\/www.uv.mx\/prensa\/files\/2018\/09\/18092018-KARINA-Jazzuv-1.jpg\" alt=\"\" width=\"722\" height=\"481\" srcset=\"https:\/\/www.uv.mx\/prensa\/files\/2018\/09\/18092018-KARINA-Jazzuv-1.jpg 722w, https:\/\/www.uv.mx\/prensa\/files\/2018\/09\/18092018-KARINA-Jazzuv-1-300x200.jpg 300w\" sizes=\"auto, (max-width: 722px) 100vw, 722px\" \/><\/a><p id=\"caption-attachment-53908\" class=\"wp-caption-text\">Autoridades universitarias afirmaron que este congreso fortalece la internacionalizaci\u00f3n de la UV<\/p><\/div>\n<p>&nbsp;<\/p>\n<p><strong><em>Karina de la Paz Reyes D\u00edaz<\/em><\/strong><\/p>\n<p><strong><em>18\/09\/18, Xalapa, Ver.-<\/em><\/strong> Estudiantes, acad\u00e9micos y artistas de jazz de siete pa\u00edses se reunir\u00e1n en el <a href=\"https:\/\/www.uv.mx\/jazzuv\">Centro de Estudios de Jazz de la Universidad Veracruzana<\/a> (<em>Jazzuv<\/em>) para desarrollar el Primer Congreso de Educaci\u00f3n en el Jazz \u201cDimensiones y retos en Am\u00e9rica Latina\u201d, del 22 al 25 de octubre.<\/p>\n<p>John Murphy de la University of North Texas; Ernesto Mendoza, de la Pontificia Universidad Javeriana de Bogot\u00e1, y Gabriel Rodr\u00edguez, del Conservatorio de M\u00fasica de Puerto Rico, son s\u00f3lo algunas de las personalidades que asistir\u00e1n a este ejercicio acad\u00e9mico que tendr\u00e1 como sedes el propio <em>Jazzuv<\/em>, el Teatro \u201cJ. J. Herrera\u201d y la Librer\u00eda Cauz, todas ellas ubicadas en el centro hist\u00f3rico de la ciudad.<\/p>\n<p>En rueda de prensa, autoridades universitarias precisaron que este congreso \u201ces el primero en su tipo en llevarse a cabo en Am\u00e9rica Latina y apuntala los esfuerzos de la Universidad para fortalecer su pol\u00edtica de apertura a la internacionalizaci\u00f3n, a trav\u00e9s del establecimiento de v\u00ednculos con otras instituciones de educaci\u00f3n superior, en este caso a nivel continental\u201d, destac\u00f3 la secretaria Acad\u00e9mica de la UV, Magdalena Hern\u00e1ndez Alarc\u00f3n.<\/p>\n<p>El director general del \u00c1rea Acad\u00e9mica de Artes, Miguel Flores Covarrubias, a\u00f1adi\u00f3 que este ejercicio acad\u00e9mico permitir\u00e1 fortalecer la vinculaci\u00f3n del <em>Jazzuv<\/em> y dialogar sobre la vinculaci\u00f3n y los resultados generados por \u00e9sta. \u201cPor medio de este congreso, <em>Jazzuv<\/em> se posicionar\u00e1 a nivel nacional y continental\u201d.<\/p>\n<p>Entre tanto, el coordinador de <em>Jazzuv<\/em>, Rafael Alcal\u00e1 Hinojosa, precis\u00f3 que ser\u00e1n cuatro l\u00edneas tem\u00e1ticas: Pr\u00e1cticas educativas, La educaci\u00f3n del jazz en M\u00e9xico, Redes y vinculaci\u00f3n, y Normas educativas.<\/p>\n<p>\u201cTendremos 27 instituciones educativas que estar\u00e1n aqu\u00ed, en Xalapa, de siete pa\u00edses: Puerto Rico, Estados Unidos, Cuba, Rep\u00fablica Dominicana, Per\u00fa, Colombia y, por supuesto, M\u00e9xico. Durante cuatro d\u00edas se realizar\u00e1n 90 actividades educativas (conferencias, ponencias, clases maestras, presentaciones art\u00edsticas y estudiantiles, <em>jam sessions<\/em> y presentaciones de libros)\u201d, indic\u00f3.<\/p>\n<p>En la rueda de prensa tambi\u00e9n participaron Jes\u00fas Rodr\u00edguez Alarc\u00f3n, fedatario del <em>Jazzuv<\/em>; as\u00ed como los docentes de tal entidad, Aldemar Valent\u00edn Pag\u00e1n y Leonardo Cort\u00e9s Peyron.<\/p>\n<p>Como ya se cit\u00f3, entre los participantes est\u00e1n: John Murphy, director del Departamento de Jazz de University of North Texas; Ernesto Mendoza, coordinador del Programa de Jazz y M\u00fasicas Populares de la Pontificia Universidad Javeriana de Bogot\u00e1; Gabriel Rodr\u00edguez, director del Programa de Jazz y M\u00fasica Caribe\u00f1a del Conservatorio de M\u00fasica de Puerto Rico; Ania Paz, pianista y compositora de la Pontificia Universidad Cat\u00f3lica del Per\u00fa; Isaac Laussel, guitarrista y compositor de Southern Illinois University; Pablo Wong, director del Programa de Jazz de la Escuela Superior de M\u00fasica del Instituto Nacional de Bellas Artes.<\/p>\n<p>Asimismo, acudir\u00e1n de instituciones como la Universidad Nacional Aut\u00f3noma de M\u00e9xico, la Aut\u00f3noma de Quer\u00e9taro, la Distrital \u201cFrancisco Jos\u00e9 de Caldas\u201d de Colombia, la Northern Illinois University, la Ju\u00e1rez del Estado de Durango, la Aut\u00f3noma de Chihuahua, y naturalmente, estudiantes y docentes del <em>Jazzuv<\/em>, por citar algunas.<\/p>\n<p>Para conocer m\u00e1s sobre el congreso se puede ingresar a <a href=\"https:\/\/www.uv.mx\/congresojazz\" target=\"_blank\" rel=\"noopener\">www.uv.mx\/congresojazz<\/a>.<\/p>\n","protected":false},"excerpt":{"rendered":"<p>John Murphy, de la University of North Texas; Ernesto Mendoza, de la Pontificia Universidad Javeriana de Bogot\u00e1, y Gabriel Rodr\u00edguez, del Conservatorio de M\u00fasica de Puerto Rico, estar\u00e1n entre las figuras participantes<\/p>\n","protected":false},"author":1869,"featured_media":53907,"comment_status":"closed","ping_status":"closed","sticky":false,"template":"","format":"standard","meta":{"footnotes":""},"categories":[61],"tags":[],"class_list":["post-53883","post","type-post","status-publish","format-standard","has-post-thumbnail","hentry","category-banner"],"_links":{"self":[{"href":"https:\/\/www.uv.mx\/prensa\/wp-json\/wp\/v2\/posts\/53883","targetHints":{"allow":["GET"]}}],"collection":[{"href":"https:\/\/www.uv.mx\/prensa\/wp-json\/wp\/v2\/posts"}],"about":[{"href":"https:\/\/www.uv.mx\/prensa\/wp-json\/wp\/v2\/types\/post"}],"author":[{"embeddable":true,"href":"https:\/\/www.uv.mx\/prensa\/wp-json\/wp\/v2\/users\/1869"}],"replies":[{"embeddable":true,"href":"https:\/\/www.uv.mx\/prensa\/wp-json\/wp\/v2\/comments?post=53883"}],"version-history":[{"count":0,"href":"https:\/\/www.uv.mx\/prensa\/wp-json\/wp\/v2\/posts\/53883\/revisions"}],"wp:featuredmedia":[{"embeddable":true,"href":"https:\/\/www.uv.mx\/prensa\/wp-json\/wp\/v2\/media\/53907"}],"wp:attachment":[{"href":"https:\/\/www.uv.mx\/prensa\/wp-json\/wp\/v2\/media?parent=53883"}],"wp:term":[{"taxonomy":"category","embeddable":true,"href":"https:\/\/www.uv.mx\/prensa\/wp-json\/wp\/v2\/categories?post=53883"},{"taxonomy":"post_tag","embeddable":true,"href":"https:\/\/www.uv.mx\/prensa\/wp-json\/wp\/v2\/tags?post=53883"}],"curies":[{"name":"wp","href":"https:\/\/api.w.org\/{rel}","templated":true}]}}