{"id":53774,"date":"2018-09-17T09:00:04","date_gmt":"2018-09-17T14:00:04","guid":{"rendered":"https:\/\/www.uv.mx\/prensa\/?p=53774"},"modified":"2018-09-20T18:03:13","modified_gmt":"2018-09-20T23:03:13","slug":"exposustenta-2018-reunira-a-260-proyectos","status":"publish","type":"post","link":"https:\/\/www.uv.mx\/prensa\/general\/exposustenta-2018-reunira-a-260-proyectos\/","title":{"rendered":"ExpoSustenta 2018 reunir\u00e1 260 proyectos"},"content":{"rendered":"<ul>\n<li><em>Se llevar\u00e1 a cabo el jueves 20 de septiembre en las cinco regiones universitarias<\/em><\/li>\n<li><em>En Xalapa se realizar\u00e1n 11 talleres enfocados al \u00e1mbito de la sustentabilidad<\/em><\/li>\n<\/ul>\n<p>&nbsp;<\/p>\n<div id=\"attachment_53775\" style=\"width: 732px\" class=\"wp-caption aligncenter\"><a href=\"https:\/\/www.uv.mx\/prensa\/files\/2018\/09\/170918-RELEVANTES-Exposustenta-1.jpg\"><img loading=\"lazy\" decoding=\"async\" aria-describedby=\"caption-attachment-53775\" class=\"size-full wp-image-53775\" src=\"https:\/\/www.uv.mx\/prensa\/files\/2018\/09\/170918-RELEVANTES-Exposustenta-1.jpg\" alt=\"\" width=\"722\" height=\"482\" srcset=\"https:\/\/www.uv.mx\/prensa\/files\/2018\/09\/170918-RELEVANTES-Exposustenta-1.jpg 722w, https:\/\/www.uv.mx\/prensa\/files\/2018\/09\/170918-RELEVANTES-Exposustenta-1-300x200.jpg 300w\" sizes=\"auto, (max-width: 722px) 100vw, 722px\" \/><\/a><p id=\"caption-attachment-53775\" class=\"wp-caption-text\">Aspecto de la edici\u00f3n 2017<\/p><\/div>\n<p>&nbsp;<\/p>\n<p><strong><em>Carlos Hugo Hermida Rosales<\/em><\/strong><\/p>\n<p><strong><em>17\/09\/18, Xalapa, Ver.-<\/em><\/strong> La Universidad Veracruzana (UV), a trav\u00e9s de la <a href=\"https:\/\/www.uv.mx\/cosustenta\/\">Coordinaci\u00f3n Universitaria para la Sustentabilidad<\/a> (<em>CoSustenta<\/em>), realizar\u00e1 la feria universitaria de sustentabilidad ExpoSustenta 2018, el jueves 20 de septiembre en las cinco regiones universitarias, con la participaci\u00f3n de 260 proyectos.<\/p>\n<p>Mar\u00eda Jos\u00e9 Cervantes Herrera, encargada de comunicaci\u00f3n de <em>CoSustenta<\/em>, mencion\u00f3 que este evento pretende propiciar espacios de intercambio de experiencias de proyectos de sustentabilidad que se desarrollan tanto en la UV como fuera de ella.<\/p>\n<p>Relat\u00f3 que en la regi\u00f3n Xalapa la actividad tendr\u00e1 lugar en el Centro Recreativo Xalape\u00f1o, de 10:00 a 15:00 horas, con la presencia de productores locales que participan en los tianguis agroecol\u00f3gicos universitarios, adem\u00e1s de diversos expositores de proyectos con visi\u00f3n sustentable.<\/p>\n<p>Cervantes Herrera coment\u00f3 que de 10:30 a 11:30 horas tendr\u00e1n lugar los talleres \u201cAgricultura org\u00e1nica\u201d, \u201cM\u00e9todos anticonceptivos\u201d, \u201cRemedios caseros\u201d y \u201cDoblando doblando vamos reciclando\u201d.<\/p>\n<p>A las 11:15 horas ser\u00e1 la bienvenida formal encabezada por autoridades de la UV, acto que ser\u00e1 enlazado por sistema de videoconferencia con las dem\u00e1s regiones de esta casa de estudios; despu\u00e9s la Facultad de Danza presentar\u00e1 un <em>performance<\/em>.<\/p>\n<p>A las 12:30 horas, se llevar\u00e1n a cabo los talleres \u201cManejo de Ceraeochrysa en laboratorio\u201d, \u201cElaboraci\u00f3n de jab\u00f3n con aceite reciclado\u201d, \u201c\u00bfC\u00f3mo identificar serpientes falsos coralillos?\u201d y \u201cEl cuidado de ti mismo\u201d.<\/p>\n<p>Mientras que de 13:30 a 14:30 horas se desarrollar\u00e1n \u201cBit\u00e1cora de mi alimentaci\u00f3n saludable\u201d, \u201cUn mundo ideal\u201d y \u201cControl de plagas en mi huerto o jard\u00edn\u201d.<\/p>\n<p>Mar\u00eda Jos\u00e9 Cervantes comparti\u00f3 que la ExpoSustenta 2018 cuenta hasta el momento con 260 proyectos inscritos en las cinco regiones de la UV, de los que 81 corresponden a Xalapa.<\/p>\n<p>Esta feria universitaria de sustentabilidad es de entrada libre para p\u00fablico de todas las edades. Los talleres son gratuitos y la inscripci\u00f3n es el d\u00eda del evento, por lo que se recomienda llegar 15 minutos antes de su inicio para obtener lugar, ya que son de cupo limitado.<\/p>\n<p>&nbsp;<\/p>\n<div id=\"attachment_53776\" style=\"width: 732px\" class=\"wp-caption aligncenter\"><a href=\"https:\/\/www.uv.mx\/prensa\/files\/2018\/09\/170918-RELEVANTES-Exposustenta-2.jpg\"><img loading=\"lazy\" decoding=\"async\" aria-describedby=\"caption-attachment-53776\" class=\"size-full wp-image-53776\" src=\"https:\/\/www.uv.mx\/prensa\/files\/2018\/09\/170918-RELEVANTES-Exposustenta-2.jpg\" alt=\"\" width=\"722\" height=\"481\" srcset=\"https:\/\/www.uv.mx\/prensa\/files\/2018\/09\/170918-RELEVANTES-Exposustenta-2.jpg 722w, https:\/\/www.uv.mx\/prensa\/files\/2018\/09\/170918-RELEVANTES-Exposustenta-2-300x200.jpg 300w\" sizes=\"auto, (max-width: 722px) 100vw, 722px\" \/><\/a><p id=\"caption-attachment-53776\" class=\"wp-caption-text\">Mar\u00eda Jos\u00e9 Cervantes Herrera<\/p><\/div>\n","protected":false},"excerpt":{"rendered":"<p>Se llevar\u00e1 a cabo el 20 de septiembre en las cinco regiones universitarias; los talleres son gratuitos y la inscripci\u00f3n es el d\u00eda del evento<\/p>\n","protected":false},"author":1869,"featured_media":53775,"comment_status":"closed","ping_status":"closed","sticky":false,"template":"","format":"standard","meta":{"footnotes":""},"categories":[1],"tags":[],"class_list":["post-53774","post","type-post","status-publish","format-standard","has-post-thumbnail","hentry","category-general"],"_links":{"self":[{"href":"https:\/\/www.uv.mx\/prensa\/wp-json\/wp\/v2\/posts\/53774","targetHints":{"allow":["GET"]}}],"collection":[{"href":"https:\/\/www.uv.mx\/prensa\/wp-json\/wp\/v2\/posts"}],"about":[{"href":"https:\/\/www.uv.mx\/prensa\/wp-json\/wp\/v2\/types\/post"}],"author":[{"embeddable":true,"href":"https:\/\/www.uv.mx\/prensa\/wp-json\/wp\/v2\/users\/1869"}],"replies":[{"embeddable":true,"href":"https:\/\/www.uv.mx\/prensa\/wp-json\/wp\/v2\/comments?post=53774"}],"version-history":[{"count":0,"href":"https:\/\/www.uv.mx\/prensa\/wp-json\/wp\/v2\/posts\/53774\/revisions"}],"wp:featuredmedia":[{"embeddable":true,"href":"https:\/\/www.uv.mx\/prensa\/wp-json\/wp\/v2\/media\/53775"}],"wp:attachment":[{"href":"https:\/\/www.uv.mx\/prensa\/wp-json\/wp\/v2\/media?parent=53774"}],"wp:term":[{"taxonomy":"category","embeddable":true,"href":"https:\/\/www.uv.mx\/prensa\/wp-json\/wp\/v2\/categories?post=53774"},{"taxonomy":"post_tag","embeddable":true,"href":"https:\/\/www.uv.mx\/prensa\/wp-json\/wp\/v2\/tags?post=53774"}],"curies":[{"name":"wp","href":"https:\/\/api.w.org\/{rel}","templated":true}]}}