{"id":53769,"date":"2018-09-17T09:00:41","date_gmt":"2018-09-17T14:00:41","guid":{"rendered":"https:\/\/www.uv.mx\/prensa\/?p=53769"},"modified":"2018-09-17T14:24:26","modified_gmt":"2018-09-17T19:24:26","slug":"red-de-cientificos-espanoles-en-mexico-celebro-primer-encuentro","status":"publish","type":"post","link":"https:\/\/www.uv.mx\/prensa\/general\/red-de-cientificos-espanoles-en-mexico-celebro-primer-encuentro\/","title":{"rendered":"Red de Cient\u00edficos Espa\u00f1oles en M\u00e9xico celebr\u00f3 primer encuentro"},"content":{"rendered":"<p>&nbsp;<\/p>\n<div id=\"attachment_53772\" style=\"width: 732px\" class=\"wp-caption aligncenter\"><a href=\"https:\/\/www.uv.mx\/prensa\/files\/2018\/09\/170918-Encuentro-de-Cientificos-Espanoles.jpg\"><img loading=\"lazy\" decoding=\"async\" aria-describedby=\"caption-attachment-53772\" class=\"size-full wp-image-53772\" src=\"https:\/\/www.uv.mx\/prensa\/files\/2018\/09\/170918-Encuentro-de-Cientificos-Espanoles.jpg\" alt=\"\" width=\"722\" height=\"481\" srcset=\"https:\/\/www.uv.mx\/prensa\/files\/2018\/09\/170918-Encuentro-de-Cientificos-Espanoles.jpg 722w, https:\/\/www.uv.mx\/prensa\/files\/2018\/09\/170918-Encuentro-de-Cientificos-Espanoles-300x200.jpg 300w\" sizes=\"auto, (max-width: 722px) 100vw, 722px\" \/><\/a><p id=\"caption-attachment-53772\" class=\"wp-caption-text\">Participantes del I Encuentro de Cient\u00edficos Espa\u00f1oles en M\u00e9xico, en el Palacio de Autonom\u00eda de la UNAM (Fotograf\u00eda de Francisco Ca\u00f1edo)<\/p><\/div>\n<p>&nbsp;<\/p>\n<p><strong><em>17\/09\/18, Ciudad de M\u00e9xico.-<\/em><\/strong> El Palacio de Autonom\u00eda de la Universidad Nacional Aut\u00f3noma de M\u00e9xico (UNAM) y el Centro Cultural de Espa\u00f1a en M\u00e9xico albergaron el 6 y 7 de septiembre el I Encuentro de Cient\u00edficos Espa\u00f1oles en M\u00e9xico.<\/p>\n<p>Alrededor de 30 cient\u00edficos espa\u00f1oles que viven y trabajan en M\u00e9xico presentaron sus resultados m\u00e1s recientes, discutieron sobre diversos aspectos de la ciencia y buscaron nuevos v\u00ednculos y colaboraciones.<\/p>\n<p>Siguiendo el ejemplo de otras asociaciones de cient\u00edficos espa\u00f1oles fuera de su pa\u00eds, la Red de Cient\u00edficos Espa\u00f1oles en M\u00e9xico (<em>Recemx<\/em>, A.C.) celebr\u00f3 hace unos d\u00edas su primer encuentro cient\u00edfico, gracias al apoyo de la Fundaci\u00f3n \u201cRam\u00f3n Areces\u201d y de la Consejer\u00eda Cultural y Cient\u00edfica de la Embajada de Espa\u00f1a en M\u00e9xico.<\/p>\n<p>En la inauguraci\u00f3n, Raimundo P\u00e9rez-Hern\u00e1ndez y Torra, director de la Fundaci\u00f3n \u201cRam\u00f3n Areces\u201d, resalt\u00f3 la importancia de este tipo de asociaciones y mencion\u00f3 la relevancia de <em>Recemx<\/em> como \u00fanica asociaci\u00f3n de este tipo en Am\u00e9rica Latina; asimismo, se comprometi\u00f3 a mantener el apoyo para que se contin\u00faen realizando actividades que fomenten la labor cient\u00edfica y su difusi\u00f3n.<\/p>\n<p>La actual presidenta de <em>Recemx<\/em>, Sara Barrasa Garc\u00eda, manifest\u00f3 el sentir de los cient\u00edficos espa\u00f1oles trabajando en M\u00e9xico: \u201cNosotros somos espa\u00f1oles pero nuestra ciencia es mexicana\u201d.<\/p>\n<p>Las conferencias de los socios pusieron de manifiesto la gran diversidad de temas que investigan los cient\u00edficos espa\u00f1oles que trabajan en instituciones mexicanas: geolog\u00eda, alimentos, f\u00edsica y qu\u00edmica, narrativas, biomedicinas, territorio y medio ambiente, oc\u00e9anos, realidad social, historia y otras aportaciones realizadas desde las ciencias sociales y las humanidades.<\/p>\n<p>En las mesas redondas se trataron dos temas muy relevantes: los posgrados en M\u00e9xico y la diplomacia cient\u00edfica. Los panelistas fueron Lorena Archundia Navarro, directora de las C\u00e1tedras del Consejo Nacional de Ciencia y Tecnolog\u00eda (<em>Conacyt<\/em>); Germ\u00e1n Casal Arcau, delegado del Centro de Desarrollo Tecnol\u00f3gico Industrial del Ministerio de Ciencia, Innovaci\u00f3n y Universidades de Espa\u00f1a (CDTI) para M\u00e9xico y Colombia; Ignacio Alonso Velasco, doctorando de la Divisi\u00f3n de Ciencias e Ingenier\u00edas de la Universidad de Quintana Roo en Chetumal.<\/p>\n<p>Adem\u00e1s, Julia Tag\u00fce\u00f1a Parga, directora adjunta de Desarrollo Cient\u00edfico del <em>Conacyt<\/em>; Paloma Domingo Garc\u00eda, directora general de la Federaci\u00f3n Espa\u00f1ola de Ciencia y Tecnolog\u00eda (<em>Fecyt<\/em>), y Eduardo Oliver P\u00e9rez, secretario general de la Red de Asociaciones de Investigadores y Cient\u00edficos Espa\u00f1oles en el Exterior (<em>Raicex<\/em>).<\/p>\n<p>Archundia Navarro resalt\u00f3 el buen funcionamiento de las C\u00e1tedras <em>Conacyt<\/em>, a las que pueden optar espa\u00f1oles con permiso para trabajar en M\u00e9xico. En tanto, Paola Domingo manifest\u00f3 la necesidad de hacer divulgaci\u00f3n de la ciencia para que la sociedad entienda la labor de los cient\u00edficos; adem\u00e1s, resalt\u00f3 la importancia de que exista un ministro de ciencia en Espa\u00f1a que pueda defender el papel de la ciencia.<\/p>\n<p>Se mencionaron algunos proyectos cient\u00edficos exitosos de colaboraci\u00f3n entre M\u00e9xico y Espa\u00f1a y las posibilidades que tienen los espa\u00f1oles de realizar un posgrado en M\u00e9xico.<\/p>\n<p>Las dos conferencias magistrales impartidas por Eduardo Oliver, tambi\u00e9n investigador del Centro Nacional de Investigaciones Cardiovasculares (CNIC), y Mar\u00eda \u00c1ngela Nieto Toledano, profesora investigadora del Instituto Cajal del Centro Superior de Investigaciones Cient\u00edficas (CSIC), ambos de Espa\u00f1a, pusieron de manifiesto la necesidad de invertir en ciencia de calidad.<\/p>\n<p>Miguel Utray, consejero cultural de la Embajada de Espa\u00f1a en M\u00e9xico y director del Centro Cultural de Espa\u00f1a, clausur\u00f3 el encuentro resaltando la buena relaci\u00f3n que existe entre la instituci\u00f3n que representa y la <em>Recemx<\/em>, as\u00ed como la intenci\u00f3n de seguir colaborando en proyectos de difusi\u00f3n de la ciencia.<\/p>\n<p>Los cerca de 60 socios de la <em>Recemx<\/em> son hombres y mujeres casi a partes iguales, tienen entre 33 y 59 a\u00f1os de edad, proceden de 12 comunidades aut\u00f3nomas de Espa\u00f1a (siendo m\u00e1s numerosos los nacidos en Madrid, Catalu\u00f1a y Andaluc\u00eda) y trabajan en instituciones de educaci\u00f3n e investigaci\u00f3n repartidas por toda la Rep\u00fablica Mexicana (los estados con mayor n\u00famero de socios son Ciudad de M\u00e9xico y Veracruz). Se desempe\u00f1an en todas las \u00e1reas de la ciencia con un mayor n\u00famero de socios en las \u00e1reas de ciencias sociales, humanidades y ciencias de la conducta.<\/p>\n<p>El requisito para ser socio de la <em>Recemx<\/em> es ser un cient\u00edfico espa\u00f1ol trabajando en M\u00e9xico, un cient\u00edfico mexicano que ha realizado parte de su formaci\u00f3n en Espa\u00f1a o que tiene v\u00ednculos de trabajo con el pa\u00eds ib\u00e9rico.<\/p>\n","protected":false},"excerpt":{"rendered":"<p>Alrededor de 30 cient\u00edficos espa\u00f1oles que viven y trabajan en M\u00e9xico presentaron sus resultados m\u00e1s recientes, discutieron sobre diversos aspectos de la ciencia y buscaron nuevos v\u00ednculos y colaboraciones<\/p>\n","protected":false},"author":1869,"featured_media":53772,"comment_status":"closed","ping_status":"closed","sticky":false,"template":"","format":"standard","meta":{"footnotes":""},"categories":[1],"tags":[],"class_list":["post-53769","post","type-post","status-publish","format-standard","has-post-thumbnail","hentry","category-general"],"_links":{"self":[{"href":"https:\/\/www.uv.mx\/prensa\/wp-json\/wp\/v2\/posts\/53769","targetHints":{"allow":["GET"]}}],"collection":[{"href":"https:\/\/www.uv.mx\/prensa\/wp-json\/wp\/v2\/posts"}],"about":[{"href":"https:\/\/www.uv.mx\/prensa\/wp-json\/wp\/v2\/types\/post"}],"author":[{"embeddable":true,"href":"https:\/\/www.uv.mx\/prensa\/wp-json\/wp\/v2\/users\/1869"}],"replies":[{"embeddable":true,"href":"https:\/\/www.uv.mx\/prensa\/wp-json\/wp\/v2\/comments?post=53769"}],"version-history":[{"count":0,"href":"https:\/\/www.uv.mx\/prensa\/wp-json\/wp\/v2\/posts\/53769\/revisions"}],"wp:featuredmedia":[{"embeddable":true,"href":"https:\/\/www.uv.mx\/prensa\/wp-json\/wp\/v2\/media\/53772"}],"wp:attachment":[{"href":"https:\/\/www.uv.mx\/prensa\/wp-json\/wp\/v2\/media?parent=53769"}],"wp:term":[{"taxonomy":"category","embeddable":true,"href":"https:\/\/www.uv.mx\/prensa\/wp-json\/wp\/v2\/categories?post=53769"},{"taxonomy":"post_tag","embeddable":true,"href":"https:\/\/www.uv.mx\/prensa\/wp-json\/wp\/v2\/tags?post=53769"}],"curies":[{"name":"wp","href":"https:\/\/api.w.org\/{rel}","templated":true}]}}