{"id":53749,"date":"2018-09-16T09:01:31","date_gmt":"2018-09-16T14:01:31","guid":{"rendered":"https:\/\/www.uv.mx\/prensa\/?p=53749"},"modified":"2018-09-18T09:04:56","modified_gmt":"2018-09-18T14:04:56","slug":"anteproyecto-de-ley-organica-consolidara-autonomia-universitaria-jose-alvarez-montero","status":"publish","type":"post","link":"https:\/\/www.uv.mx\/prensa\/banner\/anteproyecto-de-ley-organica-consolidara-autonomia-universitaria-jose-alvarez-montero\/","title":{"rendered":"Anteproyecto de Ley Org\u00e1nica consolidar\u00e1 Autonom\u00eda universitaria: Jos\u00e9 \u00c1lvarez Montero"},"content":{"rendered":"<style type=\"text\/css\">\n  blockquote p { color: #28519b; font-family: helvetica; font-size: 1.6em; }<br \/><\/style>\n<ul>\n<li><em>El jurista destac\u00f3 que le da m\u00e1s facultades al Consejo Universitario General<\/em><\/li>\n<\/ul>\n<p>&nbsp;<\/p>\n<p><a href=\"https:\/\/www.uv.mx\/prensa\/files\/2018\/09\/160918-PRINCIPALES-BANNER-UV-Anteproyecto-de-ley-1.jpg\"><img loading=\"lazy\" decoding=\"async\" class=\"size-full wp-image-53750 aligncenter\" src=\"https:\/\/www.uv.mx\/prensa\/files\/2018\/09\/160918-PRINCIPALES-BANNER-UV-Anteproyecto-de-ley-1.jpg\" alt=\"\" width=\"722\" height=\"482\" srcset=\"https:\/\/www.uv.mx\/prensa\/files\/2018\/09\/160918-PRINCIPALES-BANNER-UV-Anteproyecto-de-ley-1.jpg 722w, https:\/\/www.uv.mx\/prensa\/files\/2018\/09\/160918-PRINCIPALES-BANNER-UV-Anteproyecto-de-ley-1-300x200.jpg 300w\" sizes=\"auto, (max-width: 722px) 100vw, 722px\" \/><\/a><\/p>\n<p>&nbsp;<\/p>\n<blockquote><p>\u201cCreo que es momento de ponernos al d\u00eda\u201d: Jos\u00e9 Lorenzo \u00c1lvarez Montero<\/p><\/blockquote>\n<p>&nbsp;<\/p>\n<p><strong><em>Karina de la Paz Reyes D\u00edaz<\/em><\/strong><\/p>\n<p><strong><em>16\/09\/18, Xalapa, Ver.-<\/em><\/strong> El anteproyecto de Ley Org\u00e1nica de la Universidad Veracruzana (UV) consolida la Autonom\u00eda universitaria en los aspectos administrativo, econ\u00f3mico y legislativo, expres\u00f3 el jurista adscrito al <a href=\"https:\/\/www.uv.mx\/iij\/\">Instituto de Investigaciones Jur\u00eddicas de la Universidad Veracruzana<\/a> (UV), Jos\u00e9 Lorenzo \u00c1lvarez Montero.<\/p>\n<p>Record\u00f3 que este anteproyecto contempla 20 art\u00edculos, \u201ccon eso es suficiente para que despu\u00e9s el Consejo Universitario General (CUG) sea el que reglamente toda la vida universitaria\u201d.<\/p>\n<p>Precisamente, con \u00e9ste se fortalece de manera significativa al CUG, la m\u00e1xima autoridad de esta casa de estudios, \u201cy desde luego se tocan algunos aspectos que estaban dentro de la Junta de Gobierno y ahora pasan a nuestra m\u00e1xima autoridad\u201d, dijo el investigador, quien entre sus l\u00ednea de generaci\u00f3n y aplicaci\u00f3n del conocimiento est\u00e1 la justicia constitucional (federal y local) y los derechos humanos.<\/p>\n<p>Otro de los temas que destac\u00f3 es la incorporaci\u00f3n del Tribunal Universitario, entidad que desde 1945 existe en la Universidad Nacional Aut\u00f3noma de M\u00e9xico, y actualmente tambi\u00e9n est\u00e1 vigente en otras universidades del pa\u00eds. \u201cCreo que es momento de ponernos al d\u00eda\u201d.<\/p>\n<p>\u00c1lvarez Montero reiter\u00f3 que es un anteproyecto que est\u00e1 abierto a la opini\u00f3n de toda la comunidad universitaria. Al respecto, cabe citar que la Comisi\u00f3n Transitoria para la Integraci\u00f3n del Anteproyecto de Ley Org\u00e1nica del Consejo Universitario General ampli\u00f3 el periodo de consulta y las modalidades de participaci\u00f3n hasta el 30 de noviembre. Para mayor informaci\u00f3n consulte: <a href=\"https:\/\/www.uv.mx\/comision-transitoria\/\">https:\/\/www.uv.mx\/comision-transitoria\/<\/a><\/p>\n","protected":false},"excerpt":{"rendered":"<p>Los 20 art\u00edculos que se contemplan son suficientes \u201cpara que despu\u00e9s el Consejo Universitario General sea el que reglamente toda la vida universitaria\u201d, destac\u00f3 el jurista<\/p>\n","protected":false},"author":1869,"featured_media":53751,"comment_status":"closed","ping_status":"closed","sticky":false,"template":"","format":"standard","meta":{"footnotes":""},"categories":[61],"tags":[],"class_list":["post-53749","post","type-post","status-publish","format-standard","has-post-thumbnail","hentry","category-banner"],"_links":{"self":[{"href":"https:\/\/www.uv.mx\/prensa\/wp-json\/wp\/v2\/posts\/53749","targetHints":{"allow":["GET"]}}],"collection":[{"href":"https:\/\/www.uv.mx\/prensa\/wp-json\/wp\/v2\/posts"}],"about":[{"href":"https:\/\/www.uv.mx\/prensa\/wp-json\/wp\/v2\/types\/post"}],"author":[{"embeddable":true,"href":"https:\/\/www.uv.mx\/prensa\/wp-json\/wp\/v2\/users\/1869"}],"replies":[{"embeddable":true,"href":"https:\/\/www.uv.mx\/prensa\/wp-json\/wp\/v2\/comments?post=53749"}],"version-history":[{"count":0,"href":"https:\/\/www.uv.mx\/prensa\/wp-json\/wp\/v2\/posts\/53749\/revisions"}],"wp:featuredmedia":[{"embeddable":true,"href":"https:\/\/www.uv.mx\/prensa\/wp-json\/wp\/v2\/media\/53751"}],"wp:attachment":[{"href":"https:\/\/www.uv.mx\/prensa\/wp-json\/wp\/v2\/media?parent=53749"}],"wp:term":[{"taxonomy":"category","embeddable":true,"href":"https:\/\/www.uv.mx\/prensa\/wp-json\/wp\/v2\/categories?post=53749"},{"taxonomy":"post_tag","embeddable":true,"href":"https:\/\/www.uv.mx\/prensa\/wp-json\/wp\/v2\/tags?post=53749"}],"curies":[{"name":"wp","href":"https:\/\/api.w.org\/{rel}","templated":true}]}}