{"id":53634,"date":"2018-09-13T16:15:01","date_gmt":"2018-09-13T21:15:01","guid":{"rendered":"https:\/\/www.uv.mx\/prensa\/?p=53634"},"modified":"2018-09-18T10:01:42","modified_gmt":"2018-09-18T15:01:42","slug":"ceicah-impartira-el-curso-aplicaciones-de-la-ciencia-del-comportamiento","status":"publish","type":"post","link":"https:\/\/www.uv.mx\/prensa\/general\/ceicah-impartira-el-curso-aplicaciones-de-la-ciencia-del-comportamiento\/","title":{"rendered":"CEICAH impartir\u00e1 el curso Aplicaciones de la Ciencia del Comportamiento"},"content":{"rendered":"<ul>\n<li><i>Ser\u00e1 del 21<\/i> <i>de septiembre al 7 de diciembre<\/i><\/li>\n<li><i>E<\/i><i>st\u00e1 dirigido a estudiantes de licenciatura<\/i> <i>y profesionales interesados en el tema<\/i><\/li>\n<\/ul>\n<p>&nbsp;<\/p>\n<p><a href=\"https:\/\/www.uv.mx\/prensa\/files\/2018\/09\/130918-Curso-Ceicah.jpg\"><img loading=\"lazy\" decoding=\"async\" class=\"aligncenter size-full wp-image-53635\" src=\"https:\/\/www.uv.mx\/prensa\/files\/2018\/09\/130918-Curso-Ceicah.jpg\" alt=\"\" width=\"722\" height=\"246\" srcset=\"https:\/\/www.uv.mx\/prensa\/files\/2018\/09\/130918-Curso-Ceicah.jpg 722w, https:\/\/www.uv.mx\/prensa\/files\/2018\/09\/130918-Curso-Ceicah-300x102.jpg 300w\" sizes=\"auto, (max-width: 722px) 100vw, 722px\" \/><\/a><\/p>\n<p><b><i>Jos\u00e9 Luis <\/i><\/b><b><i>Couttolenc<\/i><\/b><b><i> Soto<\/i><\/b><\/p>\n<p><b><i>13<\/i><\/b><b><i>\/09<\/i><\/b><b><i>\/18<\/i><\/b><b><i>, Xalapa, Ver.-<\/i><\/b> Con la finalidad de exponer y analizar las aplicaciones de la ciencia del comportamiento en el \u00e1mbito educativo, de la salud y del desarrollo at\u00edpico, el <a href=\"https:\/\/www.uv.mx\/ceicah\/\">Centro de Estudios e Investigaciones en Conocimiento y Aprendizaje Humano<\/a> (CEICAH) de la Universidad Veracruzana (UV) ofrecer\u00e1 el curso Aplicaciones de la Ciencia del Comportamiento.<\/p>\n<p>Dirigido a estudiantes de licenciatura y profesionales interesados en el tema, el curso \u2013que consta de 40 horas\u2013 se impartir\u00e1 del 21 de septiembre al 7 de diciembre, con sesiones los d\u00edas viernes de 16:00 a 20:00 horas.<\/p>\n<p>Est\u00e1 conformado por cuatro m\u00f3dulos: Dise\u00f1o de investigaci\u00f3n de un solo sujeto, Aplicaciones de la ciencia del comportamiento en el \u00e1mbito del desarrollo at\u00edpico, Aplicaciones de la ciencia del comportamiento en el \u00e1mbito educativo y Aplicaciones de la ciencia del comportamiento en el \u00e1mbito de la salud.<\/p>\n<p>La inscripci\u00f3n tiene un costo de 150 pesos y mil 600 pesos de cuota de recuperaci\u00f3n. Al concluir el curso entregar\u00e1n las constancias correspondientes.<\/p>\n<p>Para mayores informes e inscripciones, los interesados pueden llamar al tel\u00e9fono (228) 8903465, visitar la p\u00e1gina <i>w<\/i><i>eb<\/i> <a href=\"https:\/\/www.uv.mx\/ceicah\/proyectosacademicos\/curso-ciencia-comportamiento\">https:\/\/www.uv.mx\/ceicah\/proyectosacademicos\/curso-ciencia-comportamiento<\/a>, dirigirse al correo <a href=\"mailto:ceicah@uv.mx\">ceicah@uv.mx<\/a>, o acudir a la Avenida Orizaba n\u00famero 203, Fraccionamiento Veracruz en la ciudad de Xalapa.<\/p>\n","protected":false},"excerpt":{"rendered":"<p>Ser\u00e1 del 21 de septiembre al 7 de diciembre;\u00a0est\u00e1 dirigido a estudiantes de licenciatura y profesionales interesados en el tema<\/p>\n","protected":false},"author":1508,"featured_media":53635,"comment_status":"closed","ping_status":"closed","sticky":false,"template":"","format":"standard","meta":{"footnotes":""},"categories":[1],"tags":[],"class_list":["post-53634","post","type-post","status-publish","format-standard","has-post-thumbnail","hentry","category-general"],"_links":{"self":[{"href":"https:\/\/www.uv.mx\/prensa\/wp-json\/wp\/v2\/posts\/53634","targetHints":{"allow":["GET"]}}],"collection":[{"href":"https:\/\/www.uv.mx\/prensa\/wp-json\/wp\/v2\/posts"}],"about":[{"href":"https:\/\/www.uv.mx\/prensa\/wp-json\/wp\/v2\/types\/post"}],"author":[{"embeddable":true,"href":"https:\/\/www.uv.mx\/prensa\/wp-json\/wp\/v2\/users\/1508"}],"replies":[{"embeddable":true,"href":"https:\/\/www.uv.mx\/prensa\/wp-json\/wp\/v2\/comments?post=53634"}],"version-history":[{"count":0,"href":"https:\/\/www.uv.mx\/prensa\/wp-json\/wp\/v2\/posts\/53634\/revisions"}],"wp:featuredmedia":[{"embeddable":true,"href":"https:\/\/www.uv.mx\/prensa\/wp-json\/wp\/v2\/media\/53635"}],"wp:attachment":[{"href":"https:\/\/www.uv.mx\/prensa\/wp-json\/wp\/v2\/media?parent=53634"}],"wp:term":[{"taxonomy":"category","embeddable":true,"href":"https:\/\/www.uv.mx\/prensa\/wp-json\/wp\/v2\/categories?post=53634"},{"taxonomy":"post_tag","embeddable":true,"href":"https:\/\/www.uv.mx\/prensa\/wp-json\/wp\/v2\/tags?post=53634"}],"curies":[{"name":"wp","href":"https:\/\/api.w.org\/{rel}","templated":true}]}}