{"id":53528,"date":"2018-09-12T09:02:54","date_gmt":"2018-09-12T14:02:54","guid":{"rendered":"https:\/\/www.uv.mx\/prensa\/?p=53528"},"modified":"2018-09-12T11:10:00","modified_gmt":"2018-09-12T16:10:00","slug":"iih-s-realizara-conferencia-sobre-politica-petrolera","status":"publish","type":"post","link":"https:\/\/www.uv.mx\/prensa\/general\/iih-s-realizara-conferencia-sobre-politica-petrolera\/","title":{"rendered":"IIH-S realizar\u00e1 conferencia sobre pol\u00edtica petrolera"},"content":{"rendered":"<ul>\n<li><i>Se<\/i><i>r\u00e1 el jueves 13 de septiembre, <\/i><i>a cargo de <\/i><i>Fluvio<\/i><i> Ruiz Alarc\u00f3n, ex consejero profesional de <\/i>Pemex<\/li>\n<li><i>Se transmitir\u00e1 <\/i><i>en la liga<\/i><i> http:\/\/youtu.be\/olG1qVNOhlA<\/i><\/li>\n<\/ul>\n<p>&nbsp;<\/p>\n<div id=\"attachment_53461\" style=\"width: 732px\" class=\"wp-caption aligncenter\"><a href=\"https:\/\/www.uv.mx\/prensa\/files\/2018\/09\/100918-PAOLA-Conferencia-petroleo-1.jpg\"><img loading=\"lazy\" decoding=\"async\" aria-describedby=\"caption-attachment-53461\" class=\"size-full wp-image-53461\" src=\"https:\/\/www.uv.mx\/prensa\/files\/2018\/09\/100918-PAOLA-Conferencia-petroleo-1.jpg\" alt=\"\" width=\"722\" height=\"481\" srcset=\"https:\/\/www.uv.mx\/prensa\/files\/2018\/09\/100918-PAOLA-Conferencia-petroleo-1.jpg 722w, https:\/\/www.uv.mx\/prensa\/files\/2018\/09\/100918-PAOLA-Conferencia-petroleo-1-300x200.jpg 300w\" sizes=\"auto, (max-width: 722px) 100vw, 722px\" \/><\/a><p id=\"caption-attachment-53461\" class=\"wp-caption-text\">Mart\u00edn Aguilar invit\u00f3 a la comunidad a la conferencia<\/p><\/div>\n<p>&nbsp;<\/p>\n<p><b><i>Paola Cort\u00e9s P\u00e9rez<\/i><\/b><\/p>\n<p><b><i>12<\/i><\/b><b><i>\/09\/18, Xalapa, Ver.-<\/i><\/b> El <a href=\"https:\/\/www.uv.mx\/iihs\/\">Instituto de Investigaciones Hist\u00f3rico-Sociales<\/a> (IIH-S) de la Universidad Veracruzana (UV) llevar\u00e1 a cabo la conferencia \u201cHacia un nuevo proyecto petrolero de gobierno\u201d, impartida por Fluvio Ruiz Alarc\u00f3n, ex consejero profesional de Petr\u00f3leos Mexicanos (<i>Pemex<\/i>).<\/p>\n<p>La actividad es organizada por el cuerpo acad\u00e9mico (CA) Estudios Sociohist\u00f3ricos del Cambio Pol\u00edtico, y se realizar\u00e1 el jueves 13 de septiembre a las 18:00 horas en el Auditorio \u201cGonzalo Aguirre Beltr\u00e1n\u201d del instituto ubicado en Diego Le\u00f1o n\u00famero 8, en el centro de la ciudad.<\/p>\n<p>Mart\u00edn Aguilar S\u00e1nchez, investigador del IIH-S, dijo que la finalidad de dicha conferencia es entender las caracter\u00edsticas de la pol\u00edtica petrolera, conocer los cambios que puede haber en la misma, as\u00ed como debatir sobre el uso del petr\u00f3leo como energ\u00eda y sobre las otras energ\u00edas limpias.<\/p>\n<p>\u201cFluvio Ruiz hablar\u00e1 sobre un programa petrolero para el pa\u00eds, lo cual es importante por la coyuntura actual que tenemos en la naci\u00f3n, se viene un cambio de gobierno a nivel federal y estatal, entonces es importante hablar sobre los cambios que podr\u00edan suceder respecto a la pol\u00edtica petrolera.\u201d<\/p>\n<p>De igual manera, mencion\u00f3, se discutir\u00e1 sobre el impacto de la Reforma Energ\u00e9tica y se plantear\u00e1n preguntas como: \u00bfqu\u00e9 perspectiva hay con respecto a un cambio de pol\u00edtica petrolera?, \u00bfqu\u00e9 pasar\u00e1 con la reforma, se mantendr\u00e1 o se revertir\u00e1 como lo plantea Cuauht\u00e9moc C\u00e1rdenas?<\/p>\n<p>\u201cNos plantear\u00e1 qu\u00e9 piensa sobre la Reforma Energ\u00e9tica \u2013si se debe o no revertir\u2013; la propuesta de Andr\u00e9s Manuel L\u00f3pez Obrador de construir refiner\u00edas en el pa\u00eds y de mantener una pol\u00edtica de precios respecto de las gasolinas.\u201d<\/p>\n<p>Cabe destacar que la conferencia se transmitir\u00e1 a trav\u00e9s de Internet, en el enlace <a href=\"http:\/\/youtu.be\/olG1qVNOhlA\">http:\/\/youtu.be\/olG1qVNOhlA<\/a><\/p>\n","protected":false},"excerpt":{"rendered":"<p>Ser\u00e1 el jueves 13 de septiembre, a cargo de Fluvio Ruiz Alarc\u00f3n, ex consejero profesional de <em>Pemex<\/em><\/p>\n","protected":false},"author":1508,"featured_media":53529,"comment_status":"closed","ping_status":"closed","sticky":false,"template":"","format":"standard","meta":{"footnotes":""},"categories":[1],"tags":[],"class_list":["post-53528","post","type-post","status-publish","format-standard","has-post-thumbnail","hentry","category-general"],"_links":{"self":[{"href":"https:\/\/www.uv.mx\/prensa\/wp-json\/wp\/v2\/posts\/53528","targetHints":{"allow":["GET"]}}],"collection":[{"href":"https:\/\/www.uv.mx\/prensa\/wp-json\/wp\/v2\/posts"}],"about":[{"href":"https:\/\/www.uv.mx\/prensa\/wp-json\/wp\/v2\/types\/post"}],"author":[{"embeddable":true,"href":"https:\/\/www.uv.mx\/prensa\/wp-json\/wp\/v2\/users\/1508"}],"replies":[{"embeddable":true,"href":"https:\/\/www.uv.mx\/prensa\/wp-json\/wp\/v2\/comments?post=53528"}],"version-history":[{"count":0,"href":"https:\/\/www.uv.mx\/prensa\/wp-json\/wp\/v2\/posts\/53528\/revisions"}],"wp:featuredmedia":[{"embeddable":true,"href":"https:\/\/www.uv.mx\/prensa\/wp-json\/wp\/v2\/media\/53529"}],"wp:attachment":[{"href":"https:\/\/www.uv.mx\/prensa\/wp-json\/wp\/v2\/media?parent=53528"}],"wp:term":[{"taxonomy":"category","embeddable":true,"href":"https:\/\/www.uv.mx\/prensa\/wp-json\/wp\/v2\/categories?post=53528"},{"taxonomy":"post_tag","embeddable":true,"href":"https:\/\/www.uv.mx\/prensa\/wp-json\/wp\/v2\/tags?post=53528"}],"curies":[{"name":"wp","href":"https:\/\/api.w.org\/{rel}","templated":true}]}}