{"id":53336,"date":"2018-09-10T09:00:30","date_gmt":"2018-09-10T14:00:30","guid":{"rendered":"https:\/\/www.uv.mx\/prensa\/?p=53336"},"modified":"2018-09-10T17:52:00","modified_gmt":"2018-09-10T22:52:00","slug":"danza-una-de-las-mejores-formas-para-conectar-a-las-personas-sangeeta-isvaran","status":"publish","type":"post","link":"https:\/\/www.uv.mx\/prensa\/cultura\/danza-una-de-las-mejores-formas-para-conectar-a-las-personas-sangeeta-isvaran\/","title":{"rendered":"Danza, una de las mejores formas para conectar con las personas: Sangeeta Isvaran"},"content":{"rendered":"<ul>\n<li>A partir de su experiencia en Camboya decidi\u00f3 enfocarse a ayudar a las personas a trav\u00e9s de la danza<\/li>\n<li>Dirige una fundaci\u00f3n que atiende problemas de equidad de g\u00e9nero en varios pa\u00edses<\/li>\n<\/ul>\n<p>&nbsp;<\/p>\n<div id=\"attachment_53346\" style=\"width: 732px\" class=\"wp-caption aligncenter\"><a href=\"https:\/\/www.uv.mx\/prensa\/files\/2018\/09\/100918-CULTURA-Sangeeta-1.jpg\"><img loading=\"lazy\" decoding=\"async\" aria-describedby=\"caption-attachment-53346\" class=\"size-full wp-image-53346\" src=\"https:\/\/www.uv.mx\/prensa\/files\/2018\/09\/100918-CULTURA-Sangeeta-1.jpg\" alt=\"\" width=\"722\" height=\"482\" srcset=\"https:\/\/www.uv.mx\/prensa\/files\/2018\/09\/100918-CULTURA-Sangeeta-1.jpg 722w, https:\/\/www.uv.mx\/prensa\/files\/2018\/09\/100918-CULTURA-Sangeeta-1-300x200.jpg 300w\" sizes=\"auto, (max-width: 722px) 100vw, 722px\" \/><\/a><p id=\"caption-attachment-53346\" class=\"wp-caption-text\">Sangeeta Isvaran dijo que es posible conocer el sufrimiento de las personas y comunicarse con ellas a trav\u00e9s de la danza<\/p><\/div>\n<p>&nbsp;<\/p>\n<p><strong><em>David Sandoval Rodr\u00edguez<\/em><\/strong><\/p>\n<p><strong><em>10\/09\/18, Xalapa, Ver.-<\/em><\/strong> La danza es una de las mejores formas de conectar con las personas y tambi\u00e9n una manera de comprender el sufrimiento, expres\u00f3 Sangeeta Isvaran, bailarina y activista social quien imparti\u00f3 una conferencia demostraci\u00f3n como cierre del VI Coloquio Internacional sobre las Artes Esc\u00e9nicas, organizado por la Maestr\u00eda en <a href=\"https:\/\/www.uv.mx\/danza\/\">Artes Esc\u00e9nicas de la Universidad Veracruzana<\/a> (UV).<\/p>\n<p>En su charla, efectuada en el Foro \u201cTorre Lapham\u201d de la Unidad de Artes Pl\u00e1sticas, la bailarina fue presentada por Antonio Prieto Stambaugh, coordinador de la maestr\u00eda, quien se\u00f1al\u00f3 que es la cuarta ocasi\u00f3n que Isvaran visita la UV, am\u00e9n de haber presentado sus talleres en 40 pa\u00edses y crear la Fundaci\u00f3n Wind Dancers Trust en la India.<\/p>\n<p>La ponente es bailarina desde los cinco a\u00f1os y comparti\u00f3 que un momento decisivo en su vida ocurri\u00f3 hace 15 a\u00f1os cuando viaj\u00f3 becada por la Fundaci\u00f3n Ford a Camboya para aprender las danzas tradicionales; ah\u00ed conoci\u00f3 a un grupo de ni\u00f1os que viv\u00edan en el barrio.<\/p>\n<p>Le llam\u00f3 la atenci\u00f3n que estos ni\u00f1os pasaran tiempo con hombres mayores en los restaurantes y las calles, por lo que pregunt\u00f3 y le dijeron que en este pa\u00eds el tr\u00e1fico de infantes es muy elevado y tiene muchas relaciones complejas con el poder.<\/p>\n<p>Tuvo una crisis y sinti\u00f3 gran culpa; opt\u00f3 por no verlos m\u00e1s, pero despu\u00e9s decidi\u00f3 que deb\u00eda hacer algo y se le ocurri\u00f3 danzar con ellos porque la buscaban mucho.<\/p>\n<p>Fue una experiencia que le hizo repensar su posici\u00f3n. \u201cMe sent\u00eda mal porque yo recib\u00eda una beca de la Fundaci\u00f3n Ford en un pa\u00eds muy pobre y ellos estaban en esta situaci\u00f3n, as\u00ed que decid\u00ed actuar a trav\u00e9s de lo que yo sab\u00eda: la danza\u201d.<\/p>\n<p>Se propuso darle a los ni\u00f1os clases de danza durante dos horas diarias y a trav\u00e9s de ejercicios ayudarles a crear una sensibilizaci\u00f3n y reflexi\u00f3n sobre sus cuerpos.<\/p>\n<p>\u201cPorque en muchos pa\u00edses, en Asia, en la India, seguramente tambi\u00e9n aqu\u00ed, tenemos pena, verg\u00fcenza de hablar de ciertas partes de nuestro cuerpo. \u00bfPor qu\u00e9 ocurre esto? \u00bfQu\u00e9 hay detr\u00e1s de nuestras reacciones de silencio y risas?\u201d, cuestion\u00f3 a j\u00f3venes y adultos, profesores y estudiantes que colmaron las butacas del recinto.<\/p>\n<p>Recalc\u00f3 que, por principio, \u201csi buscamos establecer una comunicaci\u00f3n se debe mirar con grandes ojos, escuchar con orejas de elefante y abrir el coraz\u00f3n, \u00e9sta es la base de mi trabajo\u201d, puntualiz\u00f3.<\/p>\n<p>Detall\u00f3 que para lograr su experiencia en Camboya tuvo que documentarse, estudiar sobre el cuerpo y sobre la situaci\u00f3n del tr\u00e1fico infantil.<\/p>\n<p>\u201c\u00bfPor qu\u00e9 pierdo dos horas de sue\u00f1o leyendo, estudiando teor\u00eda? He perdido muchos cabellos pensando c\u00f3mo ayudar a las personas, pero es algo que debo hacer, no puedo mirar para otro lado y hacer como si no nada pasara\u201d, afirm\u00f3.<\/p>\n<p>Al dirigirse a los estudiantes recalc\u00f3 la necesidad de conocer la historia, no s\u00f3lo de la danza sino de sus or\u00edgenes, para comprender su significado y entender c\u00f3mo puede ayudar a las personas.<\/p>\n<p>Actualmente en varios pa\u00edses imparte talleres con una forma de danza que cre\u00f3, Katandi, a partir de las tradiciones de la India, la utiliza con las comunidades en donde trabaja sobre la equidad de g\u00e9nero y la violencia contra las mujeres.<\/p>\n<p>&nbsp;<\/p>\n<div id=\"attachment_53344\" style=\"width: 732px\" class=\"wp-caption aligncenter\"><a href=\"https:\/\/www.uv.mx\/prensa\/files\/2018\/09\/100918-CULTURA-Sangeeta-2.jpg\"><img loading=\"lazy\" decoding=\"async\" aria-describedby=\"caption-attachment-53344\" class=\"size-full wp-image-53344\" src=\"https:\/\/www.uv.mx\/prensa\/files\/2018\/09\/100918-CULTURA-Sangeeta-2.jpg\" alt=\"\" width=\"722\" height=\"482\" srcset=\"https:\/\/www.uv.mx\/prensa\/files\/2018\/09\/100918-CULTURA-Sangeeta-2.jpg 722w, https:\/\/www.uv.mx\/prensa\/files\/2018\/09\/100918-CULTURA-Sangeeta-2-300x200.jpg 300w\" sizes=\"auto, (max-width: 722px) 100vw, 722px\" \/><\/a><p id=\"caption-attachment-53344\" class=\"wp-caption-text\">La bailarina y activista social se present\u00f3 en el Foro \u201cTorre Lapham\u201d de la Unidad de Artes Pl\u00e1sticas<\/p><\/div>\n","protected":false},"excerpt":{"rendered":"<p>\u201cHe perdido muchos cabellos pensando c\u00f3mo ayudar a las personas, pero es algo que debo hacer, no puedo mirar para otro lado y hacer como si no nada pasara\u201d<\/p>\n","protected":false},"author":1869,"featured_media":53346,"comment_status":"closed","ping_status":"closed","sticky":false,"template":"","format":"standard","meta":{"footnotes":""},"categories":[11],"tags":[],"class_list":["post-53336","post","type-post","status-publish","format-standard","has-post-thumbnail","hentry","category-cultura"],"_links":{"self":[{"href":"https:\/\/www.uv.mx\/prensa\/wp-json\/wp\/v2\/posts\/53336","targetHints":{"allow":["GET"]}}],"collection":[{"href":"https:\/\/www.uv.mx\/prensa\/wp-json\/wp\/v2\/posts"}],"about":[{"href":"https:\/\/www.uv.mx\/prensa\/wp-json\/wp\/v2\/types\/post"}],"author":[{"embeddable":true,"href":"https:\/\/www.uv.mx\/prensa\/wp-json\/wp\/v2\/users\/1869"}],"replies":[{"embeddable":true,"href":"https:\/\/www.uv.mx\/prensa\/wp-json\/wp\/v2\/comments?post=53336"}],"version-history":[{"count":0,"href":"https:\/\/www.uv.mx\/prensa\/wp-json\/wp\/v2\/posts\/53336\/revisions"}],"wp:featuredmedia":[{"embeddable":true,"href":"https:\/\/www.uv.mx\/prensa\/wp-json\/wp\/v2\/media\/53346"}],"wp:attachment":[{"href":"https:\/\/www.uv.mx\/prensa\/wp-json\/wp\/v2\/media?parent=53336"}],"wp:term":[{"taxonomy":"category","embeddable":true,"href":"https:\/\/www.uv.mx\/prensa\/wp-json\/wp\/v2\/categories?post=53336"},{"taxonomy":"post_tag","embeddable":true,"href":"https:\/\/www.uv.mx\/prensa\/wp-json\/wp\/v2\/tags?post=53336"}],"curies":[{"name":"wp","href":"https:\/\/api.w.org\/{rel}","templated":true}]}}