{"id":53143,"date":"2018-09-05T20:22:27","date_gmt":"2018-09-06T01:22:27","guid":{"rendered":"https:\/\/www.uv.mx\/prensa\/?p=53143"},"modified":"2021-11-29T12:58:55","modified_gmt":"2021-11-29T18:58:55","slug":"artes-escenicas-han-requerido-de-disciplinas-cientificas","status":"publish","type":"post","link":"https:\/\/www.uv.mx\/prensa\/cultura\/artes-escenicas-han-requerido-de-disciplinas-cientificas\/","title":{"rendered":"Artes esc\u00e9nicas han requerido de disciplinas cient\u00edficas"},"content":{"rendered":"<ul>\n<li><i>\u201cCon el descubrimiento de las neuronas espejo se sugiere haber descubierto las bases neuronales de lo que Arist\u00f3teles llam\u00f3 m\u00edmesis, el rasgo que el animal humano comparte con otras especies\u201d<\/i><\/li>\n<\/ul>\n<div id=\"attachment_53152\" style=\"width: 732px\" class=\"wp-caption aligncenter\"><a href=\"https:\/\/www.uv.mx\/prensa\/files\/2018\/09\/050918-CULTURA-RELEVANTES-Artes-escenicas-100k.jpg\"><img aria-describedby=\"caption-attachment-53152\" decoding=\"async\" loading=\"lazy\" class=\"size-full wp-image-53152\" src=\"https:\/\/www.uv.mx\/prensa\/files\/2018\/09\/050918-CULTURA-RELEVANTES-Artes-escenicas-100k.jpg\" alt=\"\" width=\"722\" height=\"481\" srcset=\"https:\/\/www.uv.mx\/prensa\/files\/2018\/09\/050918-CULTURA-RELEVANTES-Artes-escenicas-100k.jpg 722w, https:\/\/www.uv.mx\/prensa\/files\/2018\/09\/050918-CULTURA-RELEVANTES-Artes-escenicas-100k-300x200.jpg 300w\" sizes=\"(max-width: 722px) 100vw, 722px\" \/><\/a><p id=\"caption-attachment-53152\" class=\"wp-caption-text\">\u201cLa m\u00edmesis en los estudios teatrales contin\u00faa siendo incomprendida y reducida al tosco sentido de imitaci\u00f3n\u201d: Jos\u00e9 Ram\u00f3n Alc\u00e1ntara<\/p><\/div>\n<p><b><i>Karina de la Paz Reyes D\u00edaz<\/i><\/b><\/p>\n<p><b><i>05\/09\/18, Xalapa, Ver.- <\/i><\/b>El VI Coloquio Internacional sobre las Artes Esc\u00e9nicas, proyecto del cuerpo acad\u00e9mico (CA) Consolidado Teatro de la Universidad Veracruzana (UV), tuvo como primera conferencia magistral \u201cDe la natura a la cultura: el camino de la ciencia a las artes esc\u00e9nicas\u201d, a cargo del profesor e investigador em\u00e9rito de la Universidad Iberoamericana Ciudad de M\u00e9xico, Jos\u00e9 Ram\u00f3n Alc\u00e1ntara Mej\u00eda.<\/p>\n<p>El 4 de septiembre en la sala de videoconferencias de la Unidad de Servicios Bibliotecarios y de Informaci\u00f3n (USBI), el te\u00f3rico coment\u00f3 que hace alrededor de 20 a\u00f1os a la fecha se ha dado una fusi\u00f3n entre las artes esc\u00e9nicas y las investigaciones cient\u00edficas.<\/p>\n<p>Aclar\u00f3 que en la d\u00e9cada de 1960 sali\u00f3 a relucir algo llamado \u201cla ciencia del teatro\u201d, que m\u00e1s bien era la continuidad de lo que el estructuralismo hab\u00eda propuesto. Para \u00e9l, \u201cera una visi\u00f3n un tanto positivista del siglo XIX que hab\u00eda sido arrastrada al XX, en el cual todas las disciplinas no cient\u00edficas quer\u00edan encontrar un lugar dentro del sistema de conocimiento, y el camino era decir \u2018la ciencia del teatro\u2019, \u2018la ciencia de la literatura\u2019, etc\u00e9tera, pero sin tener una base cient\u00edfica. Era puramente el deseo de participar en el discurso que se estaba dando en aquel tiempo\u201d.<\/p>\n<p>Su conferencia parti\u00f3 de las ciencias naturales, aquellas que tienen que ver con la naturaleza del cuerpo del ser humano. Se refiri\u00f3, concretamente, al encuentro entre las ciencias que se est\u00e1n interesando en el teatro y viceversa, as\u00ed como al fil\u00f3sofo Arist\u00f3teles.<\/p>\n<p>\u201cCon el descubrimiento de las neuronas espejo se sugiere haber descubierto las bases neuronales de lo que Arist\u00f3teles llam\u00f3 <i>m\u00edmesis<\/i>, el rasgo que el animal humano comparte con otras especies, y del cual deriva una forma particular de placer y conocimiento\u201d, precis\u00f3.<\/p>\n<p>Es m\u00e1s, dijo: \u201cSi la realidad es una construcci\u00f3n en flujo constante, entonces su manifestaci\u00f3n presentada por la <i>m\u00edmesis<\/i> en el artefacto est\u00e9tico no puede sino tener las mismas caracter\u00edsticas; es decir, el arte responde tanto a los cambios sociales como a las estructuras biogen\u00e9ticas del organismo humano en su relaci\u00f3n con el medio ambiente\u201d.<\/p>\n<p>Para \u00e9l, no es posible hablar del desarrollo de las artes esc\u00e9nicas sin tomar en cuenta los aportes de las disciplinas cient\u00edficas que han avanzado paralelamente a ellas. No obstante, dijo que a\u00fan es necesario \u201cpuentear\u201d una brecha conceptual que tiene que ver con la resistencia de la teor\u00eda teatral contempor\u00e1nea a contemplarse a s\u00ed misma en t\u00e9rmino evolutivos, en lugar de las rupturas con las construcciones te\u00f3ricas que le anteceden.<\/p>\n<p>\u201cQuiz\u00e1 elaborando uno de esos conceptos fundamentales de la teor\u00eda teatral y cotejando con investigaci\u00f3n cient\u00edfica en torno a \u00e9l, podemos entender mejor en qu\u00e9 consiste el puente al que me refiero: se trata del ya muy aporreado y casi sometido a juicio inquisitorial concepto de <i>m\u00edmesis<\/i>. Una palabra que no obstante haber sido reivindicada por la filosof\u00eda y las ciencias desde la segunda mitad del siglo XX, en los estudios teatrales contin\u00faa siendo incomprendida y reducida al tosco sentido de imitaci\u00f3n.\u201d<\/p>\n<p>A manera de conclusi\u00f3n, el te\u00f3rico dijo que ampliar el sentido de la <i>m\u00edmesis<\/i> a partir de las actuales indagaciones cient\u00edficas y filos\u00f3ficas, abre un amplio territorio de investigaci\u00f3n en las artes esc\u00e9nicas no s\u00f3lo en torno al concepto mismo, que ya no puede interpretarse s\u00f3lo en el sentido aristot\u00e9lico, sino sobre otros aspectos fundamentales del teatro que hoy en d\u00eda est\u00e1n emergiendo.<\/p>\n<p>Esta primera conferencia del VI Coloquio Internacional sobre las Artes Esc\u00e9nicas, al que convoc\u00f3 la Maestr\u00eda en Artes Esc\u00e9nicas y el Centro de Estudios, Creaci\u00f3n y Documentaci\u00f3n de las Artes de la UV, fue moderada por el actor y acad\u00e9mico de la Facultad de Teatro, Domingo Adame.<\/p>\n","protected":false},"excerpt":{"rendered":"<p>Jos\u00e9 Ram\u00f3n Alc\u00e1ntara imparti\u00f3 la primera conferencia magistral del VI Coloquio Internacional sobre las Artes Esc\u00e9nicas<\/p>\n","protected":false},"author":1775,"featured_media":53152,"comment_status":"closed","ping_status":"closed","sticky":false,"template":"","format":"standard","meta":[],"categories":[11],"tags":[1505,753,5481,738,5741,752,3275,5743,4015,1160,5742],"_links":{"self":[{"href":"https:\/\/www.uv.mx\/prensa\/wp-json\/wp\/v2\/posts\/53143"}],"collection":[{"href":"https:\/\/www.uv.mx\/prensa\/wp-json\/wp\/v2\/posts"}],"about":[{"href":"https:\/\/www.uv.mx\/prensa\/wp-json\/wp\/v2\/types\/post"}],"author":[{"embeddable":true,"href":"https:\/\/www.uv.mx\/prensa\/wp-json\/wp\/v2\/users\/1775"}],"replies":[{"embeddable":true,"href":"https:\/\/www.uv.mx\/prensa\/wp-json\/wp\/v2\/comments?post=53143"}],"version-history":[{"count":1,"href":"https:\/\/www.uv.mx\/prensa\/wp-json\/wp\/v2\/posts\/53143\/revisions"}],"predecessor-version":[{"id":106264,"href":"https:\/\/www.uv.mx\/prensa\/wp-json\/wp\/v2\/posts\/53143\/revisions\/106264"}],"wp:featuredmedia":[{"embeddable":true,"href":"https:\/\/www.uv.mx\/prensa\/wp-json\/wp\/v2\/media\/53152"}],"wp:attachment":[{"href":"https:\/\/www.uv.mx\/prensa\/wp-json\/wp\/v2\/media?parent=53143"}],"wp:term":[{"taxonomy":"category","embeddable":true,"href":"https:\/\/www.uv.mx\/prensa\/wp-json\/wp\/v2\/categories?post=53143"},{"taxonomy":"post_tag","embeddable":true,"href":"https:\/\/www.uv.mx\/prensa\/wp-json\/wp\/v2\/tags?post=53143"}],"curies":[{"name":"wp","href":"https:\/\/api.w.org\/{rel}","templated":true}]}}