{"id":52634,"date":"2018-08-29T15:34:40","date_gmt":"2018-08-29T20:34:40","guid":{"rendered":"https:\/\/www.uv.mx\/prensa\/?p=52634"},"modified":"2018-08-30T10:59:41","modified_gmt":"2018-08-30T15:59:41","slug":"politica-educativa-de-gobierno-entrante-una-regresion-investigador-uaq","status":"publish","type":"post","link":"https:\/\/www.uv.mx\/prensa\/general\/politica-educativa-de-gobierno-entrante-una-regresion-investigador-uaq\/","title":{"rendered":"Pol\u00edtica educativa de gobierno entrante, una regresi\u00f3n: investigador UAQ"},"content":{"rendered":"<ul>\n<li><i>C<\/i><i>onsider\u00f3 que algo que debe mantenerse es la obligatoriedad de la evaluaci\u00f3n para ingresar al servicio docente<\/i><i>; <\/i><i>de eliminarse s\u00f3lo habr\u00e1 beneficios para los l\u00edderes sindicales<\/i><\/li>\n<\/ul>\n<p>&nbsp;<\/p>\n<div id=\"attachment_52649\" style=\"width: 732px\" class=\"wp-caption aligncenter\"><a href=\"https:\/\/www.uv.mx\/prensa\/files\/2018\/08\/280818-PAOLA-Libro-IIH-S-1.jpg\"><img loading=\"lazy\" decoding=\"async\" aria-describedby=\"caption-attachment-52649\" class=\"size-full wp-image-52649\" src=\"https:\/\/www.uv.mx\/prensa\/files\/2018\/08\/280818-PAOLA-Libro-IIH-S-1.jpg\" alt=\"\" width=\"722\" height=\"482\" srcset=\"https:\/\/www.uv.mx\/prensa\/files\/2018\/08\/280818-PAOLA-Libro-IIH-S-1.jpg 722w, https:\/\/www.uv.mx\/prensa\/files\/2018\/08\/280818-PAOLA-Libro-IIH-S-1-300x200.jpg 300w\" sizes=\"auto, (max-width: 722px) 100vw, 722px\" \/><\/a><p id=\"caption-attachment-52649\" class=\"wp-caption-text\">Marian Mendoza, Elizabeth Ocampo, Pedro Flores y Yadira Romero, durante la presentaci\u00f3n<\/p><\/div>\n<p>&nbsp;<\/p>\n<p><b><i>Paola Cort\u00e9s P\u00e9rez<\/i><\/b><\/p>\n<p><b><i>29\/08\/2018, Xalapa, ver.-<\/i><\/b> Pedro Flores Crespo, investigador de la Universidad Aut\u00f3noma de Quer\u00e9taro (UAQ), present\u00f3 en la Universidad Veracruzana (UV) el libro <i>Educaci\u00f3n, pol\u00edticas p\u00fablicas y cultura<\/i>, publicado por el Centro de Cooperaci\u00f3n Regional para la Educaci\u00f3n de Adultos en Am\u00e9rica Latina y el Caribe (CREFAL), y advirti\u00f3 que la pol\u00edtica educativa propuesta por el equipo del presidente electo deja ver \u201crasgos bastante ominosos\u201d.<\/p>\n<p>El evento se realiz\u00f3 el pasado 22 de agosto en el Auditorio \u201cGonzalo Aguirre Beltr\u00e1n\u201d del <a href=\"https:\/\/www.uv.mx\/iihs\/\">Instituto de Investigaciones Hist\u00f3rico-Sociales,<\/a> y fue organizado por el Doctorado en Historia y Estudios Regionales, la Maestr\u00eda en Ciencias Sociales y el cuerpo acad\u00e9mico (CA) Estudios Sociopol\u00edticos.<\/p>\n<p>Los comentarios estuvieron a cargo de Elizabeth Ocampo G\u00f3mez, investigadora adscrita al Instituto de Investigaciones en Educaci\u00f3n (IIE), y Marian Mendoza G\u00f3mez, profesora de la Universidad Pedag\u00f3gica Veracruzana (UPV), moderadas por Yadira Romero L\u00f3pez.<\/p>\n<p>Pedro Flores dijo que ve rasgos \u201cominosos\u201d en la pol\u00edtica educativa del gobierno entrante: por un discurso m\u00e1s basado en la ocurrencia que en la evidencia, y por el empoderamiento de una l\u00edder (en referencia a Elba Esther Gordillo) que utilizar\u00e1 el discurso, los s\u00edmbolos, las simpat\u00edas, para retomar el poder del sindicato magisterial.<\/p>\n<p>Sobre el mensaje ofrecido por Elba Esther Gordillo, opin\u00f3 que sali\u00f3 muy empoderada y victimizando al magisterio: \u201cte voy a proteger, mira todo lo que te hicieron, yo te voy a cuidar\u201d, lo cual es una regresi\u00f3n en t\u00e9rminos democr\u00e1ticos y modernos.<\/p>\n<p>Adem\u00e1s, \u201cni el presidente electo ni ella han hablado de que las nuevas pol\u00edticas logren la autonom\u00eda e independencia del magisterio; lo que veo es que eso no va a ocurrir\u201d.<\/p>\n<p>Por el contrario, dijo que el discurso es de protecci\u00f3n a un adulto que tiene responsabilidad, cuando el gobierno deber\u00eda crear las condiciones para que los profesores tengan mayor libertad para organizar y pensar las trayectorias acad\u00e9micas; de lograrse, \u00e9ste s\u00ed ser\u00eda un elemento de la cuarta transformaci\u00f3n.<\/p>\n<p>\u201cEn esto debe pensarse y s\u00ed me parece que hay signos ominosos de la pol\u00edtica educativa de M\u00e9xico en el futuro\u201d, reiter\u00f3 el investigador de la Facultad de Ciencias Pol\u00edticas y Sociales de la UAQ.<\/p>\n<p>Dijo que en efecto hay muchas cosas que no funcionan de la Reforma Educativa, pero consider\u00f3 que algo que debe mantenerse es la obligatoriedad de la evaluaci\u00f3n para ingresar al servicio docente; de eliminarse s\u00f3lo habr\u00e1 beneficios para los l\u00edderes sindicales, \u201cesto debe defenderse en la deliberaci\u00f3n p\u00fablica y seguramente el gobierno entrante lo har\u00e1 mal\u201d.<\/p>\n<p>Con respecto al libro, detall\u00f3 que est\u00e1 conformado por seis cap\u00edtulos que compilan los art\u00edculos que escribi\u00f3 en el suplemento \u201cCampus\u201d del peri\u00f3dico <i>Milenio<\/i>, en el periodo 2013-2016: An\u00e1lisis de las pol\u00edticas p\u00fablicas; Desigualdad y justicia social; Ciudadan\u00eda y democracia; Universidad cr\u00edtica; Arte y cultura, y Ciencias Sociales: el papel de los intelectuales.<\/p>\n<p>Marian Mendoza mencion\u00f3 que este libro y el trabajo realizado por el autor son fundamentales en este momento que se vive una transici\u00f3n partidista, por ello deben examinarse minuciosamente los objetivos, intereses, actores, m\u00e9todos, valores y principios, de la agenda educativa del gobierno federal y estatal que tomar\u00e1 el poder.<\/p>\n<p>\u201cEsta revisi\u00f3n es fundamental para tomar decisiones que atiendan las demandas de una sociedad que no s\u00f3lo es desigual, sino tambi\u00e9n heterog\u00e9nea e injusta, lo que implica un reto muy grande para el sistema educativo, sobre todo en la definici\u00f3n del ideal de sociedad que buscamos.\u201d<\/p>\n<p>En tanto, Elizabeth Ocampo indic\u00f3 que a trav\u00e9s del libro Pedro Flores acerca al p\u00fablico no acad\u00e9mico a temas pol\u00edticos de importancia nacional, \u201cpone al descubierto las incongruencias del sistema, de instituciones, individuos y dirigentes, al tiempo que busca compartir aprendizajes y presenta alternativas\u201d.<\/p>\n<p>&nbsp;<\/p>\n<div id=\"attachment_52651\" style=\"width: 732px\" class=\"wp-caption aligncenter\"><a href=\"https:\/\/www.uv.mx\/prensa\/files\/2018\/08\/280818-PAOLA-Libro-IIH-S-2.jpg\"><img loading=\"lazy\" decoding=\"async\" aria-describedby=\"caption-attachment-52651\" class=\"size-full wp-image-52651\" src=\"https:\/\/www.uv.mx\/prensa\/files\/2018\/08\/280818-PAOLA-Libro-IIH-S-2.jpg\" alt=\"\" width=\"722\" height=\"482\" srcset=\"https:\/\/www.uv.mx\/prensa\/files\/2018\/08\/280818-PAOLA-Libro-IIH-S-2.jpg 722w, https:\/\/www.uv.mx\/prensa\/files\/2018\/08\/280818-PAOLA-Libro-IIH-S-2-300x200.jpg 300w\" sizes=\"auto, (max-width: 722px) 100vw, 722px\" \/><\/a><p id=\"caption-attachment-52651\" class=\"wp-caption-text\">Pedro Flores present\u00f3 el libro Educaci\u00f3n, pol\u00edticas p\u00fablicas y cultura<\/p><\/div>\n","protected":false},"excerpt":{"rendered":"<p>El gobierno deber\u00eda crear las condiciones para que los profesores tengan mayor libertad para organizar y pensar las trayectorias acad\u00e9micas: Pedro Flores Crespo <\/p>\n","protected":false},"author":1869,"featured_media":52651,"comment_status":"closed","ping_status":"closed","sticky":false,"template":"","format":"standard","meta":{"footnotes":""},"categories":[1],"tags":[],"class_list":["post-52634","post","type-post","status-publish","format-standard","has-post-thumbnail","hentry","category-general"],"_links":{"self":[{"href":"https:\/\/www.uv.mx\/prensa\/wp-json\/wp\/v2\/posts\/52634","targetHints":{"allow":["GET"]}}],"collection":[{"href":"https:\/\/www.uv.mx\/prensa\/wp-json\/wp\/v2\/posts"}],"about":[{"href":"https:\/\/www.uv.mx\/prensa\/wp-json\/wp\/v2\/types\/post"}],"author":[{"embeddable":true,"href":"https:\/\/www.uv.mx\/prensa\/wp-json\/wp\/v2\/users\/1869"}],"replies":[{"embeddable":true,"href":"https:\/\/www.uv.mx\/prensa\/wp-json\/wp\/v2\/comments?post=52634"}],"version-history":[{"count":0,"href":"https:\/\/www.uv.mx\/prensa\/wp-json\/wp\/v2\/posts\/52634\/revisions"}],"wp:featuredmedia":[{"embeddable":true,"href":"https:\/\/www.uv.mx\/prensa\/wp-json\/wp\/v2\/media\/52651"}],"wp:attachment":[{"href":"https:\/\/www.uv.mx\/prensa\/wp-json\/wp\/v2\/media?parent=52634"}],"wp:term":[{"taxonomy":"category","embeddable":true,"href":"https:\/\/www.uv.mx\/prensa\/wp-json\/wp\/v2\/categories?post=52634"},{"taxonomy":"post_tag","embeddable":true,"href":"https:\/\/www.uv.mx\/prensa\/wp-json\/wp\/v2\/tags?post=52634"}],"curies":[{"name":"wp","href":"https:\/\/api.w.org\/{rel}","templated":true}]}}