{"id":5239,"date":"2015-11-26T09:25:14","date_gmt":"2015-11-26T15:25:14","guid":{"rendered":"https:\/\/www.uv.mx\/prensa\/?p=5239"},"modified":"2015-11-26T11:17:23","modified_gmt":"2015-11-26T17:17:23","slug":"no-pense-que-hubiera-un-sorteo-tan-justo-alumno-de-fcas","status":"publish","type":"post","link":"https:\/\/www.uv.mx\/prensa\/general\/no-pense-que-hubiera-un-sorteo-tan-justo-alumno-de-fcas\/","title":{"rendered":"No pens\u00e9 que hubiera un sorteo tan justo: alumno de FCAS"},"content":{"rendered":"<p>&nbsp;<\/p>\n<ul>\n<li><em>Ganador del segundo premio del Sorteo UV para estudiantes<\/em><\/li>\n<li><em>Brandon obtuvo un cheque por la cantidad de 18 mil pesos<\/em><\/li>\n<\/ul>\n<p>&nbsp;<\/p>\n<p><strong><em>Claudia Peralta V\u00e1zquez<\/em><\/strong><\/p>\n<p>&nbsp;<\/p>\n<p>Brandon, alumno de la Facultad de Ciencias Administrativas y Sociales (FCAS) de la Universidad Veracruzana (UV), <em>campus<\/em> Xalapa, gan\u00f3 el segundo premio del Sorteo UV 2015 para estudiantes, correspondiente a un cheque por la cantidad de 18 mil pesos.<\/p>\n<p>El universitario comparti\u00f3 que no pens\u00f3 que hubiera un sorteo tan justo, tampoco imagin\u00f3 obtener algo, pues ya hab\u00eda participado en otros sorteos sin que la suerte le acompa\u00f1ara.<\/p>\n<p>La entrega del premio tuvo lugar este mi\u00e9rcoles 25 de noviembre, a cargo de Mauricio Garc\u00eda Vel\u00e1zquez, director del Sorteo UV, en el vest\u00edbulo del Gimnasio Universitario \u201cMiguel \u00c1ngel R\u00edos\u201d.<\/p>\n<div id=\"attachment_5241\" style=\"width: 310px\" class=\"wp-caption aligncenter\"><a href=\"https:\/\/www.uv.mx\/prensa\/files\/2015\/11\/Sorteo-UV-estudiantes-1-25.jpg\"><img aria-describedby=\"caption-attachment-5241\" decoding=\"async\" loading=\"lazy\" class=\"size-medium wp-image-5241\" src=\"https:\/\/www.uv.mx\/prensa\/files\/2015\/11\/Sorteo-UV-estudiantes-1-25-300x200.jpg\" alt=\"Mauricio Garc\u00eda Vel\u00e1zquez.\" width=\"300\" height=\"200\" srcset=\"https:\/\/www.uv.mx\/prensa\/files\/2015\/11\/Sorteo-UV-estudiantes-1-25-300x200.jpg 300w, https:\/\/www.uv.mx\/prensa\/files\/2015\/11\/Sorteo-UV-estudiantes-1-25-1024x684.jpg 1024w\" sizes=\"(max-width: 300px) 100vw, 300px\" \/><\/a><p id=\"caption-attachment-5241\" class=\"wp-caption-text\">Mauricio Garc\u00eda Vel\u00e1zquez.<\/p><\/div>\n<p>El joven de 20 a\u00f1os de edad y oriundo de la ciudad de Xalapa coment\u00f3 que es la primera vez que participa en la venta de boletos para el Sorteo Magno, mismo que se realizar\u00e1 el pr\u00f3ximo 20 de diciembre, en la USBI Xalapa, a partir de las 10:00 horas.<\/p>\n<p>Expres\u00f3 que tras recibir la noticia sinti\u00f3 mucha emoci\u00f3n e inmediatamente se lo comunic\u00f3 a su abuelita, quien no cre\u00eda que fuera posible. \u201cAl checar la p\u00e1gina del Sorteo UV me convenc\u00ed de que era una realidad\u201d.<\/p>\n<p>Brandon a\u00f1adi\u00f3 que primero pens\u00f3 invertir este recurso en sus estudios, pero finalmente hizo otras compras muy necesarias.<\/p>\n<div id=\"attachment_5242\" style=\"width: 310px\" class=\"wp-caption aligncenter\"><a href=\"https:\/\/www.uv.mx\/prensa\/files\/2015\/11\/Sorteo-UV-estudiantes-2-25.jpg\"><img aria-describedby=\"caption-attachment-5242\" decoding=\"async\" loading=\"lazy\" class=\"size-medium wp-image-5242\" src=\"https:\/\/www.uv.mx\/prensa\/files\/2015\/11\/Sorteo-UV-estudiantes-2-25-300x204.jpg\" alt=\"Arelis, estudiante del \u00c1rea Acad\u00e9mica Econ\u00f3mico-Administrativa.\" width=\"300\" height=\"204\" srcset=\"https:\/\/www.uv.mx\/prensa\/files\/2015\/11\/Sorteo-UV-estudiantes-2-25-300x204.jpg 300w, https:\/\/www.uv.mx\/prensa\/files\/2015\/11\/Sorteo-UV-estudiantes-2-25.jpg 919w\" sizes=\"(max-width: 300px) 100vw, 300px\" \/><\/a><p id=\"caption-attachment-5242\" class=\"wp-caption-text\">Arelis, estudiante del \u00c1rea Acad\u00e9mica Econ\u00f3mico-Administrativa.<\/p><\/div>\n<p>Comparti\u00f3 que antes de ingresar a la Universidad no ten\u00eda referencia alguna del Sorteo UV, ahora est\u00e1 consciente del noble objetivo que persigue: cubrir las necesidades de estudiantes y de las facultades que integran la m\u00e1xima casa de estudios.<\/p>\n<p>El Sorteo UV 2015 para estudiantes se realiz\u00f3 el 11 de noviembre en la Unidad de Servicios Bibliotecarios y de Servicios (USBI) de Poza Rica, se determinaron 65 ganadores m\u00e1s.<\/p>\n<p>Una de ellas es Arelis, estudiante del \u00c1rea Acad\u00e9mica Econ\u00f3mico-Administrativa, quien gan\u00f3 un tel\u00e9fono celular y un cheque por la cantidad de tres mil pesos.<\/p>\n<p>\u201cFue una emoci\u00f3n para todos y a partir de mi experiencia muchos de mis compa\u00f1eros se han motivado en participar en la edici\u00f3n 2016 del Sorteo UV.\u201d<\/p>\n<div id=\"attachment_5243\" style=\"width: 310px\" class=\"wp-caption aligncenter\"><a href=\"https:\/\/www.uv.mx\/prensa\/files\/2015\/11\/Sorteo-UV-estudiantes-3-25.jpg\"><img aria-describedby=\"caption-attachment-5243\" decoding=\"async\" loading=\"lazy\" class=\"size-medium wp-image-5243\" src=\"https:\/\/www.uv.mx\/prensa\/files\/2015\/11\/Sorteo-UV-estudiantes-3-25-300x191.jpg\" alt=\"Mauricio Garc\u00eda y Brandon, ganador del segundo premio del Sorteo UV 2015 para Estudiantes.\" width=\"300\" height=\"191\" srcset=\"https:\/\/www.uv.mx\/prensa\/files\/2015\/11\/Sorteo-UV-estudiantes-3-25-300x191.jpg 300w, https:\/\/www.uv.mx\/prensa\/files\/2015\/11\/Sorteo-UV-estudiantes-3-25-1024x652.jpg 1024w\" sizes=\"(max-width: 300px) 100vw, 300px\" \/><\/a><p id=\"caption-attachment-5243\" class=\"wp-caption-text\">Mauricio Garc\u00eda y Brandon, ganador del segundo premio del Sorteo UV 2015 para Estudiantes.<\/p><\/div>\n<p>Este d\u00eda, otros 14 alumnos m\u00e1s de la regi\u00f3n Xalapa acudieron a recibir sus premios, entre los que destacan: un <em>kit<\/em> de c\u00f3mputo, dos equipos de telefon\u00eda celular, dos <em>iPads<\/em>, dos cheques de tres mil y seis de mil 500 pesos.<\/p>\n<p>La inversi\u00f3n total para los 65 premios ascendi\u00f3 a m\u00e1s de 309 mil pesos.<\/p>\n<p>Mauricio Garc\u00eda inform\u00f3 que dentro del Sorteo Magno se rifar\u00e1n m\u00e1s de cuatro millones de pesos en premios. Los resultados ser\u00e1n publicados el 23 de diciembre en el sitio <em>web<\/em> <a href=\"http:\/\/www.sorteouv.org.mx\">www.sorteouv.org.mx<\/a>, y en algunos peri\u00f3dicos de circulaci\u00f3n regional.<\/p>\n<p>Dicho evento, dijo, busca procurar recursos extra para ser destinados a los universitarios y a las facultades: \u201cSe trata de un programa que requiere del apoyo, compromiso y convencimiento de la comunidad universitaria\u201d.<\/p>\n<p>Anunci\u00f3 que el 19 de diciembre se llevar\u00e1 a cabo el segundo y \u00faltimo sorteo de colaboradores, en el cual se rifar\u00e1n alrededor de 600 mil pesos en premios.<\/p>\n<p>&nbsp;<\/p>\n","protected":false},"excerpt":{"rendered":"<p><em>Claudia Peralta.- <\/em><\/strong>Brandon, alumno de la Facultad de Ciencias Administrativas y Sociales (FCAS) de la Universidad Veracruzana (UV), campus Xalapa, gan\u00f3 el segundo premio del Sorteo UV 2015 para estudiantes, correspondiente a un cheque por la cantidad de 18 mil pesos.<\/p>\n","protected":false},"author":1810,"featured_media":5245,"comment_status":"closed","ping_status":"closed","sticky":false,"template":"","format":"standard","meta":[],"categories":[1],"tags":[3],"_links":{"self":[{"href":"https:\/\/www.uv.mx\/prensa\/wp-json\/wp\/v2\/posts\/5239"}],"collection":[{"href":"https:\/\/www.uv.mx\/prensa\/wp-json\/wp\/v2\/posts"}],"about":[{"href":"https:\/\/www.uv.mx\/prensa\/wp-json\/wp\/v2\/types\/post"}],"author":[{"embeddable":true,"href":"https:\/\/www.uv.mx\/prensa\/wp-json\/wp\/v2\/users\/1810"}],"replies":[{"embeddable":true,"href":"https:\/\/www.uv.mx\/prensa\/wp-json\/wp\/v2\/comments?post=5239"}],"version-history":[{"count":0,"href":"https:\/\/www.uv.mx\/prensa\/wp-json\/wp\/v2\/posts\/5239\/revisions"}],"wp:featuredmedia":[{"embeddable":true,"href":"https:\/\/www.uv.mx\/prensa\/wp-json\/wp\/v2\/media\/5245"}],"wp:attachment":[{"href":"https:\/\/www.uv.mx\/prensa\/wp-json\/wp\/v2\/media?parent=5239"}],"wp:term":[{"taxonomy":"category","embeddable":true,"href":"https:\/\/www.uv.mx\/prensa\/wp-json\/wp\/v2\/categories?post=5239"},{"taxonomy":"post_tag","embeddable":true,"href":"https:\/\/www.uv.mx\/prensa\/wp-json\/wp\/v2\/tags?post=5239"}],"curies":[{"name":"wp","href":"https:\/\/api.w.org\/{rel}","templated":true}]}}