{"id":51987,"date":"2018-08-21T10:28:46","date_gmt":"2018-08-21T15:28:46","guid":{"rendered":"https:\/\/www.uv.mx\/prensa\/?p=51987"},"modified":"2021-11-26T11:18:52","modified_gmt":"2021-11-26T17:18:52","slug":"uv-presento-libro-sobre-valle-de-perote","status":"publish","type":"post","link":"https:\/\/www.uv.mx\/prensa\/general\/uv-presento-libro-sobre-valle-de-perote\/","title":{"rendered":"UV present\u00f3 libro sobre valle de Perote"},"content":{"rendered":"<ul>\n<li><i>El texto es resultado del trabajo de colaboraci\u00f3n entre acad\u00e9micos de la UV y de la UNAM, con personal de la empresa Granjas Carroll de M\u00e9xico<\/i><\/li>\n<\/ul>\n<div id=\"attachment_51989\" style=\"width: 732px\" class=\"wp-caption aligncenter\"><a href=\"https:\/\/www.uv.mx\/prensa\/files\/2018\/08\/210818-GENERAL-Valle-de-Perote-100k.jpg\"><img loading=\"lazy\" decoding=\"async\" aria-describedby=\"caption-attachment-51989\" class=\"size-full wp-image-51989\" src=\"https:\/\/www.uv.mx\/prensa\/files\/2018\/08\/210818-GENERAL-Valle-de-Perote-100k.jpg\" alt=\"\" width=\"722\" height=\"542\" srcset=\"https:\/\/www.uv.mx\/prensa\/files\/2018\/08\/210818-GENERAL-Valle-de-Perote-100k.jpg 722w, https:\/\/www.uv.mx\/prensa\/files\/2018\/08\/210818-GENERAL-Valle-de-Perote-100k-300x225.jpg 300w\" sizes=\"auto, (max-width: 722px) 100vw, 722px\" \/><\/a><p id=\"caption-attachment-51989\" class=\"wp-caption-text\">Carlos Welsh, Ana Cecilia Travieso y Rafael Pati\u00f1o<\/p><\/div>\n<p><b><i>Carlos Hugo Hermida Rosales<\/i><\/b><\/p>\n<p><b><i>21\/08\/18, Xalapa, Ver.- <\/i><\/b>La Universidad Veracruzana (UV), a trav\u00e9s del <a href=\"https:\/\/www.uv.mx\/cienti\/\">Centro de Ciencias de la Tierra<\/a> (CCT), present\u00f3 el libro <i>Valle de Perote. Aspectos bioclim\u00e1ticos y socioecon\u00f3micos<\/i>, el viernes 17 de agosto en el auditorio de la Direcci\u00f3n General de Investigaciones.<\/p>\n<p>El texto fue coordinado por Carolina Andrea Ochoa Mart\u00ednez, t\u00e9cnica-acad\u00e9mica del CCT, es resultado de un trabajo colaborativo entre acad\u00e9micos de la UV y de la Universidad Nacional Aut\u00f3noma de M\u00e9xico (UNAM) con la empresa Granjas Carroll de M\u00e9xico (GCM).<\/p>\n<p>En la presentaci\u00f3n estuvieron presentes Ana Cecilia Travieso Bello, acad\u00e9mica de la Facultad de Econom\u00eda, y Rafael Pati\u00f1o P\u00e9rez, director de Ambiente y Energ\u00eda de GCM, moderados por Carlos Manuel Welsh Rodr\u00edguez, investigador del CCT.<\/p>\n<p>Los escritos incluidos en esta obra representan una aproximaci\u00f3n a la observaci\u00f3n, registro y an\u00e1lisis del comportamiento de ciertas variables ambientales y econ\u00f3micas del valle de Perote.<\/p>\n<p>La primera secci\u00f3n incluye datos descriptivos que permiten conocer la relevancia de la zona; la segunda, est\u00e1 dedicada a la investigaci\u00f3n, vinculaci\u00f3n y desarrollo, por lo que muestra informaci\u00f3n t\u00e9cnica conceptual, as\u00ed como algunos resultados preliminares del monitoreo meteorol\u00f3gico realizado en el valle de Perote.<\/p>\n<p>Ana Cecilia Travieso mencion\u00f3 que el texto hace un an\u00e1lisis general de caracter\u00edsticas f\u00edsicas del valle de Perote con \u00e9nfasis en la parte meteorol\u00f3gica y clim\u00e1tica, adem\u00e1s que presenta datos socioecon\u00f3micos de la zona.<\/p>\n<p>\u201cEl valor principal de esta obra es la capacidad de los autores para traducir aspectos acad\u00e9micos te\u00f3ricos y pr\u00e1cticos dif\u00edciles de entender en un lenguaje sencillo y claro para el p\u00fablico en general.\u201d<\/p>\n<p>A\u00f1adi\u00f3 que este volumen posee un gran valor para la poblaci\u00f3n local y que es un ejemplo de responsabilidad social de una empresa que genera un producto que beneficia a los habitantes de la regi\u00f3n, quienes pueden hacer uso de \u00e9l para instruirse en t\u00e9rminos de educaci\u00f3n ambiental.<\/p>\n<p>La docente manifest\u00f3 que una de las exigencias que hay tanto a nivel nacional como internacional es que las universidades se relacionen con el sector p\u00fablico y privado, y que este libro es un ejemplo de eso.<\/p>\n<p>\u201cLa Universidad debe resolver problemas sociales, atenderlos y transmitir conocimiento que pueda convertirse en pol\u00edtica p\u00fablica y estrategias de planeaci\u00f3n\u201d, enunci\u00f3.<\/p>\n<p>En tanto, Rafael Pati\u00f1o declar\u00f3 que el texto es resultado de un gran esfuerzo de colaboraci\u00f3n entre la iniciativa privada y la academia. \u201cNo es sencillo conseguir que se empaten los intereses de ambas partes y en este caso funcion\u00f3 muy bien\u201d, asever\u00f3.<\/p>\n<p>Asegur\u00f3 que el lenguaje del libro es accesible y sencillo para que cualquiera pueda leerlo, por lo que no resulta aburrido y demuestra que la ciencia no debe ser tediosa.<\/p>\n<p>\u201cTodos aquellos que colaboramos en la producci\u00f3n de esta obra deseamos que el p\u00fablico aproveche este esfuerzo que hoy presentamos\u201d, declar\u00f3.<\/p>\n","protected":false},"excerpt":{"rendered":"<p><em>Valle de Perote. Aspectos bioclim\u00e1ticos y socioecon\u00f3micos<\/em> es resultado de la colaboraci\u00f3n entre acad\u00e9micos de la UV, la UNAM y la empresa Granjas Carroll de M\u00e9xico<\/p>\n","protected":false},"author":1775,"featured_media":51989,"comment_status":"closed","ping_status":"closed","sticky":false,"template":"","format":"standard","meta":{"footnotes":""},"categories":[1],"tags":[2496,4161,3934,173,3932,3145,5619,5618,586,101,404],"class_list":["post-51987","post","type-post","status-publish","format-standard","has-post-thumbnail","hentry","category-general","tag-auditorio","tag-carlos-hugo-hermida-rosales","tag-carolina-andrea-ochoa-martinez","tag-cct","tag-centro-de-ciencias-de-la-tierra","tag-direccion-general-de-investigaciones","tag-gcm","tag-granjas-carroll-de-mexico","tag-libro","tag-unam","tag-universidad-nacional-autonoma-de-mexico"],"_links":{"self":[{"href":"https:\/\/www.uv.mx\/prensa\/wp-json\/wp\/v2\/posts\/51987","targetHints":{"allow":["GET"]}}],"collection":[{"href":"https:\/\/www.uv.mx\/prensa\/wp-json\/wp\/v2\/posts"}],"about":[{"href":"https:\/\/www.uv.mx\/prensa\/wp-json\/wp\/v2\/types\/post"}],"author":[{"embeddable":true,"href":"https:\/\/www.uv.mx\/prensa\/wp-json\/wp\/v2\/users\/1775"}],"replies":[{"embeddable":true,"href":"https:\/\/www.uv.mx\/prensa\/wp-json\/wp\/v2\/comments?post=51987"}],"version-history":[{"count":1,"href":"https:\/\/www.uv.mx\/prensa\/wp-json\/wp\/v2\/posts\/51987\/revisions"}],"predecessor-version":[{"id":106116,"href":"https:\/\/www.uv.mx\/prensa\/wp-json\/wp\/v2\/posts\/51987\/revisions\/106116"}],"wp:featuredmedia":[{"embeddable":true,"href":"https:\/\/www.uv.mx\/prensa\/wp-json\/wp\/v2\/media\/51989"}],"wp:attachment":[{"href":"https:\/\/www.uv.mx\/prensa\/wp-json\/wp\/v2\/media?parent=51987"}],"wp:term":[{"taxonomy":"category","embeddable":true,"href":"https:\/\/www.uv.mx\/prensa\/wp-json\/wp\/v2\/categories?post=51987"},{"taxonomy":"post_tag","embeddable":true,"href":"https:\/\/www.uv.mx\/prensa\/wp-json\/wp\/v2\/tags?post=51987"}],"curies":[{"name":"wp","href":"https:\/\/api.w.org\/{rel}","templated":true}]}}