{"id":51979,"date":"2018-08-21T10:16:04","date_gmt":"2018-08-21T15:16:04","guid":{"rendered":"https:\/\/www.uv.mx\/prensa\/?p=51979"},"modified":"2021-11-26T11:16:53","modified_gmt":"2021-11-26T17:16:53","slug":"agenda-2030-hito-diplomatico-y-politico-manuel-cuellar","status":"publish","type":"post","link":"https:\/\/www.uv.mx\/prensa\/general\/agenda-2030-hito-diplomatico-y-politico-manuel-cuellar\/","title":{"rendered":"Agenda 2030, hito diplom\u00e1tico y pol\u00edtico: Manuel Cu\u00e9llar"},"content":{"rendered":"<ul>\n<li><i>\u201cEl que tantos pa\u00edses con intereses y problem\u00e1ticas tan diversas hayan llegado a un acuerdo en torno al desarrollo sostenible, habla del compromiso de los l\u00edderes mundiales por hacer del planeta un lugar mejor\u201d<\/i><\/li>\n<\/ul>\n<div id=\"attachment_51980\" style=\"width: 732px\" class=\"wp-caption aligncenter\"><a href=\"https:\/\/www.uv.mx\/prensa\/files\/2018\/08\/210818-GENERAL-Catedra-INEGI-1-100k.jpg\"><img loading=\"lazy\" decoding=\"async\" aria-describedby=\"caption-attachment-51980\" class=\"size-full wp-image-51980\" src=\"https:\/\/www.uv.mx\/prensa\/files\/2018\/08\/210818-GENERAL-Catedra-INEGI-1-100k.jpg\" alt=\"\" width=\"722\" height=\"481\" srcset=\"https:\/\/www.uv.mx\/prensa\/files\/2018\/08\/210818-GENERAL-Catedra-INEGI-1-100k.jpg 722w, https:\/\/www.uv.mx\/prensa\/files\/2018\/08\/210818-GENERAL-Catedra-INEGI-1-100k-300x200.jpg 300w\" sizes=\"auto, (max-width: 722px) 100vw, 722px\" \/><\/a><p id=\"caption-attachment-51980\" class=\"wp-caption-text\">Manuel Cu\u00e9llar R\u00edo<\/p><\/div>\n<p><b><i>Carlos Hugo Hermida Rosales<\/i><\/b><\/p>\n<p><b><i>21\/08\/18, Xalapa, Ver.- <\/i><\/b>Manuel Cu\u00e9llar R\u00edo, director general adjunto de Integraci\u00f3n de Informaci\u00f3n del Instituto Nacional de Estad\u00edstica y Geograf\u00eda (INEGI), afirm\u00f3 que la Agenda 2030 para el desarrollo sostenible aprobada en septiembre de 2015 por la Asamblea General de la Organizaci\u00f3n de Naciones Unidas (ONU), es un hito diplom\u00e1tico y pol\u00edtico de envergadura mundial pues logr\u00f3 ser adoptada por todas las naciones que integran esta instituci\u00f3n.<\/p>\n<p>As\u00ed lo explic\u00f3 en la conferencia \u201cLos Objetivos de Desarrollo Sostenible\u201d, en el auditorio de la Direcci\u00f3n General de Investigaciones de la Universidad Veracruzana (UV), que imparti\u00f3 el jueves 16 de agosto como parte de la C\u00e1tedra INEGI.<\/p>\n<p>Este ejercicio es impulsado por la UV a trav\u00e9s del <a href=\"https:\/\/www.uv.mx\/iieses\/\">Instituto de Investigaciones y Estudios Superiores Econ\u00f3micos y Sociales<\/a> (IIESES) y la <a href=\"https:\/\/www.uv.mx\/cuo\/\" target=\"_blank\" rel=\"noopener\">Coordinaci\u00f3n Universitaria de Observatorios<\/a> (CUO) de la UV, en coordinaci\u00f3n con el INEGI, con sesiones los jueves comprendidos entre el 9 de agosto y el 15 de noviembre.<\/p>\n<p>Manuel Cu\u00e9llar destac\u00f3 que a diferencia de los Objetivos de Desarrollo del Milenio lanzados por la ONU en el a\u00f1o 2000, los cuales fueron elaborados por un grupo de expertos e incluyen s\u00f3lo ocho prop\u00f3sitos, la Agenda 2030 fue el resultado de un proceso de negociaci\u00f3n entre los 193 estados miembros de esta organizaci\u00f3n, en los que incluso particip\u00f3 la sociedad civil.<\/p>\n<p>\u201cEl que tantos pa\u00edses con intereses y problem\u00e1ticas tan diversas hayan llegado a un acuerdo<i> <\/i>en torno al desarrollo sostenible, habla del compromiso de los l\u00edderes mundiales por hacer del planeta un lugar mejor y de atacar los males que le aquejan como la pobreza, la desigualdad y la injusticia\u201d, enunci\u00f3.<\/p>\n<p>Relat\u00f3 que la Agenda 2030 contiene 17 Objetivos de Desarrollo Sostenible con 169 metas, entre los que se encuentran poner fin a la pobreza en todas sus formas en el mundo, reducir la desigualdad en y entre los pa\u00edses, garantizar modalidades de consumo y producci\u00f3n sostenibles, y adoptar medidas urgentes para combatir el cambio clim\u00e1tico y sus efectos.<\/p>\n<p>\u201cEstos objetivos no deben tratarse aisladamente sino verse como un todo, ya que ninguno se debe descuidar\u201d, asegur\u00f3.<\/p>\n<p>Manuel Cu\u00e9llar enfatiz\u00f3 que para que \u00e9stos lleguen a cumplirse, se requiere de un alto grado de alianzas y coordinaci\u00f3n entre todos los pa\u00edses del mundo, en distintos niveles como el pol\u00edtico y el estad\u00edstico.<\/p>\n<p>Mencion\u00f3 que a trav\u00e9s del INEGI, desde 2015 M\u00e9xico copreside el Grupo Interinstitucional y de Expertos sobre los Indicadores de los Objetivos de Desarrollo Sostenible, el cual se encarga de generar la propuesta del marco global de indicadores para darle seguimiento a la Agenda 2030.<\/p>\n<p>\u201cDurante este tiempo se ha llegado a la propuesta de 232 indicadores para darle seguimiento a esta agenda a nivel global\u201d, comparti\u00f3.<\/p>\n<p>Cu\u00e9llar R\u00edo manifest\u00f3 que en este rubro M\u00e9xico tiene muchos retos, ya que si bien como pa\u00eds genera indicadores para darle seguimiento a la Agenda 2030, esta necesidad de obtener informaci\u00f3n estad\u00edstica es compleja y costosa, por lo que se deben explorar nuevas fuentes de informaci\u00f3n.<\/p>\n<p>\u201cLa naci\u00f3n debe aprovechar sus registros administrativos para generar estad\u00edstica y as\u00ed obtener datos que no los brinda ninguna encuesta.\u201d<\/p>\n<p>El estad\u00edstico plante\u00f3 que para este fin se necesita encontrar los mejores mecanismos de coordinaci\u00f3n entre comit\u00e9s y consejos estatales que se han creado en mayor\u00eda de estados para la Agenda 2030, y los comit\u00e9s estatales de estad\u00edstica y geograf\u00eda.<\/p>\n<div id=\"attachment_51983\" style=\"width: 732px\" class=\"wp-caption aligncenter\"><a href=\"https:\/\/www.uv.mx\/prensa\/files\/2018\/08\/210818-GENERAL-Catedra-INEGI-2-100k.jpg\"><img loading=\"lazy\" decoding=\"async\" aria-describedby=\"caption-attachment-51983\" class=\"size-full wp-image-51983\" src=\"https:\/\/www.uv.mx\/prensa\/files\/2018\/08\/210818-GENERAL-Catedra-INEGI-2-100k.jpg\" alt=\"\" width=\"722\" height=\"481\" srcset=\"https:\/\/www.uv.mx\/prensa\/files\/2018\/08\/210818-GENERAL-Catedra-INEGI-2-100k.jpg 722w, https:\/\/www.uv.mx\/prensa\/files\/2018\/08\/210818-GENERAL-Catedra-INEGI-2-100k-300x200.jpg 300w\" sizes=\"auto, (max-width: 722px) 100vw, 722px\" \/><\/a><p id=\"caption-attachment-51983\" class=\"wp-caption-text\">Aspecto de la segunda sesi\u00f3n de la C\u00e1tedra INEGI<\/p><\/div>\n","protected":false},"excerpt":{"rendered":"<p>Contiene 17 Objetivos de Desarrollo Sostenible, entre los que se encuentra poner fin a la pobreza en todas sus formas<\/p>\n","protected":false},"author":1775,"featured_media":51980,"comment_status":"closed","ping_status":"closed","sticky":false,"template":"","format":"standard","meta":{"footnotes":""},"categories":[1],"tags":[1659,5617,2496,4161,657,591,2269,3145,341,2231,5616,5615,1661],"class_list":["post-51979","post","type-post","status-publish","format-standard","has-post-thumbnail","hentry","category-general","tag-agenda-2030","tag-asamblea-general-de-la-organizacion-de-naciones-unidas","tag-auditorio","tag-carlos-hugo-hermida-rosales","tag-catedra","tag-conferencia","tag-desarrollo-sostenible","tag-direccion-general-de-investigaciones","tag-inegi","tag-instituto-nacional-de-estadistica-y-geografia","tag-integracion-de-informacion","tag-manuel-cuellar-rio","tag-onu"],"_links":{"self":[{"href":"https:\/\/www.uv.mx\/prensa\/wp-json\/wp\/v2\/posts\/51979","targetHints":{"allow":["GET"]}}],"collection":[{"href":"https:\/\/www.uv.mx\/prensa\/wp-json\/wp\/v2\/posts"}],"about":[{"href":"https:\/\/www.uv.mx\/prensa\/wp-json\/wp\/v2\/types\/post"}],"author":[{"embeddable":true,"href":"https:\/\/www.uv.mx\/prensa\/wp-json\/wp\/v2\/users\/1775"}],"replies":[{"embeddable":true,"href":"https:\/\/www.uv.mx\/prensa\/wp-json\/wp\/v2\/comments?post=51979"}],"version-history":[{"count":1,"href":"https:\/\/www.uv.mx\/prensa\/wp-json\/wp\/v2\/posts\/51979\/revisions"}],"predecessor-version":[{"id":106115,"href":"https:\/\/www.uv.mx\/prensa\/wp-json\/wp\/v2\/posts\/51979\/revisions\/106115"}],"wp:featuredmedia":[{"embeddable":true,"href":"https:\/\/www.uv.mx\/prensa\/wp-json\/wp\/v2\/media\/51980"}],"wp:attachment":[{"href":"https:\/\/www.uv.mx\/prensa\/wp-json\/wp\/v2\/media?parent=51979"}],"wp:term":[{"taxonomy":"category","embeddable":true,"href":"https:\/\/www.uv.mx\/prensa\/wp-json\/wp\/v2\/categories?post=51979"},{"taxonomy":"post_tag","embeddable":true,"href":"https:\/\/www.uv.mx\/prensa\/wp-json\/wp\/v2\/tags?post=51979"}],"curies":[{"name":"wp","href":"https:\/\/api.w.org\/{rel}","templated":true}]}}