{"id":51682,"date":"2018-08-15T15:23:24","date_gmt":"2018-08-15T20:23:24","guid":{"rendered":"https:\/\/www.uv.mx\/prensa\/?p=51682"},"modified":"2018-08-16T11:09:06","modified_gmt":"2018-08-16T16:09:06","slug":"enfermeria-y-contaduria-y-administracion-tienen-nuevas-directoras","status":"publish","type":"post","link":"https:\/\/www.uv.mx\/prensa\/regiones\/coatzacoalcos\/enfermeria-y-contaduria-y-administracion-tienen-nuevas-directoras\/","title":{"rendered":"Enfermer\u00eda y Contadur\u00eda y Administraci\u00f3n tienen nuevas directoras"},"content":{"rendered":"<ul>\n<li><i>Relevan a Leticia Cortaza Ram\u00edrez y Jos\u00e9 Luis S\u00e1nchez Leyva<span class=\"Apple-converted-space\">\u00a0<\/span><\/i><\/li>\n<\/ul>\n<p>&nbsp;<\/p>\n<div id=\"attachment_51684\" style=\"width: 732px\" class=\"wp-caption aligncenter\"><a href=\"https:\/\/www.uv.mx\/prensa\/files\/2018\/08\/130818-CECILIA-Directoras2.jpg\"><img loading=\"lazy\" decoding=\"async\" aria-describedby=\"caption-attachment-51684\" class=\"size-full wp-image-51684\" src=\"https:\/\/www.uv.mx\/prensa\/files\/2018\/08\/130818-CECILIA-Directoras2.jpg\" alt=\"\" width=\"722\" height=\"481\" srcset=\"https:\/\/www.uv.mx\/prensa\/files\/2018\/08\/130818-CECILIA-Directoras2.jpg 722w, https:\/\/www.uv.mx\/prensa\/files\/2018\/08\/130818-CECILIA-Directoras2-300x200.jpg 300w\" sizes=\"auto, (max-width: 722px) 100vw, 722px\" \/><\/a><p id=\"caption-attachment-51684\" class=\"wp-caption-text\">Toma de protesta<\/p><\/div>\n<p>&nbsp;<\/p>\n<p><b><i>Cecilia Escribano Reyes<\/i><\/b><\/p>\n<p><b><i>15\/08\/\/18, Coatzacoalcos, Ver.- <\/i><\/b>Con fundamento en el Art\u00edculo 38 Fracci\u00f3n IX de la Ley Org\u00e1nica de la Universidad Veracruzana (UV), Mar\u00eda Teresa de la Luz Sainz Barajas y Esther Alice Jim\u00e9nez Z\u00fa\u00f1iga rindieron protesta el pasado viernes como nuevas directoras de las facultades de <a href=\"https:\/\/www.uv.mx\/coatza\/admon\/\">Contadur\u00eda y Administraci\u00f3n<\/a> (FCA) y de <a href=\"https:\/\/www.uv.mx\/coatza\/enfermeria\/\">Enfermer\u00eda<\/a>, respectivamente.<\/p>\n<p>En presencia de directores, secretarios regionales, coordinadores y el Secretario Regional de la Federaci\u00f3n Estatal de Sindicatos y Asociaciones del Personal Acad\u00e9mico de la Universidad Veracruzana (FESAPAUV), el<b><i> <\/i><\/b>vicerrector Carlos Lamothe Zavaleta tom\u00f3 protesta a ambas directoras y ley\u00f3 el nombramiento emitido por la rectora Sara Ladr\u00f3n de Guevara Gonz\u00e1lez.<\/p>\n<p>Sainz Barajas y Jim\u00e9nez Z\u00fa\u00f1iga protestaron cumplir y hacer cumplir la Ley Org\u00e1nica, la Ley de Autonom\u00eda de la UV, el Estatuto General, el Estatuto del Personal Acad\u00e9mico, el Estatuto de los Alumnos y los lineamientos para el control escolar.<\/p>\n<p>&nbsp;<\/p>\n<div id=\"attachment_51685\" style=\"width: 732px\" class=\"wp-caption aligncenter\"><a href=\"https:\/\/www.uv.mx\/prensa\/files\/2018\/08\/130818-CECILIA-Directoras3.jpg\"><img loading=\"lazy\" decoding=\"async\" aria-describedby=\"caption-attachment-51685\" class=\"size-full wp-image-51685\" src=\"https:\/\/www.uv.mx\/prensa\/files\/2018\/08\/130818-CECILIA-Directoras3.jpg\" alt=\"\" width=\"722\" height=\"481\" srcset=\"https:\/\/www.uv.mx\/prensa\/files\/2018\/08\/130818-CECILIA-Directoras3.jpg 722w, https:\/\/www.uv.mx\/prensa\/files\/2018\/08\/130818-CECILIA-Directoras3-300x200.jpg 300w\" sizes=\"auto, (max-width: 722px) 100vw, 722px\" \/><\/a><p id=\"caption-attachment-51685\" class=\"wp-caption-text\">Mar\u00eda Teresa de la Luz Sainz Barajas<\/p><\/div>\n<p>&nbsp;<\/p>\n<p>Mar\u00eda Teresa Sainz expres\u00f3 su agradecimiento por dirigir a la FCA: \u201cEsta Facultad es parte de mi vida y de mi familia, vengo a continuar con el trabajo de Jos\u00e9 Luis S\u00e1nchez Leyva, mi compromiso es asegurar que siga siendo la mejor Facultad del \u00c1rea Acad\u00e9mica Econ\u00f3mico-Administrativa\u201d.<\/p>\n<p>Por su parte, Esther Alice Jim\u00e9nez se\u00f1al\u00f3: \u201cEs un gran honor estar al frente de la Facultad de Enfermer\u00eda; agradezco la confianza depositada en m\u00ed, juntos trabajaremos para lograr las metas de esta instituci\u00f3n\u201d.<\/p>\n<p>Lamothe Zavaleta agreg\u00f3 que Leticia Cortaza Ram\u00edrez y Jos\u00e9 Luis S\u00e1nchez, directores salientes, realizaron una loable labor y extraordinaria direcci\u00f3n. \u201cAmbos tienen un amplio reconocimiento en la regi\u00f3n debido a los logros obtenidos y el compromiso con sus facultades\u201d.<\/p>\n<p>&nbsp;<\/p>\n<div id=\"attachment_51686\" style=\"width: 732px\" class=\"wp-caption aligncenter\"><a href=\"https:\/\/www.uv.mx\/prensa\/files\/2018\/08\/130818-CECILIA-Directoras4.jpg\"><img loading=\"lazy\" decoding=\"async\" aria-describedby=\"caption-attachment-51686\" class=\"size-full wp-image-51686\" src=\"https:\/\/www.uv.mx\/prensa\/files\/2018\/08\/130818-CECILIA-Directoras4.jpg\" alt=\"\" width=\"722\" height=\"481\" srcset=\"https:\/\/www.uv.mx\/prensa\/files\/2018\/08\/130818-CECILIA-Directoras4.jpg 722w, https:\/\/www.uv.mx\/prensa\/files\/2018\/08\/130818-CECILIA-Directoras4-300x200.jpg 300w\" sizes=\"auto, (max-width: 722px) 100vw, 722px\" \/><\/a><p id=\"caption-attachment-51686\" class=\"wp-caption-text\">Esther Alice Jim\u00e9nez Z\u00fa\u00f1iga<\/p><\/div>\n","protected":false},"excerpt":{"rendered":"<p>Se trata de Esther Alice Jim\u00e9nez Z\u00fa\u00f1iga y Mar\u00eda Teresa de la Luz Sainz Barajas, en la regi\u00f3n Coatzacoalcos-Minatitl\u00e1n<\/p>\n","protected":false},"author":1508,"featured_media":51683,"comment_status":"closed","ping_status":"closed","sticky":false,"template":"","format":"standard","meta":{"footnotes":""},"categories":[52],"tags":[],"class_list":["post-51682","post","type-post","status-publish","format-standard","has-post-thumbnail","hentry","category-coatzacoalcos"],"_links":{"self":[{"href":"https:\/\/www.uv.mx\/prensa\/wp-json\/wp\/v2\/posts\/51682","targetHints":{"allow":["GET"]}}],"collection":[{"href":"https:\/\/www.uv.mx\/prensa\/wp-json\/wp\/v2\/posts"}],"about":[{"href":"https:\/\/www.uv.mx\/prensa\/wp-json\/wp\/v2\/types\/post"}],"author":[{"embeddable":true,"href":"https:\/\/www.uv.mx\/prensa\/wp-json\/wp\/v2\/users\/1508"}],"replies":[{"embeddable":true,"href":"https:\/\/www.uv.mx\/prensa\/wp-json\/wp\/v2\/comments?post=51682"}],"version-history":[{"count":0,"href":"https:\/\/www.uv.mx\/prensa\/wp-json\/wp\/v2\/posts\/51682\/revisions"}],"wp:featuredmedia":[{"embeddable":true,"href":"https:\/\/www.uv.mx\/prensa\/wp-json\/wp\/v2\/media\/51683"}],"wp:attachment":[{"href":"https:\/\/www.uv.mx\/prensa\/wp-json\/wp\/v2\/media?parent=51682"}],"wp:term":[{"taxonomy":"category","embeddable":true,"href":"https:\/\/www.uv.mx\/prensa\/wp-json\/wp\/v2\/categories?post=51682"},{"taxonomy":"post_tag","embeddable":true,"href":"https:\/\/www.uv.mx\/prensa\/wp-json\/wp\/v2\/tags?post=51682"}],"curies":[{"name":"wp","href":"https:\/\/api.w.org\/{rel}","templated":true}]}}