{"id":51567,"date":"2018-08-14T10:00:57","date_gmt":"2018-08-14T15:00:57","guid":{"rendered":"https:\/\/www.uv.mx\/prensa\/?p=51567"},"modified":"2018-08-14T14:11:40","modified_gmt":"2018-08-14T19:11:40","slug":"la-palabra-y-el-hombre-dedica-nuevo-numero-a-la-cultura-veracruzana","status":"publish","type":"post","link":"https:\/\/www.uv.mx\/prensa\/cultura\/la-palabra-y-el-hombre-dedica-nuevo-numero-a-la-cultura-veracruzana\/","title":{"rendered":"<em>La Palabra y el Hombre<\/em> dedica nuevo n\u00famero a la cultura veracruzana"},"content":{"rendered":"<ul>\n<li><i>Contiene textos in\u00e9ditos, entre ellos cuentos, relatos, poes\u00eda y entrevistas de autores contempor\u00e1neos, oriundos del estado de Veracruz<\/i><\/li>\n<\/ul>\n<p>&nbsp;<\/p>\n<div id=\"attachment_51568\" style=\"width: 519px\" class=\"wp-caption aligncenter\"><a href=\"https:\/\/www.uv.mx\/prensa\/files\/2018\/08\/140818-CULTURA-Palabra-Hombre.jpg\"><img loading=\"lazy\" decoding=\"async\" aria-describedby=\"caption-attachment-51568\" class=\"size-full wp-image-51568\" src=\"https:\/\/www.uv.mx\/prensa\/files\/2018\/08\/140818-CULTURA-Palabra-Hombre.jpg\" alt=\"\" width=\"509\" height=\"722\" srcset=\"https:\/\/www.uv.mx\/prensa\/files\/2018\/08\/140818-CULTURA-Palabra-Hombre.jpg 509w, https:\/\/www.uv.mx\/prensa\/files\/2018\/08\/140818-CULTURA-Palabra-Hombre-211x300.jpg 211w\" sizes=\"auto, (max-width: 509px) 100vw, 509px\" \/><\/a><p id=\"caption-attachment-51568\" class=\"wp-caption-text\">N\u00famero 45 de<em> La Palabra y el Hombre<\/em><\/p><\/div>\n<p>&nbsp;<\/p>\n<p><b><i>Carlos Hugo Hermida Rosales<\/i><\/b><\/p>\n<p><b><i>14\/08\/18, Xalapa, Ver.- <\/i><\/b><i>La Palabra y el Hombre<\/i>, revista cultural de la editorial de la Universidad Veracruzana (UV), public\u00f3 su n\u00famero 45 que contiene textos in\u00e9ditos, entre los que se encuentran cuentos, relatos, poes\u00eda y entrevistas de autores contempor\u00e1neos oriundos de la entidad Veracruzana.<\/p>\n<p>Este n\u00famero incluye un dossier de Sebastian Fund Moscovich e im\u00e1genes en las p\u00e1ginas interiores de Paulina Vilchis y Atenea Castillo Baizabal.<\/p>\n<p><span class=\"Apple-converted-space\">\u00a0<\/span>Entre los escritos de este ejemplar est\u00e1n \u201cLa fuga\u201d, de Brianda Pineda Melgarejo, egresada de la Licenciatura de Lengua y Literatura Hisp\u00e1nicas de la UV; y \u201cMemorias de un amor plat\u00f3nico\u201d, de Claudia Ram\u00edrez, Licenciada en Lengua Francesa por la misma instituci\u00f3n educativa.<\/p>\n<p>Magali Velasco Vargas, directora de la Facultad de Letras Espa\u00f1olas, colabora con el texto \u201cTlacagore\u201d; V\u00edctor Sa\u00fal Villegas Mart\u00ednez, acad\u00e9mico de la misma entidad acad\u00e9mica, participa con \u201cEl SIDA en la obra de Pedro Lemebel\u201d; mientras que Pablo Sol Mora, colaborador de la revista <i>Letras Libres<\/i>, hace lo propio con \u201cLa musa secreta\u201d.<\/p>\n<p>Este ejemplar tambi\u00e9n incluye los poemas \u201cSi hubiera habido p\u00e1jaros, extranjera\u201d de Camila Krauss, editora, traductora y correctora de estilo; adem\u00e1s de \u201cPoemas\u201d, de Maliyel Beverido, coordinadora de la Casa del Lago, Centro Cultural Universitario.<\/p>\n<p>Celia del Palacio Montiel, coordinadora del Centro de Estudios de la Cultura y la Comunicaci\u00f3n, participa con \u201cEl proceso de creaci\u00f3n y rescate de la memoria\u201d, y Raciel Dam\u00f3n Mart\u00ednez G\u00f3mez, director general de Comunicaci\u00f3n Universitaria, lo hace con el texto \u201cEl cine en Veracruz\u201d.<\/p>\n<p>El ejemplar n\u00famero 45 de <i>La Palabra y el Hombre<\/i> se encuentra a la venta en la Editorial de la UV, ubicada en la calle Miguel Hidalgo n\u00famero 9, en el centro de la ciudad.<\/p>\n","protected":false},"excerpt":{"rendered":"<p>Incluye un dossier de Sebastian Fund e im\u00e1genes en interiores de Paulina Vilchis y Atenea Castillo<\/p>\n","protected":false},"author":1508,"featured_media":51568,"comment_status":"closed","ping_status":"closed","sticky":false,"template":"","format":"standard","meta":{"footnotes":""},"categories":[11],"tags":[],"class_list":["post-51567","post","type-post","status-publish","format-standard","has-post-thumbnail","hentry","category-cultura"],"_links":{"self":[{"href":"https:\/\/www.uv.mx\/prensa\/wp-json\/wp\/v2\/posts\/51567","targetHints":{"allow":["GET"]}}],"collection":[{"href":"https:\/\/www.uv.mx\/prensa\/wp-json\/wp\/v2\/posts"}],"about":[{"href":"https:\/\/www.uv.mx\/prensa\/wp-json\/wp\/v2\/types\/post"}],"author":[{"embeddable":true,"href":"https:\/\/www.uv.mx\/prensa\/wp-json\/wp\/v2\/users\/1508"}],"replies":[{"embeddable":true,"href":"https:\/\/www.uv.mx\/prensa\/wp-json\/wp\/v2\/comments?post=51567"}],"version-history":[{"count":0,"href":"https:\/\/www.uv.mx\/prensa\/wp-json\/wp\/v2\/posts\/51567\/revisions"}],"wp:featuredmedia":[{"embeddable":true,"href":"https:\/\/www.uv.mx\/prensa\/wp-json\/wp\/v2\/media\/51568"}],"wp:attachment":[{"href":"https:\/\/www.uv.mx\/prensa\/wp-json\/wp\/v2\/media?parent=51567"}],"wp:term":[{"taxonomy":"category","embeddable":true,"href":"https:\/\/www.uv.mx\/prensa\/wp-json\/wp\/v2\/categories?post=51567"},{"taxonomy":"post_tag","embeddable":true,"href":"https:\/\/www.uv.mx\/prensa\/wp-json\/wp\/v2\/tags?post=51567"}],"curies":[{"name":"wp","href":"https:\/\/api.w.org\/{rel}","templated":true}]}}