{"id":51386,"date":"2018-08-12T07:00:44","date_gmt":"2018-08-12T12:00:44","guid":{"rendered":"https:\/\/www.uv.mx\/prensa\/?p=51386"},"modified":"2018-08-13T11:22:23","modified_gmt":"2018-08-13T16:22:23","slug":"iie-presentara-libro-sobre-interculturalidad-en-la-universidad","status":"publish","type":"post","link":"https:\/\/www.uv.mx\/prensa\/eventos\/iie-presentara-libro-sobre-interculturalidad-en-la-universidad\/","title":{"rendered":"IIE presentar\u00e1 libro sobre interculturalidad en la universidad"},"content":{"rendered":"<ul>\n<li><em>Se trata de la obra <\/em>La interculturalidad en espacios universitarios multiculturales. Voces estudiantiles de Michoac\u00e1n, Puebla y Veracruz<\/li>\n<li><em>El evento se llevar\u00e1 a cabo el 30 de agosto a las 16:00 horas en el Taller 2 del IIE, ubicado en Paseo n\u00famero 112, Segunda Secci\u00f3n de Nuevo Xalapa. La entrada es libre a todo p\u00fablico.<\/em><\/li>\n<\/ul>\n<p>&nbsp;<\/p>\n<p>&nbsp;<\/p>\n<div id=\"attachment_51390\" style=\"width: 732px\" class=\"wp-caption aligncenter\"><a href=\"https:\/\/www.uv.mx\/prensa\/files\/2018\/08\/120818-eventos-libro-IIE-1.jpg\"><img loading=\"lazy\" decoding=\"async\" aria-describedby=\"caption-attachment-51390\" class=\"size-full wp-image-51390\" src=\"https:\/\/www.uv.mx\/prensa\/files\/2018\/08\/120818-eventos-libro-IIE-1.jpg\" alt=\"\" width=\"722\" height=\"1009\" srcset=\"https:\/\/www.uv.mx\/prensa\/files\/2018\/08\/120818-eventos-libro-IIE-1.jpg 722w, https:\/\/www.uv.mx\/prensa\/files\/2018\/08\/120818-eventos-libro-IIE-1-215x300.jpg 215w\" sizes=\"auto, (max-width: 722px) 100vw, 722px\" \/><\/a><p id=\"caption-attachment-51390\" class=\"wp-caption-text\">El libro se presentar\u00e1 el 30 de agosto<\/p><\/div>\n<p>&nbsp;<\/p>\n<p><strong><em>Carlos Hugo Hermida Rosales<\/em><\/strong><\/p>\n<p><strong><em>12\/08\/18, Xalapa, Ver.- <\/em><\/strong>El <a href=\"https:\/\/www.uv.mx\/iie\/\">Instituto de Investigaciones en Educaci\u00f3n<\/a> (IIE) de la Universidad Veracruzana (UV) presentar\u00e1 el 30 de agosto el libro <em>La interculturalidad en espacios universitarios multiculturales. Voces estudiantiles de Michoac\u00e1n, Puebla y Veracruz<\/em>, trabajo de un conjunto de cuerpos colegiados de esta casa de estudios, la Universidad Michoacana de San Nicol\u00e1s de Hidalgo (UMSNH) y la Benem\u00e9rita Universidad Aut\u00f3noma de Puebla (BUAP).<\/p>\n<p>Rosa Guadalupe Mendoza Zuany, investigadora del IIE, mencion\u00f3 que este texto es el resultado de un proyecto de investigaci\u00f3n llevado a cabo durante tres a\u00f1os en el marco de la red de cuerpos acad\u00e9micos (CA) financiada por el Programa para el Desarrollo Profesional Docente para el Tipo Superior (<em>Prodep<\/em>).<\/p>\n<p>Comparti\u00f3 que los CA que participaron en este proyecto fueron: Estudios Interculturales, de la UV; Educaci\u00f3n y Salud en Contextos de Interculturalidad y Diversidad, de la BUAP, y Educaci\u00f3n, Cultura y Procesos de Aprendizaje, de la UMSNH.<\/p>\n<p>La investigadora explic\u00f3 que el libro explora c\u00f3mo las universidades p\u00fablicas abordan la diversidad de sus alumnos y de los contextos en que realizan sus labores.<\/p>\n<p>Coment\u00f3 que los autores de los art\u00edculos son profesionistas adscritos a los CA que trabajaron en este proyecto, as\u00ed como investigadores que participaron como ponentes en dos seminarios internacionales realizados por este grupo de trabajo.<\/p>\n<p>Gunther Dietz, tambi\u00e9n investigador del IIE, declar\u00f3 que \u00e9ste es el primer proyecto que se dedica a estudiar la composici\u00f3n diversa del estudiantado de las universidades p\u00fablicas en M\u00e9xico y saca conclusiones a partir de un trabajo emp\u00edrico.<\/p>\n<p>Asegur\u00f3 que todas las universidades saben que no atienden debidamente la diversidad de sus estudiantes en cuanto a lenguas, saberes, clase social u origen de residencia, por mencionar algunos par\u00e1metros.<\/p>\n<p>\u201cLa universidad intuye que hay mucha diversidad entre sus estudiantes y profesores, y sabe que \u00e9sta se pierde ya que no la trabaja correctamente pues por lo general busca la homogenizaci\u00f3n de sus alumnos\u201d, enunci\u00f3.<\/p>\n<p>El investigador mencion\u00f3 que con este libro se busca resaltar la fortaleza de la interculturalidad y demostrar que la diversidad que aporta el estudiantado y profesorado es un recurso muy valioso para la universidad.<\/p>\n<p>Destac\u00f3 que en la presentaci\u00f3n de esta obra, adem\u00e1s de investigadores de la UV, se contar\u00e1 con la presencia de Elizabeth Mart\u00ednez Buenabad, investigadora de la BUAP, as\u00ed como de Ana Mar\u00eda M\u00e9ndez Puga y Mar\u00eda de Lourdes Vargas Gardu\u00f1o, investigadoras de la UMSNH.<\/p>\n<p>El evento se llevar\u00e1 a cabo el 30 de agosto a las 16:00 horas en el Taller 2 del IIE, ubicado en Paseo n\u00famero 112, Segunda Secci\u00f3n de Nuevo Xalapa. La entrada es libre a todo p\u00fablico.<\/p>\n<p>&nbsp;<\/p>\n<div id=\"attachment_51391\" style=\"width: 732px\" class=\"wp-caption aligncenter\"><a href=\"https:\/\/www.uv.mx\/prensa\/files\/2018\/08\/120818-eventos-libro-IIE-2.jpg\"><img loading=\"lazy\" decoding=\"async\" aria-describedby=\"caption-attachment-51391\" class=\"size-full wp-image-51391\" src=\"https:\/\/www.uv.mx\/prensa\/files\/2018\/08\/120818-eventos-libro-IIE-2.jpg\" alt=\"\" width=\"722\" height=\"481\" srcset=\"https:\/\/www.uv.mx\/prensa\/files\/2018\/08\/120818-eventos-libro-IIE-2.jpg 722w, https:\/\/www.uv.mx\/prensa\/files\/2018\/08\/120818-eventos-libro-IIE-2-300x200.jpg 300w\" sizes=\"auto, (max-width: 722px) 100vw, 722px\" \/><\/a><p id=\"caption-attachment-51391\" class=\"wp-caption-text\">Gunther Dietz y Rosa Guadalupe Mendoza Zuany<\/p><\/div>\n","protected":false},"excerpt":{"rendered":"<p><em> La interculturalidad en espacios universitarios multiculturales<\/em> explora c\u00f3mo las instituciones de educaci\u00f3n superior abordan la diversidad de sus alumnos y los contextos en que realizan sus labores<\/p>\n","protected":false},"author":1869,"featured_media":51391,"comment_status":"closed","ping_status":"closed","sticky":false,"template":"","format":"standard","meta":{"footnotes":""},"categories":[47],"tags":[],"class_list":["post-51386","post","type-post","status-publish","format-standard","has-post-thumbnail","hentry","category-eventos"],"_links":{"self":[{"href":"https:\/\/www.uv.mx\/prensa\/wp-json\/wp\/v2\/posts\/51386","targetHints":{"allow":["GET"]}}],"collection":[{"href":"https:\/\/www.uv.mx\/prensa\/wp-json\/wp\/v2\/posts"}],"about":[{"href":"https:\/\/www.uv.mx\/prensa\/wp-json\/wp\/v2\/types\/post"}],"author":[{"embeddable":true,"href":"https:\/\/www.uv.mx\/prensa\/wp-json\/wp\/v2\/users\/1869"}],"replies":[{"embeddable":true,"href":"https:\/\/www.uv.mx\/prensa\/wp-json\/wp\/v2\/comments?post=51386"}],"version-history":[{"count":0,"href":"https:\/\/www.uv.mx\/prensa\/wp-json\/wp\/v2\/posts\/51386\/revisions"}],"wp:featuredmedia":[{"embeddable":true,"href":"https:\/\/www.uv.mx\/prensa\/wp-json\/wp\/v2\/media\/51391"}],"wp:attachment":[{"href":"https:\/\/www.uv.mx\/prensa\/wp-json\/wp\/v2\/media?parent=51386"}],"wp:term":[{"taxonomy":"category","embeddable":true,"href":"https:\/\/www.uv.mx\/prensa\/wp-json\/wp\/v2\/categories?post=51386"},{"taxonomy":"post_tag","embeddable":true,"href":"https:\/\/www.uv.mx\/prensa\/wp-json\/wp\/v2\/tags?post=51386"}],"curies":[{"name":"wp","href":"https:\/\/api.w.org\/{rel}","templated":true}]}}