{"id":51379,"date":"2018-08-11T07:00:29","date_gmt":"2018-08-11T12:00:29","guid":{"rendered":"https:\/\/www.uv.mx\/prensa\/?p=51379"},"modified":"2018-08-13T11:25:48","modified_gmt":"2018-08-13T16:25:48","slug":"orteuv-convoca-a-participar-en-sus-talleres-libres-de-actuacion","status":"publish","type":"post","link":"https:\/\/www.uv.mx\/prensa\/cultura\/orteuv-convoca-a-participar-en-sus-talleres-libres-de-actuacion\/","title":{"rendered":"<em>Orteuv<\/em> convoca a participar en sus Talleres Libres de Actuaci\u00f3n"},"content":{"rendered":"<ul>\n<li><em>Las inscripciones ser\u00e1n el 13 y 14 de agosto, de 10:00 a 18:00 horas, en el Teatro La Caja<\/em><\/li>\n<\/ul>\n<p><strong><em>\u00a0<\/em><\/strong><\/p>\n<div id=\"attachment_51383\" style=\"width: 732px\" class=\"wp-caption aligncenter\"><a href=\"https:\/\/www.uv.mx\/prensa\/files\/2018\/08\/110818-CULTURA-talleres-libres-1.jpg\"><img loading=\"lazy\" decoding=\"async\" aria-describedby=\"caption-attachment-51383\" class=\"wp-image-51383 size-full\" src=\"https:\/\/www.uv.mx\/prensa\/files\/2018\/08\/110818-CULTURA-talleres-libres-1.jpg\" alt=\"\" width=\"722\" height=\"558\" srcset=\"https:\/\/www.uv.mx\/prensa\/files\/2018\/08\/110818-CULTURA-talleres-libres-1.jpg 722w, https:\/\/www.uv.mx\/prensa\/files\/2018\/08\/110818-CULTURA-talleres-libres-1-300x232.jpg 300w\" sizes=\"auto, (max-width: 722px) 100vw, 722px\" \/><\/a><p id=\"caption-attachment-51383\" class=\"wp-caption-text\">(Foto de archivo) Los Talleres Libres de Actuaci\u00f3n fueron fundados en 1979<\/p><\/div>\n<p>&nbsp;<\/p>\n<p><strong><em>Karina de la Paz Reyes D\u00edaz<\/em><\/strong><\/p>\n<p><strong><em>11\/08\/18, Xalapa, Ver.-<\/em><\/strong> La <a href=\"https:\/\/www.uv.mx\/orteuv\/\">Organizaci\u00f3n Teatral de la Universidad Veracruzana<\/a> (<em>Orteuv<\/em>) convoca a la comunidad de esta casa de estudios y p\u00fablico en general a ser parte de los Talleres Libres de Actuaci\u00f3n. Las inscripciones ser\u00e1n el 13 y 14 de este mes, de 10:00 a 18:00 horas, en el Teatro La Caja.<\/p>\n<p>Los Talleres Libres de Actuaci\u00f3n fueron fundados en 1979; en este ciclo escolar ofrecen: Actuaci\u00f3n I; Iniciaci\u00f3n al Teatro; Tai Chi Chu\u00e1n, e Iniciaci\u00f3n a la Escritura del Drama, cuyos instructores ser\u00e1n Jorge Castillo, Esther Castro, Rogerio Baruch y Luis Enrique Guti\u00e9rrez Ortiz Monasterio, respectivamente, todos ellos actores miembros de la <em>Orteuv<\/em>.<\/p>\n<p>El objetivo general del taller Actuaci\u00f3n I es que el participante desarrolle un ejercicio esc\u00e9nico, as\u00ed como usar su conocimiento de los principios b\u00e1sicos del teatro. El cupo m\u00e1ximo es de 30 personas, en horario de 16:00 a 18:00 horas, martes y jueves.<\/p>\n<p>En tanto, el de Iniciaci\u00f3n al Teatro tiene por objetivo reconocer las capacidades creativas para automotivarse y lograr un mejor desenvolvimiento en las actividades profesionales, a partir de ejercicios y juegos teatrales que ayuden a crear estrategias para adaptarse al entorno; el cupo m\u00e1ximo es de 15 personas y se impartir\u00e1 los martes y jueves de 18:00 a 20:00 horas.<\/p>\n<p>Por su parte, uno de los objetivos de taller Tai Chi Chu\u00e1n es que el participante pueda ejecutar (con suavidad y vigor, fluidez y vitalidad) conscientemente los movimientos de su cuerpo. \u00c9ste se impartir\u00e1 martes y jueves de 8:00 a 9:30 horas y tiene un cupo m\u00e1ximo de 30 personas.<\/p>\n<p>Mientras el de Iniciaci\u00f3n a la Escritura del Drama, cuyo objetivo es revisar textos de creaci\u00f3n dram\u00e1tica presentados por los participantes y promover el desarrollo de habilidades de escritura, tiene un cupo m\u00e1ximo de siete personas y se impartir\u00e1 los martes de 16:00 a 20:00 horas.<\/p>\n<p>La convocatoria precisa enviar a <a href=\"mailto:orteuv@gmail.com\">orteuv@gmail.com<\/a> escaneo de acta de nacimiento o identificaci\u00f3n oficial (como INE, pasaporte, licencia de manejo o c\u00e9dula profesional); pagar en efectivo 312 pesos por concepto de inscripci\u00f3n, cuota de recuperaci\u00f3n y constancia en las instalaciones de La Caja en las fechas y horarios ya citados.<\/p>\n<p>Para mayor informaci\u00f3n consulte <a href=\"http:\/\/www.organizacionteatral.com.mx\/\" target=\"_blank\" rel=\"noopener\">http:\/\/www.organizacionteatral.com.mx\/<\/a><\/p>\n","protected":false},"excerpt":{"rendered":"<p>El objetivo general es que el participante desarrolle un ejercicio esc\u00e9nico, aplicando sus conocimientos sobre los principios b\u00e1sicos del teatro<\/p>\n","protected":false},"author":1869,"featured_media":51383,"comment_status":"closed","ping_status":"closed","sticky":false,"template":"","format":"standard","meta":{"footnotes":""},"categories":[11],"tags":[],"class_list":["post-51379","post","type-post","status-publish","format-standard","has-post-thumbnail","hentry","category-cultura"],"_links":{"self":[{"href":"https:\/\/www.uv.mx\/prensa\/wp-json\/wp\/v2\/posts\/51379","targetHints":{"allow":["GET"]}}],"collection":[{"href":"https:\/\/www.uv.mx\/prensa\/wp-json\/wp\/v2\/posts"}],"about":[{"href":"https:\/\/www.uv.mx\/prensa\/wp-json\/wp\/v2\/types\/post"}],"author":[{"embeddable":true,"href":"https:\/\/www.uv.mx\/prensa\/wp-json\/wp\/v2\/users\/1869"}],"replies":[{"embeddable":true,"href":"https:\/\/www.uv.mx\/prensa\/wp-json\/wp\/v2\/comments?post=51379"}],"version-history":[{"count":0,"href":"https:\/\/www.uv.mx\/prensa\/wp-json\/wp\/v2\/posts\/51379\/revisions"}],"wp:featuredmedia":[{"embeddable":true,"href":"https:\/\/www.uv.mx\/prensa\/wp-json\/wp\/v2\/media\/51383"}],"wp:attachment":[{"href":"https:\/\/www.uv.mx\/prensa\/wp-json\/wp\/v2\/media?parent=51379"}],"wp:term":[{"taxonomy":"category","embeddable":true,"href":"https:\/\/www.uv.mx\/prensa\/wp-json\/wp\/v2\/categories?post=51379"},{"taxonomy":"post_tag","embeddable":true,"href":"https:\/\/www.uv.mx\/prensa\/wp-json\/wp\/v2\/tags?post=51379"}],"curies":[{"name":"wp","href":"https:\/\/api.w.org\/{rel}","templated":true}]}}