{"id":51287,"date":"2018-08-08T10:29:46","date_gmt":"2018-08-08T15:29:46","guid":{"rendered":"https:\/\/www.uv.mx\/prensa\/?p=51287"},"modified":"2018-08-08T10:42:22","modified_gmt":"2018-08-08T15:42:22","slug":"uv-fortalecera-procesos-de-movilidad","status":"publish","type":"post","link":"https:\/\/www.uv.mx\/prensa\/general\/uv-fortalecera-procesos-de-movilidad\/","title":{"rendered":"UV fortalecer\u00e1 procesos de movilidad"},"content":{"rendered":"<ul>\n<li><em>Daniel Romero Le\u00f3n asumi\u00f3 el cargo de coordinador de Movilidad Estudiantil y Acad\u00e9mica<\/em><\/li>\n<li><em>Asegur\u00f3 que dar\u00e1 continuidad a las acciones establecidas en materia de movilidad nacional e internacional<\/em><\/li>\n<\/ul>\n<p>&nbsp;<\/p>\n<div id=\"attachment_51294\" style=\"width: 732px\" class=\"wp-caption aligncenter\"><a href=\"https:\/\/www.uv.mx\/prensa\/files\/2018\/08\/080818-MOVILIDAD-INTERNACIONAL.jpg\"><img loading=\"lazy\" decoding=\"async\" aria-describedby=\"caption-attachment-51294\" class=\"size-full wp-image-51294\" src=\"https:\/\/www.uv.mx\/prensa\/files\/2018\/08\/080818-MOVILIDAD-INTERNACIONAL.jpg\" alt=\"\" width=\"722\" height=\"483\" srcset=\"https:\/\/www.uv.mx\/prensa\/files\/2018\/08\/080818-MOVILIDAD-INTERNACIONAL.jpg 722w, https:\/\/www.uv.mx\/prensa\/files\/2018\/08\/080818-MOVILIDAD-INTERNACIONAL-300x201.jpg 300w\" sizes=\"auto, (max-width: 722px) 100vw, 722px\" \/><\/a><p id=\"caption-attachment-51294\" class=\"wp-caption-text\">Daniel Romero Le\u00f3n asumi\u00f3 la Coordinaci\u00f3n de Movilidad Estudiantil y Acad\u00e9mica<\/p><\/div>\n<p>&nbsp;<\/p>\n<p><strong><em>Claudia Peralta V\u00e1zquez<\/em><\/strong><\/p>\n<p><strong><em>08\/08\/18, Xalapa, Ver.- <\/em><\/strong>Daniel Romero Le\u00f3n fue designado el jueves 2 de agosto como coordinador de Movilidad Estudiantil y Acad\u00e9mica de la <a href=\"https:\/\/www.uv.mx\/internacional\/\">Direcci\u00f3n General de Relaciones Internacionales<\/a> (DGRI) de la Universidad Veracruzana (UV), en sustituci\u00f3n de H\u00e9ctor Rangel Ram\u00edrez.<\/p>\n<p>Como parte de su nuevo encargo, asegur\u00f3 que dar\u00e1 continuidad a las acciones ya establecidas por la propia Universidad en el sentido de respaldar la movilidad de estudiantes y acad\u00e9micos a diferentes instituciones nacionales y extranjeras.<\/p>\n<p>Se\u00f1al\u00f3 que \u00e9ste es uno de los principales objetivos de esta casa de estudios como parte del Plan de Trabajo 2017-2021 \u201cPertenencia y pertinencia\u201d de la rectora Sara Ladr\u00f3n de Guevara, as\u00ed como el establecimiento de nuevas relaciones en beneficio de una mejora de la calidad educativa de la propia instituci\u00f3n.<\/p>\n<p>El funcionario universitario calific\u00f3 de relevantes e indiscutibles los procesos de internacionalizaci\u00f3n de la educaci\u00f3n superior para el desarrollo y perfil profesional de alumnos y profesores.<\/p>\n<p>\u201cHay un compromiso de la DGRI porque ese proceso siga, es una tarea compleja porque muchas veces es imposible brindarles esta oportunidad a todos los universitarios\u201d, asever\u00f3.<\/p>\n<p>En este sentido, confi\u00f3 en poder generar mayores oportunidades y espacios a trav\u00e9s de fondos internos y externos con el prop\u00f3sito de que los solicitantes tengan oportunidades de estancias, visitas e intercambios.<\/p>\n<p>\u00c9ste no es el \u00fanico inter\u00e9s de la DGRI, asegur\u00f3, tambi\u00e9n est\u00e1 el de recibir m\u00e1s estudiantes de diferentes latitudes y profesores visitantes que tengan un impacto sustantivo en las actividades cotidianas de las entidades universitarias y propicien un proceso de enriquecimiento.<\/p>\n<p>\u201cLa UV se ha posicionado a nivel nacional e internacional como un centro importante de atracci\u00f3n de capital humano y la movilidad es un indicador m\u00e1s de este logro.\u201d<\/p>\n<p>Romero Le\u00f3n detall\u00f3 que en este periodo escolar la UV recibe a 80 estudiantes, 32 nacionales y 48 extranjeros, estos \u00faltimos provienen de pa\u00edses como Argentina, Brasil, Canad\u00e1, Colombia, Per\u00fa, Cuba, Espa\u00f1a, Francia, Jap\u00f3n y Hungr\u00eda.<\/p>\n<p>Asimismo, durante el presente a\u00f1o, un total de 160 j\u00f3venes realizan estancias de movilidad semestral; 83 de ellos en universidades de: Puebla, Guanajuato, Ciudad de M\u00e9xico, Estado de M\u00e9xico, Coahuila, Baja California, Guadalajara, Nuevo Le\u00f3n, San Luis Potos\u00ed, Yucat\u00e1n e Hidalgo.<\/p>\n<p>Adem\u00e1s, 77 en instituciones de: Alemania, Argentina, B\u00e9lgica, Bolivia, Canad\u00e1, Chile, Colombia, Costa Rica, Cuba, Espa\u00f1a, Irlanda, Italia, Francia y Estados Unidos.<\/p>\n<p>A prop\u00f3sito de lo anterior, mencion\u00f3 que en el caso de Estados Unidos, desde hace algunos unos a\u00f1os el porcentaje de solicitantes de ese pa\u00eds ha disminuido debido a las condiciones de inseguridad, pues su embajada ha emitido <em>alerts warnings<\/em> para los viajeros.<\/p>\n<p>Lamentablemente, Veracruz ha sido catalogado como un estado peligroso; no obstante, existe una colaboraci\u00f3n permanente con universidades de ese pa\u00eds y de Canad\u00e1, aunque el n\u00famero de alumnos es menor comparado con a\u00f1os anteriores.<\/p>\n<p>Al referirse a Sudam\u00e9rica, resalt\u00f3 el contacto con Colombia, naci\u00f3n con la que ha surgido una relaci\u00f3n positiva posiblemente derivada de la Alianza del Pac\u00edfico, acuerdo que corresponde a un mecanismo de integraci\u00f3n signado por los gobiernos de M\u00e9xico, Per\u00fa, Chile y Colombia, situaci\u00f3n que ha favorecido el tema de educaci\u00f3n.<\/p>\n<p>\u201cActualmente hay un gran nivel de atracci\u00f3n por los diferentes programas educativos de la UV, sobre todo de las \u00e1reas acad\u00e9micas de Artes y Humanidades.\u201d<\/p>\n<p>En este sentido, enfatiz\u00f3 que mientras m\u00e1s se trabaje en el posicionamiento de la UV, habr\u00e1 un mayor reconocimiento de otras instituciones a nivel nacional e internacional y la confianza de establecer convenios de colaboraci\u00f3n y cooperaci\u00f3n acad\u00e9mica.<\/p>\n<p>Tambi\u00e9n asegur\u00f3 que al interior de la Universidad, continuamente se promueve y difunde entre los alumnos \u2013sobre todo de nuevo ingreso\u2013 el hecho de que deben prepararse y esforzarse en cuanto al dominio de los idiomas y as\u00ed aprovechar las oportunidades que se les ofrecen.<\/p>\n<p>En el mismo orden de ideas, Romero Le\u00f3n invit\u00f3 a estudiantes de licenciatura, t\u00e9cnico superior universitario y de posgrado, tanto del sistema escolarizado como del Sistema de Ense\u00f1anza Abierta (SEA), que deseen realizar estancias acad\u00e9micas en organismos nacionales e internacionales para el periodo Enero\u2013Julio 2019, a consultar la convocatoria del Programa de Movilidad Estudiantil \u201cPor objetivos\u201d.<\/p>\n<p>Puntualiz\u00f3 que el cierre del registro en sus tres modalidades ser\u00e1 el 24 de agosto para la de Asignatura; y 28 de septiembre, para las de Investigaci\u00f3n y Vinculaci\u00f3n.<\/p>\n","protected":false},"excerpt":{"rendered":"<p>Daniel Romero Le\u00f3n, nuevo coordinador de Movilidad Estudiantil y Acad\u00e9mica, destac\u00f3 el papel de la internacionalizaci\u00f3n para el desarrollo profesional en la educaci\u00f3n superior<\/p>\n","protected":false},"author":1869,"featured_media":51294,"comment_status":"closed","ping_status":"closed","sticky":false,"template":"","format":"standard","meta":{"footnotes":""},"categories":[1],"tags":[],"class_list":["post-51287","post","type-post","status-publish","format-standard","has-post-thumbnail","hentry","category-general"],"_links":{"self":[{"href":"https:\/\/www.uv.mx\/prensa\/wp-json\/wp\/v2\/posts\/51287","targetHints":{"allow":["GET"]}}],"collection":[{"href":"https:\/\/www.uv.mx\/prensa\/wp-json\/wp\/v2\/posts"}],"about":[{"href":"https:\/\/www.uv.mx\/prensa\/wp-json\/wp\/v2\/types\/post"}],"author":[{"embeddable":true,"href":"https:\/\/www.uv.mx\/prensa\/wp-json\/wp\/v2\/users\/1869"}],"replies":[{"embeddable":true,"href":"https:\/\/www.uv.mx\/prensa\/wp-json\/wp\/v2\/comments?post=51287"}],"version-history":[{"count":0,"href":"https:\/\/www.uv.mx\/prensa\/wp-json\/wp\/v2\/posts\/51287\/revisions"}],"wp:featuredmedia":[{"embeddable":true,"href":"https:\/\/www.uv.mx\/prensa\/wp-json\/wp\/v2\/media\/51294"}],"wp:attachment":[{"href":"https:\/\/www.uv.mx\/prensa\/wp-json\/wp\/v2\/media?parent=51287"}],"wp:term":[{"taxonomy":"category","embeddable":true,"href":"https:\/\/www.uv.mx\/prensa\/wp-json\/wp\/v2\/categories?post=51287"},{"taxonomy":"post_tag","embeddable":true,"href":"https:\/\/www.uv.mx\/prensa\/wp-json\/wp\/v2\/tags?post=51287"}],"curies":[{"name":"wp","href":"https:\/\/api.w.org\/{rel}","templated":true}]}}