{"id":507,"date":"2015-06-19T14:48:39","date_gmt":"2015-06-19T19:48:39","guid":{"rendered":"https:\/\/www.uv.mx\/prensa\/?p=507"},"modified":"2015-06-19T14:48:39","modified_gmt":"2015-06-19T19:48:39","slug":"la-uv-no-es-casa-de-la-violencia-rectora","status":"publish","type":"post","link":"https:\/\/www.uv.mx\/prensa\/general\/la-uv-no-es-casa-de-la-violencia-rectora\/","title":{"rendered":"La UV no es casa de la violencia: Rectora"},"content":{"rendered":"<p>&nbsp;<\/p>\n<ul>\n<li><em>Se reuni\u00f3 con una representaci\u00f3n de los j\u00f3venes que la noche del lunes se manifestaron en la Rector\u00eda <\/em><\/li>\n<li><em>Respecto de los j\u00f3venes atacados, la Rectora reafirm\u00f3 el apoyo de la UV y se\u00f1al\u00f3: \u201cNo queremos ni uno m\u00e1s\u201d <\/em><\/li>\n<li><em>\u201cNosotros no nos sumamos a la agresi\u00f3n de ayer\u201d, dijeron algunos de los j\u00f3venes respecto de los actos de vandalismo del lunes<\/em><\/li>\n<\/ul>\n<p>&nbsp;<\/p>\n<p><strong><em>David Sandoval <\/em><\/strong><\/p>\n<p>&nbsp;<\/p>\n<p>La rectora de la Universidad Veracruzana (UV), Sara Ladr\u00f3n de Guevara, recibi\u00f3 este martes por la ma\u00f1ana a una representaci\u00f3n de los j\u00f3venes que la noche del lunes se manifestaron en la Rector\u00eda de esta casa de estudios y durante di\u00e1logo celebrado con \u00e9stos nuevamente fij\u00f3 una clara postura institucional: \u201cLa Universidad es casa de todos. De todas las formas de pensar, a\u00fan las m\u00e1s radicales. Pero no es casa de la violencia\u201d.<\/p>\n<p>La Rectora y un grupo de autoridades universitarias se reunieron con 20 estudiantes y j\u00f3venes y tomaron acuerdos que tuvieron que ver, por ejemplo, con la celebraci\u00f3n de un foro acad\u00e9mico sobre la violencia y el papel de la Universidad en esta circunstancia. Adem\u00e1s, brind\u00f3 informaci\u00f3n fidedigna y verificada sobre el estado real que guarda la salud de los tres j\u00f3venes agredidos que hasta el momento han sido identificados por la Universidad y reafirm\u00f3 el apoyo a \u00e9stos y sus familias.<\/p>\n<p>&nbsp;<\/p>\n<div id=\"attachment_508\" style=\"width: 310px\" class=\"wp-caption aligncenter\"><a href=\"https:\/\/www.uv.mx\/prensa\/files\/2015\/06\/SLDEG-reunion-1-9.jpg\"><img aria-describedby=\"caption-attachment-508\" decoding=\"async\" loading=\"lazy\" class=\"size-medium wp-image-508\" src=\"https:\/\/www.uv.mx\/prensa\/files\/2015\/06\/SLDEG-reunion-1-9-300x200.jpg\" alt=\"Rector\u00eda recibi\u00f3 a estudiantes y j\u00f3venes y fij\u00f3 una clara postura: \u201cLa Universidad es casa de todos pero no es casa de la violencia\u201d\" width=\"300\" height=\"200\" srcset=\"https:\/\/www.uv.mx\/prensa\/files\/2015\/06\/SLDEG-reunion-1-9-300x200.jpg 300w, https:\/\/www.uv.mx\/prensa\/files\/2015\/06\/SLDEG-reunion-1-9-1024x682.jpg 1024w, https:\/\/www.uv.mx\/prensa\/files\/2015\/06\/SLDEG-reunion-1-9.jpg 1556w\" sizes=\"(max-width: 300px) 100vw, 300px\" \/><\/a><p id=\"caption-attachment-508\" class=\"wp-caption-text\">Rector\u00eda recibi\u00f3 a estudiantes y j\u00f3venes y fij\u00f3 una clara postura: \u201cLa Universidad es casa de todos pero no es casa de la violencia\u201d<\/p><\/div>\n<p>&nbsp;<\/p>\n<p>\u201cNo queremos ni uno m\u00e1s\u201d, advirti\u00f3 la Rectora. \u201cQueremos que nuestra comunidad tenga una vida segura pero tambi\u00e9n queremos que no se desv\u00ede la atenci\u00f3n sobre el repudio al ataque, la exigencia de justicia y, sobre todo, la recuperaci\u00f3n de la salud de los j\u00f3venes que fueron atacados\u201d.<\/p>\n<p>La Rectora insisti\u00f3 en lo que ha sido su pol\u00edtica de di\u00e1logo en situaciones dif\u00edciles: Di\u00e1logo entre iguales y en igualdad de circunstancias. Al respecto, advirti\u00f3 que nunca saldr\u00e1 a atender a grupos de personas embozadas y hostiles.<\/p>\n<p>A solicitud de los propios j\u00f3venes reunidos respecto de los interlocutores institucionales posibles en situaciones vulnerables, se destac\u00f3 el papel que la Defensor\u00eda de los Derechos Universitarios ha realizado en la Universidad y cuya titular tambi\u00e9n acompa\u00f1\u00f3 las acciones de la instituci\u00f3n desde el momento en que se acudi\u00f3 a las instalaciones del CEM.<\/p>\n<p>&nbsp;<\/p>\n<div id=\"attachment_509\" style=\"width: 310px\" class=\"wp-caption aligncenter\"><a href=\"https:\/\/www.uv.mx\/prensa\/files\/2015\/06\/SLDEG-reunion-2-9.jpg\"><img aria-describedby=\"caption-attachment-509\" decoding=\"async\" loading=\"lazy\" class=\"size-medium wp-image-509\" src=\"https:\/\/www.uv.mx\/prensa\/files\/2015\/06\/SLDEG-reunion-2-9-300x200.jpg\" alt=\"La Rectora recibi\u00f3 los documentos en que los j\u00f3venes exponen sus puntos de vista sobre la actual circunstancia  \" width=\"300\" height=\"200\" srcset=\"https:\/\/www.uv.mx\/prensa\/files\/2015\/06\/SLDEG-reunion-2-9-300x200.jpg 300w, https:\/\/www.uv.mx\/prensa\/files\/2015\/06\/SLDEG-reunion-2-9-1024x682.jpg 1024w, https:\/\/www.uv.mx\/prensa\/files\/2015\/06\/SLDEG-reunion-2-9.jpg 1556w\" sizes=\"(max-width: 300px) 100vw, 300px\" \/><\/a><p id=\"caption-attachment-509\" class=\"wp-caption-text\">La Rectora recibi\u00f3 los documentos en que los j\u00f3venes exponen sus puntos de vista sobre la actual circunstancia<\/p><\/div>\n<p>&nbsp;<\/p>\n<p>Las autoridades universitarias invitaron a los j\u00f3venes que fueron v\u00edctimas de la agresi\u00f3n pero que no se han presentado por temor a represalias que acudan a dicha Defensor\u00eda para que se les brinde la atenci\u00f3n necesaria y en ese sentido reiteraron su apoyo.<\/p>\n<p>Tambi\u00e9n se confirm\u00f3 la realizaci\u00f3n de un foro universitario donde se le dar\u00e1 cabida a los integrantes de la comunidad universitaria que deseen expresarse sobre la violencia. Al finalizar la reuni\u00f3n, la rectora, Sara Ladr\u00f3n de Guevara, recibi\u00f3 y firm\u00f3 los documentos que entregaron los universitarios donde plantearon su postura, agradeciendo la disposici\u00f3n al di\u00e1logo entre los miembros de la comunidad universitaria.<\/p>\n<p>La noche anterior, la Rectora se hab\u00eda reunido con padres de familia de dos de los j\u00f3venes que sufrieron la agresi\u00f3n y hab\u00eda garantizado el apoyo institucional, sobre todo en lo que se refiere a los aspectos m\u00e9dico y jur\u00eddico de la circunstancia.<\/p>\n<p>Los estudiantes y j\u00f3venes que conformaron la representaci\u00f3n se\u00f1alaron: \u201cNosotros no nos sumamos a la agresi\u00f3n de ayer\u201d, en referencia a los actos de vandalismo que un grupo de embozados cometi\u00f3 contra las instalaciones universitarias la tarde noche del lunes pasado.<\/p>\n","protected":false},"excerpt":{"rendered":"<p>&nbsp; Se reuni\u00f3 con una representaci\u00f3n de los j\u00f3venes que la noche del lunes se manifestaron en la Rector\u00eda Respecto de los j\u00f3venes atacados, la Rectora reafirm\u00f3 el apoyo de la UV [&hellip;]<\/p>\n","protected":false},"author":1810,"featured_media":508,"comment_status":"closed","ping_status":"closed","sticky":false,"template":"","format":"standard","meta":[],"categories":[1],"tags":[2],"_links":{"self":[{"href":"https:\/\/www.uv.mx\/prensa\/wp-json\/wp\/v2\/posts\/507"}],"collection":[{"href":"https:\/\/www.uv.mx\/prensa\/wp-json\/wp\/v2\/posts"}],"about":[{"href":"https:\/\/www.uv.mx\/prensa\/wp-json\/wp\/v2\/types\/post"}],"author":[{"embeddable":true,"href":"https:\/\/www.uv.mx\/prensa\/wp-json\/wp\/v2\/users\/1810"}],"replies":[{"embeddable":true,"href":"https:\/\/www.uv.mx\/prensa\/wp-json\/wp\/v2\/comments?post=507"}],"version-history":[{"count":0,"href":"https:\/\/www.uv.mx\/prensa\/wp-json\/wp\/v2\/posts\/507\/revisions"}],"wp:featuredmedia":[{"embeddable":true,"href":"https:\/\/www.uv.mx\/prensa\/wp-json\/wp\/v2\/media\/508"}],"wp:attachment":[{"href":"https:\/\/www.uv.mx\/prensa\/wp-json\/wp\/v2\/media?parent=507"}],"wp:term":[{"taxonomy":"category","embeddable":true,"href":"https:\/\/www.uv.mx\/prensa\/wp-json\/wp\/v2\/categories?post=507"},{"taxonomy":"post_tag","embeddable":true,"href":"https:\/\/www.uv.mx\/prensa\/wp-json\/wp\/v2\/tags?post=507"}],"curies":[{"name":"wp","href":"https:\/\/api.w.org\/{rel}","templated":true}]}}