{"id":50607,"date":"2018-07-06T20:24:53","date_gmt":"2018-07-07T01:24:53","guid":{"rendered":"https:\/\/www.uv.mx\/prensa\/?p=50607"},"modified":"2018-07-09T11:35:20","modified_gmt":"2018-07-09T16:35:20","slug":"mesa-iihs","status":"publish","type":"post","link":"https:\/\/www.uv.mx\/prensa\/general\/mesa-iihs\/","title":{"rendered":"Resultados electorales, producto de la indignaci\u00f3n social"},"content":{"rendered":"<ul>\n<li><i>\u201cExiste el riesgo de la continuidad de un modelo autoritario, de un presidencialismo total\u201d: Alberto Olvera<\/i><\/li>\n<li><i>\u201cLa sociedad debe recrear los mecanismos de participaci\u00f3n ciudadana\u201d: Manuel Reyna<\/i><\/li>\n<li><i>\u201cNo veo en <\/i>Morena<i> un neopri\u00edsmo\u201d: Mart\u00edn Aguilar<\/i><\/li>\n<\/ul>\n<p>&nbsp;<\/p>\n<div id=\"attachment_50608\" style=\"width: 732px\" class=\"wp-caption aligncenter\"><a href=\"https:\/\/www.uv.mx\/prensa\/files\/2018\/07\/IMG_6274.jpg\"><img aria-describedby=\"caption-attachment-50608\" decoding=\"async\" loading=\"lazy\" class=\"size-full wp-image-50608\" src=\"https:\/\/www.uv.mx\/prensa\/files\/2018\/07\/IMG_6274.jpg\" alt=\"\" width=\"722\" height=\"355\" srcset=\"https:\/\/www.uv.mx\/prensa\/files\/2018\/07\/IMG_6274.jpg 722w, https:\/\/www.uv.mx\/prensa\/files\/2018\/07\/IMG_6274-300x148.jpg 300w\" sizes=\"(max-width: 722px) 100vw, 722px\" \/><\/a><p id=\"caption-attachment-50608\" class=\"wp-caption-text\">Investigadores dijeron que la sociedad debe continuar activa para tener una verdadera transformaci\u00f3n<\/p><\/div>\n<p>&nbsp;<\/p>\n<p><b><i>Paola Cort\u00e9s P\u00e9rez<\/i><\/b><\/p>\n<p><b><i>06\/07\/18, Xalapa, Ver.-<\/i><\/b> Los investigadores del <a href=\"https:\/\/www.uv.mx\/iihs\/\">Instituto de Investigaciones Hist\u00f3rico-Sociales<\/a> (IIH-S) de la Universidad Veracruzana (UV) expresaron que el triunfo del partido Movimiento de Regeneraci\u00f3n Nacional (<i>Morena<\/i>) es un hecho hist\u00f3rico, resultado del voto de la indignaci\u00f3n y de una reacci\u00f3n antineoliberal.<\/p>\n<p>Lo anterior, durante la mesa redonda intitulada \u201cAvalancha L\u00f3pez Obrador\u201d, realizada el viernes 6 de julio en el Auditorio \u201cGonzalo Aguirre Beltr\u00e1n\u201d del IIH-S, en la que participaron Juan Ortiz Escamilla, Mart\u00edn Aguilar S\u00e1nchez, Dora S\u00e1nchez Hidalgo Hern\u00e1ndez, Manuel Reyna Mu\u00f1oz, Alberto Olvera Rivera, Leopoldo Alafita M\u00e9ndez y Luis Fernando Granados Salinas.<\/p>\n<p>Los acad\u00e9micos coincidieron en que es necesario que la sociedad se mantenga activa, movilizada y participativa, para que el proyecto de gobierno encabezado por Andr\u00e9s Manuel L\u00f3pez Obrador (AMLO) en verdad sea una oportunidad para alcanzar una transformaci\u00f3n pol\u00edtica hist\u00f3rica<\/p>\n<p>Alberto Olvera coment\u00f3 que el triunfo de <i>Morena<\/i> significa el fin del ciclo del Partido Revolucionario Institucional (PRI) \u2013el cual ha desaparecido del mapa pol\u00edtico\u2013 y una derrota para los defensores del neoliberalismo.<\/p>\n<p>\u201cEs una oportunidad hist\u00f3rica extraordinaria para que una democracia social y un Estado de derecho se consoliden en el pa\u00eds por primera vez en la historia.\u201d<\/p>\n<p>Se\u00f1al\u00f3 que existe un riesgo principal: la continuidad de un modelo autoritario, de un presidencialismo total \u2013como lo fue el viejo PRI\u2013; as\u00ed que no podemos dejar todo en manos de AMLO, debe existir una sociedad cr\u00edtica y participativa en las pol\u00edticas p\u00fablicas.<\/p>\n<p>En tanto, Mart\u00edn Aguilar resalt\u00f3 que el triunfo de <i>Morena<\/i> fue posible debido al voto de la indignaci\u00f3n, cansancio y hartazgo de la sociedad mexicano ante la impunidad, la injusticia, la violencia y la desigualdad.<\/p>\n<p>\u201cNo veo un neopri\u00edsmo en <i>Morena<\/i>; un aspecto que tambi\u00e9n nos dejan ver estos resultados es la derrota de los intelectuales medi\u00e1ticos, uno de ellos es Enrique Krauze.\u201d<\/p>\n<p>Mientras que Leopoldo Alafita y Manuel Reyna comentaron que la sociedad tendr\u00e1 un papel importante en el proyecto de gobierno; los ciudadanos deben preguntarse \u00bfcu\u00e1l ser\u00e1 su papel y cu\u00e1l ser\u00e1 el siguiente paso?<\/p>\n<p>\u201cLa Universidad Veracruzana debe dejar el papel contemplativo que ha tenido hasta el momento, debe plantearse tener una actitud cr\u00edtica y activa al ser parte de la sociedad\u201d, apunt\u00f3 Leopoldo Alafita.<\/p>\n<p>Por \u00faltimo, Manuel Reyna dijo que debemos recrear los mecanismos de participaci\u00f3n ciudadana \u2013que no s\u00f3lo se construyen a trav\u00e9s de los partidos pol\u00edticos\u2013 para que \u00e9sta contin\u00fae movilizada y activa.<\/p>\n","protected":false},"excerpt":{"rendered":"<p>Los ciudadanos deben preguntarse cu\u00e1l ser\u00e1 su papel y cu\u00e1l ser\u00e1 el siguiente paso: investigadores<\/p>\n","protected":false},"author":1508,"featured_media":50608,"comment_status":"closed","ping_status":"closed","sticky":false,"template":"","format":"standard","meta":[],"categories":[1],"tags":[],"_links":{"self":[{"href":"https:\/\/www.uv.mx\/prensa\/wp-json\/wp\/v2\/posts\/50607"}],"collection":[{"href":"https:\/\/www.uv.mx\/prensa\/wp-json\/wp\/v2\/posts"}],"about":[{"href":"https:\/\/www.uv.mx\/prensa\/wp-json\/wp\/v2\/types\/post"}],"author":[{"embeddable":true,"href":"https:\/\/www.uv.mx\/prensa\/wp-json\/wp\/v2\/users\/1508"}],"replies":[{"embeddable":true,"href":"https:\/\/www.uv.mx\/prensa\/wp-json\/wp\/v2\/comments?post=50607"}],"version-history":[{"count":0,"href":"https:\/\/www.uv.mx\/prensa\/wp-json\/wp\/v2\/posts\/50607\/revisions"}],"wp:featuredmedia":[{"embeddable":true,"href":"https:\/\/www.uv.mx\/prensa\/wp-json\/wp\/v2\/media\/50608"}],"wp:attachment":[{"href":"https:\/\/www.uv.mx\/prensa\/wp-json\/wp\/v2\/media?parent=50607"}],"wp:term":[{"taxonomy":"category","embeddable":true,"href":"https:\/\/www.uv.mx\/prensa\/wp-json\/wp\/v2\/categories?post=50607"},{"taxonomy":"post_tag","embeddable":true,"href":"https:\/\/www.uv.mx\/prensa\/wp-json\/wp\/v2\/tags?post=50607"}],"curies":[{"name":"wp","href":"https:\/\/api.w.org\/{rel}","templated":true}]}}