{"id":50008,"date":"2018-06-27T13:48:22","date_gmt":"2018-06-27T18:48:22","guid":{"rendered":"https:\/\/www.uv.mx\/prensa\/?p=50008"},"modified":"2021-11-08T11:16:33","modified_gmt":"2021-11-08T17:16:33","slug":"ceramistas-mexicanos-exponen-en-el-max","status":"publish","type":"post","link":"https:\/\/www.uv.mx\/prensa\/cultura\/ceramistas-mexicanos-exponen-en-el-max\/","title":{"rendered":"Ceramistas mexicanos exponen en el MAX"},"content":{"rendered":"<ul>\n<li><em>La muestra <\/em>Del plato a la boca\u00a0<em>re\u00fane <\/em><em>piezas de autores con gran trayectoria y de artistas emergentes<\/em><\/li>\n<li><em>Se puede visitar en la sala de exposiciones temporales, hasta el 1 de agosto<\/em><\/li>\n<\/ul>\n<p>&nbsp;<\/p>\n<div id=\"attachment_50009\" style=\"width: 732px\" class=\"wp-caption aligncenter\"><a href=\"https:\/\/www.uv.mx\/prensa\/files\/2018\/06\/270618-CARLOS-Del-plato-a-la-boca-1-100k.jpg\"><img aria-describedby=\"caption-attachment-50009\" decoding=\"async\" loading=\"lazy\" class=\"size-full wp-image-50009\" src=\"https:\/\/www.uv.mx\/prensa\/files\/2018\/06\/270618-CARLOS-Del-plato-a-la-boca-1-100k.jpg\" alt=\"\" width=\"722\" height=\"483\" srcset=\"https:\/\/www.uv.mx\/prensa\/files\/2018\/06\/270618-CARLOS-Del-plato-a-la-boca-1-100k.jpg 722w, https:\/\/www.uv.mx\/prensa\/files\/2018\/06\/270618-CARLOS-Del-plato-a-la-boca-1-100k-300x201.jpg 300w\" sizes=\"(max-width: 722px) 100vw, 722px\" \/><\/a><p id=\"caption-attachment-50009\" class=\"wp-caption-text\">La exposici\u00f3n permite comparar el arte prehisp\u00e1nico con el moderno<\/p><\/div>\n<p>&nbsp;<\/p>\n<p><strong><em>Carlos Hugo Hermida Rosales<\/em><\/strong><\/p>\n<p><strong><em>27\/06\/18, Xalapa, Ver.-\u00a0<\/em><\/strong>El <a href=\"https:\/\/www.uv.mx\/max\/\">Museo de Antropolog\u00eda de Xalapa<\/a> (MAX) de la Universidad Veracruzana (UV) aloja \u2500desde el viernes 22 de junio y hasta el 1 de agosto\u2500 la exposici\u00f3n <em>Del plato a la boca<\/em>, un comparativo entre la cer\u00e1mica prehisp\u00e1nica (piezas del acervo del MAX) y la contempor\u00e1nea, a cargo de 12 ceramistas mexicanos.<\/p>\n<p>Los expositores, entre quienes se encuentran ceramistas con trayectoria y artistas emergentes, producen cer\u00e1mica de alta temperatura con un enfoque contempor\u00e1neo, art\u00edstico y utilitario.<\/p>\n<p>Esta muestra re\u00fane piezas de Abel Zavala, Camila Borrell, Elsa Naveda, Emmanuel Zavala, Federico M\u00e9ndez, Leonor Anaya, Lorenia Tamborrell, Mariana Vel\u00e1zquez, Manuel Vel\u00e1zquez, Rab\u00ed Montoya, Roberto Rodr\u00edguez y Teresa G\u00f3mez.<\/p>\n<p>&nbsp;<\/p>\n<div id=\"attachment_50013\" style=\"width: 732px\" class=\"wp-caption aligncenter\"><a href=\"https:\/\/www.uv.mx\/prensa\/files\/2018\/06\/270618-CARLOS-Del-plato-a-la-boca-2-100k.jpg\"><img aria-describedby=\"caption-attachment-50013\" decoding=\"async\" loading=\"lazy\" class=\"size-full wp-image-50013\" src=\"https:\/\/www.uv.mx\/prensa\/files\/2018\/06\/270618-CARLOS-Del-plato-a-la-boca-2-100k.jpg\" alt=\"\" width=\"722\" height=\"483\" srcset=\"https:\/\/www.uv.mx\/prensa\/files\/2018\/06\/270618-CARLOS-Del-plato-a-la-boca-2-100k.jpg 722w, https:\/\/www.uv.mx\/prensa\/files\/2018\/06\/270618-CARLOS-Del-plato-a-la-boca-2-100k-300x201.jpg 300w\" sizes=\"(max-width: 722px) 100vw, 722px\" \/><\/a><p id=\"caption-attachment-50013\" class=\"wp-caption-text\">El p\u00fablico admir\u00f3 las obras de ceramistas de gran renombre<\/p><\/div>\n<p>&nbsp;<\/p>\n<p>El evento inaugural fue encabezado por Maura Ord\u00f3\u00f1ez Valenzuela, directora del MAX, quien destac\u00f3 la gran calidad de las piezas mostradas, las cuales permiten comparar el arte prehisp\u00e1nico con el moderno.<\/p>\n<p>Beatriz S\u00e1nchez Zurita, coordinadora de Comunicaci\u00f3n y Espacios de Exposici\u00f3n Temporal del MAX, mencion\u00f3 que la propuesta de esta exposici\u00f3n es muy variada pues presenta obras tanto con tendencia escult\u00f3rica como de tendencia utilitaria.<\/p>\n<p>\u201cXalapa es una ciudad con artistas con mucho potencial en la escultura cer\u00e1mica, mucho del cual se expone en esta muestra\u201d, declar\u00f3.<\/p>\n<p>Leonor Anaya relat\u00f3 que particip\u00f3 en la exposici\u00f3n con vasos, cucharones, un florero que asemeja un maguey y una jarrita zoomorfa, fabricados con barro de alta temperatura.<\/p>\n<p>&nbsp;<\/p>\n<div id=\"attachment_50015\" style=\"width: 732px\" class=\"wp-caption aligncenter\"><a href=\"https:\/\/www.uv.mx\/prensa\/files\/2018\/06\/270618-CARLOS-Del-plato-a-la-boca-3-100k.jpg\"><img aria-describedby=\"caption-attachment-50015\" decoding=\"async\" loading=\"lazy\" class=\"size-full wp-image-50015\" src=\"https:\/\/www.uv.mx\/prensa\/files\/2018\/06\/270618-CARLOS-Del-plato-a-la-boca-3-100k.jpg\" alt=\"\" width=\"722\" height=\"483\" srcset=\"https:\/\/www.uv.mx\/prensa\/files\/2018\/06\/270618-CARLOS-Del-plato-a-la-boca-3-100k.jpg 722w, https:\/\/www.uv.mx\/prensa\/files\/2018\/06\/270618-CARLOS-Del-plato-a-la-boca-3-100k-300x201.jpg 300w\" sizes=\"(max-width: 722px) 100vw, 722px\" \/><\/a><p id=\"caption-attachment-50015\" class=\"wp-caption-text\">Leonor Anaya<\/p><\/div>\n<p>&nbsp;<\/p>\n<p>\u201cConozco el MAX desde ni\u00f1a, por lo que para m\u00ed es un gusto mostrar mis piezas a mis compa\u00f1eros ceramistas y p\u00fablico en general\u201d, coment\u00f3.<\/p>\n<p>Camila Borrel expres\u00f3 que le fascin\u00f3 el di\u00e1logo entre la cer\u00e1mica prehisp\u00e1nica y contempor\u00e1nea que se muestra en esta exposici\u00f3n. \u201cEs muy interesante ver como cada uno de los artistas participaron con obras de gran calidad\u201d, manifest\u00f3.<\/p>\n<p>La exposici\u00f3n <em>Del plato a la boca<\/em>se mantendr\u00e1 en la Sala de Exposiciones Temporales del MAX, ubicado en la Avenida Xalapa sin n\u00famero de la Unidad Magisterial, hasta el 1 de agosto. Puede visitarse de martes a domingo de 9:00 a 17:00 horas. La entrada es libre.<\/p>\n<p>&nbsp;<\/p>\n<div id=\"attachment_50035\" style=\"width: 732px\" class=\"wp-caption aligncenter\"><a href=\"https:\/\/www.uv.mx\/prensa\/files\/2018\/06\/270618-CARLOS-Del-plato-a-la-boca-4.jpg\"><img aria-describedby=\"caption-attachment-50035\" decoding=\"async\" loading=\"lazy\" class=\"size-full wp-image-50035\" src=\"https:\/\/www.uv.mx\/prensa\/files\/2018\/06\/270618-CARLOS-Del-plato-a-la-boca-4.jpg\" alt=\"\" width=\"722\" height=\"483\" srcset=\"https:\/\/www.uv.mx\/prensa\/files\/2018\/06\/270618-CARLOS-Del-plato-a-la-boca-4.jpg 722w, https:\/\/www.uv.mx\/prensa\/files\/2018\/06\/270618-CARLOS-Del-plato-a-la-boca-4-300x201.jpg 300w\" sizes=\"(max-width: 722px) 100vw, 722px\" \/><\/a><p id=\"caption-attachment-50035\" class=\"wp-caption-text\">Camila Borrell<\/p><\/div>\n","protected":false},"excerpt":{"rendered":"<p>Del plato a la boca es un comparativo entre la cer\u00e1mica prehisp\u00e1nica (piezas del acervo del MAX) y la contempor\u00e1nea, que podr\u00e1 visitarse hasta el 1 de agosto en la Sala de Exposiciones Temporales.<\/p>\n","protected":false},"author":1775,"featured_media":50009,"comment_status":"closed","ping_status":"closed","sticky":false,"template":"","format":"standard","meta":[],"categories":[11],"tags":[4161,5142,1941,102,1012],"_links":{"self":[{"href":"https:\/\/www.uv.mx\/prensa\/wp-json\/wp\/v2\/posts\/50008"}],"collection":[{"href":"https:\/\/www.uv.mx\/prensa\/wp-json\/wp\/v2\/posts"}],"about":[{"href":"https:\/\/www.uv.mx\/prensa\/wp-json\/wp\/v2\/types\/post"}],"author":[{"embeddable":true,"href":"https:\/\/www.uv.mx\/prensa\/wp-json\/wp\/v2\/users\/1775"}],"replies":[{"embeddable":true,"href":"https:\/\/www.uv.mx\/prensa\/wp-json\/wp\/v2\/comments?post=50008"}],"version-history":[{"count":1,"href":"https:\/\/www.uv.mx\/prensa\/wp-json\/wp\/v2\/posts\/50008\/revisions"}],"predecessor-version":[{"id":104885,"href":"https:\/\/www.uv.mx\/prensa\/wp-json\/wp\/v2\/posts\/50008\/revisions\/104885"}],"wp:featuredmedia":[{"embeddable":true,"href":"https:\/\/www.uv.mx\/prensa\/wp-json\/wp\/v2\/media\/50009"}],"wp:attachment":[{"href":"https:\/\/www.uv.mx\/prensa\/wp-json\/wp\/v2\/media?parent=50008"}],"wp:term":[{"taxonomy":"category","embeddable":true,"href":"https:\/\/www.uv.mx\/prensa\/wp-json\/wp\/v2\/categories?post=50008"},{"taxonomy":"post_tag","embeddable":true,"href":"https:\/\/www.uv.mx\/prensa\/wp-json\/wp\/v2\/tags?post=50008"}],"curies":[{"name":"wp","href":"https:\/\/api.w.org\/{rel}","templated":true}]}}