{"id":500,"date":"2015-06-19T14:35:27","date_gmt":"2015-06-19T19:35:27","guid":{"rendered":"https:\/\/www.uv.mx\/prensa\/?p=500"},"modified":"2015-06-19T14:35:27","modified_gmt":"2015-06-19T19:35:27","slug":"uv-e-issste-acordaron-impulsar-cultura-y-servicio-social","status":"publish","type":"post","link":"https:\/\/www.uv.mx\/prensa\/general\/uv-e-issste-acordaron-impulsar-cultura-y-servicio-social\/","title":{"rendered":"UV e ISSSTE acordaron impulsar  cultura y servicio social"},"content":{"rendered":"<p>&nbsp;<\/p>\n<ul>\n<li><em>En beneficio de la comunidad estudiantil y derechohabientes de la instituci\u00f3n federal<\/em><\/li>\n<li><em>Encabezaron este acto, la rectora Sara Ladr\u00f3n de Guevara y el delegado del ISSSTE, Renato Alarc\u00f3n Guevara<\/em><\/li>\n<\/ul>\n<p>&nbsp;<\/p>\n<p><strong><em>Claudia Peralta V\u00e1zquez<\/em><\/strong><\/p>\n<p>&nbsp;<\/p>\n<p>La rectora de la Universidad Veracruzana (UV), Sara Ladr\u00f3n de Guevara, y el delegado del Instituto de Seguridad y Servicios Sociales de los Trabajadores del Estado (ISSSTE) en Veracruz, Renato Alarc\u00f3n Guevara, signaron un acuerdo de colaboraci\u00f3n que establece impulsar el desarrollo cultural y la realizaci\u00f3n del servicio social de estudiantes universitarios en \u00e1reas m\u00e9dicas de este organismo de salud p\u00fablica federal.<\/p>\n<p>Tras efectuar la firma del documento, la Rectora celebr\u00f3 esta suma de voluntades y confi\u00f3 en que la puesta en pr\u00e1ctica del convenio redundar\u00e1 en beneficio de ambas instancias, que desde su fundaci\u00f3n han estado al servicio de la salud y educaci\u00f3n p\u00fablica del pa\u00eds.<\/p>\n<p>El Delegado del ISSSTE en Veracruz, por su parte, destac\u00f3 la voluntad de la Universidad al protocolizar una relaci\u00f3n que data de anta\u00f1o y tambi\u00e9n se refiri\u00f3 a la riqueza e importancia que representa la m\u00e1xima casa de estudios para todos los veracruzanos y, particularmente, para una instituci\u00f3n como la paraestatal.<\/p>\n<p>\u201cEste acuerdo permitir\u00e1 transitar en la solidez institucional que implica unir esfuerzos en beneficio de los 540 mil derechohabientes del ISSSTE repartidos en todo el estado de Veracruz, y coincide en la fortaleza de las regiones donde la UV tambi\u00e9n tiene presencia.\u201d<\/p>\n<p>&nbsp;<\/p>\n<div id=\"attachment_503\" style=\"width: 310px\" class=\"wp-caption aligncenter\"><a href=\"https:\/\/www.uv.mx\/prensa\/files\/2015\/06\/Convenio-UV-ISSSTE-1-9.jpg\"><img aria-describedby=\"caption-attachment-503\" decoding=\"async\" loading=\"lazy\" class=\"size-medium wp-image-503\" src=\"https:\/\/www.uv.mx\/prensa\/files\/2015\/06\/Convenio-UV-ISSSTE-1-9-300x200.jpg\" alt=\"La UV y el ISSSTE signaron convenio de colaboraci\u00f3n en beneficio de ambas instituciones.\" width=\"300\" height=\"200\" srcset=\"https:\/\/www.uv.mx\/prensa\/files\/2015\/06\/Convenio-UV-ISSSTE-1-9-300x200.jpg 300w, https:\/\/www.uv.mx\/prensa\/files\/2015\/06\/Convenio-UV-ISSSTE-1-9-1024x683.jpg 1024w, https:\/\/www.uv.mx\/prensa\/files\/2015\/06\/Convenio-UV-ISSSTE-1-9.jpg 1452w\" sizes=\"(max-width: 300px) 100vw, 300px\" \/><\/a><p id=\"caption-attachment-503\" class=\"wp-caption-text\">La UV y el ISSSTE signaron convenio de colaboraci\u00f3n en beneficio de ambas instituciones.<\/p><\/div>\n<p>&nbsp;<\/p>\n<p>Ante autoridades de ambas dependencias reunidas en la USBI, la Rectora destac\u00f3 la historia del ISSSTE y a\u00f1adi\u00f3: \u201cUna de las m\u00e1s importantes conquistas y uno de los mayores legados que dej\u00f3 la Revoluci\u00f3n Mexicana fue el derecho a la salud, del que puede gozar la poblaci\u00f3n en general y determinados sectores sociales en particular, como los trabajadores de los sectores productivos que sacan adelante la econom\u00eda de este pa\u00eds\u201d, subray\u00f3.<\/p>\n<p>Se\u00f1al\u00f3 que este convenio engloba los campos cl\u00ednicos y posible investigaci\u00f3n de j\u00f3venes estudiantes de las facultades de Medicina de la UV, as\u00ed como las \u00e1reas art\u00edsticas y culturales.<\/p>\n<p>Renato Alarc\u00f3n destac\u00f3 la presencia de los l\u00edderes sindicales que representan a los derechohabientes del ISSSTE, ya que el convenio no s\u00f3lo generar\u00e1 un v\u00ednculo institucional, sino que se aplicar\u00e1 a favor de los mismos.<\/p>\n<p>\u201cEs prueba fehaciente del reconocimiento de la instituci\u00f3n y de los derechohabientes para una casa de estudios que seguir\u00e1 brindando aspectos positivos al estado de Veracruz.\u201d A\u00f1adi\u00f3 que el ISSSTE no s\u00f3lo es salud, tambi\u00e9n es seguridad y servicios sociales. Actualmente, cuenta con 21 prestaciones garantizadas para los trabajadores al servicio del Estado y cubren desde antes del nacimiento hasta despu\u00e9s del fallecimiento.<\/p>\n<div id=\"attachment_502\" style=\"width: 310px\" class=\"wp-caption aligncenter\"><a href=\"https:\/\/www.uv.mx\/prensa\/files\/2015\/06\/Convenio-UV-ISSSTE-2-9.jpg\"><img aria-describedby=\"caption-attachment-502\" decoding=\"async\" loading=\"lazy\" class=\"size-medium wp-image-502\" src=\"https:\/\/www.uv.mx\/prensa\/files\/2015\/06\/Convenio-UV-ISSSTE-2-9-300x200.jpg\" alt=\"Renato Alarc\u00f3n Guevara y Sara Ladr\u00f3n de Guevara.\" width=\"300\" height=\"200\" srcset=\"https:\/\/www.uv.mx\/prensa\/files\/2015\/06\/Convenio-UV-ISSSTE-2-9-300x200.jpg 300w, https:\/\/www.uv.mx\/prensa\/files\/2015\/06\/Convenio-UV-ISSSTE-2-9-1024x683.jpg 1024w, https:\/\/www.uv.mx\/prensa\/files\/2015\/06\/Convenio-UV-ISSSTE-2-9.jpg 1815w\" sizes=\"(max-width: 300px) 100vw, 300px\" \/><\/a><p id=\"caption-attachment-502\" class=\"wp-caption-text\">Renato Alarc\u00f3n Guevara y Sara Ladr\u00f3n de Guevara.<\/p><\/div>\n<p>&nbsp;<\/p>\n<p>Por parte de la UV presenciaron la firma del acuerdo: Leticia Rodr\u00edguez Audirac, secretaria Acad\u00e9mica; Mar\u00eda Esther Hern\u00e1ndez Palacios, directora general de Difusi\u00f3n Cultural; Alberto Islas Reyes, abogado general, y Raciel Dam\u00f3n Mart\u00ednez G\u00f3mez, director de Comunicaci\u00f3n Universitaria.<\/p>\n<p>Por parte del ISSSTE: Arturo Francisco Guti\u00e9rrez G\u00f3ngora, Adri\u00e1n Luis Bueno Bello y Carlos Jaime Rodr\u00edguez Velasco, subdelegados de Administraci\u00f3n, de Atenci\u00f3n M\u00e9dica y de Prestaciones Econ\u00f3micas, respectivamente.<\/p>\n<p>Tambi\u00e9n, Noelia Maldonado L\u00f3pez, jefa del Departamento de Acci\u00f3n Social, Cultural y Deportiva; Gabriela Rodr\u00edguez Rodr\u00edguez, titular de la Unidad Jur\u00eddica; Antonio Ochoa Acosta, del Departamento de Vivienda; Alain Patrick Michaud Garcimarrero, coordinador de Agenda del Delegado, y representantes de organizaciones sindicales.<\/p>\n<p>&nbsp;<\/p>\n","protected":false},"excerpt":{"rendered":"<p>&nbsp; En beneficio de la comunidad estudiantil y derechohabientes de la instituci\u00f3n federal Encabezaron este acto, la rectora Sara Ladr\u00f3n de Guevara y el delegado del ISSSTE, Renato Alarc\u00f3n Guevara &nbsp; Claudia [&hellip;]<\/p>\n","protected":false},"author":1810,"featured_media":503,"comment_status":"closed","ping_status":"closed","sticky":false,"template":"","format":"standard","meta":[],"categories":[1],"tags":[2],"_links":{"self":[{"href":"https:\/\/www.uv.mx\/prensa\/wp-json\/wp\/v2\/posts\/500"}],"collection":[{"href":"https:\/\/www.uv.mx\/prensa\/wp-json\/wp\/v2\/posts"}],"about":[{"href":"https:\/\/www.uv.mx\/prensa\/wp-json\/wp\/v2\/types\/post"}],"author":[{"embeddable":true,"href":"https:\/\/www.uv.mx\/prensa\/wp-json\/wp\/v2\/users\/1810"}],"replies":[{"embeddable":true,"href":"https:\/\/www.uv.mx\/prensa\/wp-json\/wp\/v2\/comments?post=500"}],"version-history":[{"count":0,"href":"https:\/\/www.uv.mx\/prensa\/wp-json\/wp\/v2\/posts\/500\/revisions"}],"wp:featuredmedia":[{"embeddable":true,"href":"https:\/\/www.uv.mx\/prensa\/wp-json\/wp\/v2\/media\/503"}],"wp:attachment":[{"href":"https:\/\/www.uv.mx\/prensa\/wp-json\/wp\/v2\/media?parent=500"}],"wp:term":[{"taxonomy":"category","embeddable":true,"href":"https:\/\/www.uv.mx\/prensa\/wp-json\/wp\/v2\/categories?post=500"},{"taxonomy":"post_tag","embeddable":true,"href":"https:\/\/www.uv.mx\/prensa\/wp-json\/wp\/v2\/tags?post=500"}],"curies":[{"name":"wp","href":"https:\/\/api.w.org\/{rel}","templated":true}]}}