{"id":49987,"date":"2018-06-26T19:22:04","date_gmt":"2018-06-27T00:22:04","guid":{"rendered":"https:\/\/www.uv.mx\/prensa\/?p=49987"},"modified":"2021-11-08T11:09:40","modified_gmt":"2021-11-08T17:09:40","slug":"violencia-psicologica-predomina-entre-estudiantes-de-bachillerato","status":"publish","type":"post","link":"https:\/\/www.uv.mx\/prensa\/general\/violencia-psicologica-predomina-entre-estudiantes-de-bachillerato\/","title":{"rendered":"Violencia psicol\u00f3gica predomina entre estudiantes de bachillerato"},"content":{"rendered":"<ul>\n<li><i>Desconocen conceptos b\u00e1sicos de violencia o los conciben como algo muy general<\/i><\/li>\n<\/ul>\n<div id=\"attachment_49925\" style=\"width: 732px\" class=\"wp-caption aligncenter\"><a href=\"https:\/\/www.uv.mx\/prensa\/files\/2018\/06\/250618-Violencia-alumnas-bachillerato.jpg\"><img loading=\"lazy\" decoding=\"async\" aria-describedby=\"caption-attachment-49925\" class=\"size-full wp-image-49925\" src=\"https:\/\/www.uv.mx\/prensa\/files\/2018\/06\/250618-Violencia-alumnas-bachillerato.jpg\" alt=\"\" width=\"722\" height=\"481\" srcset=\"https:\/\/www.uv.mx\/prensa\/files\/2018\/06\/250618-Violencia-alumnas-bachillerato.jpg 722w, https:\/\/www.uv.mx\/prensa\/files\/2018\/06\/250618-Violencia-alumnas-bachillerato-300x200.jpg 300w\" sizes=\"auto, (max-width: 722px) 100vw, 722px\" \/><\/a><p id=\"caption-attachment-49925\" class=\"wp-caption-text\">Emma G. Bailey y Nierika Manzano<\/p><\/div>\n<p><b><i>Jos\u00e9 Luis Couttolenc Soto<\/i><\/b><\/p>\n<p><b><i>26\/06\/18, Xalapa, Ver.-<\/i><\/b> Durante el 2do. Coloquio de la Maestr\u00eda en <a href=\"https:\/\/www.uv.mx\/ceguv\/\">Estudios de G\u00e9nero<\/a> de la Universidad Veracruzana (UV), Nierika Sabrina Manzano Hern\u00e1ndez, alumna del segundo semestre de ese posgrado, present\u00f3 su proyecto de intervenci\u00f3n sobre el tema de violencia contra mujeres j\u00f3venes estudiantes de bachillerato en Xalapa.<\/p>\n<p>El trabajo es producto de una investigaci\u00f3n que realiz\u00f3 en un n\u00facleo de la poblaci\u00f3n estudiantil del Colegio Preparatorio de Xalapa (CPX), que incluy\u00f3 una muestra de egresados del mismo plantel.<\/p>\n<p>En su exposici\u00f3n dio a conocer que eligi\u00f3 a los alumnos que asisten a clases en el turno vespertino y entrevist\u00f3 a 11 alumnas y 10 alumnos, as\u00ed como a seis egresadas y seis egresados, \u201cestos \u00faltimos me interesaron porque tienen mayor libertad de expresi\u00f3n y lo hicieron con perspectiva de tiempo sobre su experiencia como estudiantes en esa escuela\u201d.<\/p>\n<p>Manzano Hern\u00e1ndez concluy\u00f3 que la violencia predominante entre esta poblaci\u00f3n estudiantil es la psicol\u00f3gica (insultos, apodos y comentarios hirientes); sin embargo, en ninguno de los casos conocidos se registr\u00f3 violencia f\u00edsica, \u201caunque \u00e9sta no se da dentro de la escuela, s\u00ed se registra fuera de ella (en los parques cercanos como el Ju\u00e1rez y Morelos\u201d.<\/p>\n<p>En cuanto a los hombres, las encuestan arrojaron que no se identifican como posibles v\u00edctimas de violencia, puesto que la asocian como una forma m\u00e1s de llevarse con sus amigos; no obstante, la mayor\u00eda coincide en que es distinta la violencia que se ejerce contra las mujeres. \u201cLos alumnos se\u00f1alan que a las mujeres se les discrimina m\u00e1s porque siguen siendo consideradas como inferiores, d\u00e9biles, fr\u00e1giles y no pueden defenderse como ellos\u201d.<\/p>\n<p>Para combatir este problema, present\u00f3 su proyecto de intervenci\u00f3n consistente en la instrumentaci\u00f3n de talleres de sensibilizaci\u00f3n dirigidos tanto a hombres como a mujeres, buscando concienciarlos sobre lo que es considerado como un problema social que le puede suceder a cualquiera de ellos.<\/p>\n<p>Los talleres tendr\u00edan como objetivo general coadyuvar a la identificaci\u00f3n, prevenci\u00f3n y atenci\u00f3n de violencia contra mujeres j\u00f3venes en el \u00e1mbito escolar, y en lo espec\u00edfico conocer las percepciones que tienen los estudiantes sobre la violencia contra las mujeres.<\/p>\n<p>En la presentaci\u00f3n particip\u00f3 como lectora Emma G. Bailey, soci\u00f3loga, acad\u00e9mica y codirectora del Centro para la Equidad de G\u00e9nero en la Universidad Western, de Nuevo M\u00e9xico.<\/p>\n","protected":false},"excerpt":{"rendered":"<p>Nierika Manzano Hern\u00e1ndez, estudiante de la Maestr\u00eda en Estudios de G\u00e9nero, realiz\u00f3 una investigaci\u00f3n sobre este fen\u00f3meno en el Colegio Preparatorio de Xalapa<\/p>\n","protected":false},"author":1775,"featured_media":49925,"comment_status":"closed","ping_status":"closed","sticky":false,"template":"","format":"standard","meta":{"footnotes":""},"categories":[1],"tags":[808,5135,1047,5136,4162,5130,4572,5133,5134],"class_list":["post-49987","post","type-post","status-publish","format-standard","has-post-thumbnail","hentry","category-general","tag-alumna","tag-colegio-preparatorio-de-xalapa","tag-coloquio","tag-cpx","tag-jose-luis-couttolenc-soto","tag-maestria-en-estudios-de-genero","tag-mujeres","tag-nierika-sabrina-manzano-hernandez","tag-violencia"],"_links":{"self":[{"href":"https:\/\/www.uv.mx\/prensa\/wp-json\/wp\/v2\/posts\/49987","targetHints":{"allow":["GET"]}}],"collection":[{"href":"https:\/\/www.uv.mx\/prensa\/wp-json\/wp\/v2\/posts"}],"about":[{"href":"https:\/\/www.uv.mx\/prensa\/wp-json\/wp\/v2\/types\/post"}],"author":[{"embeddable":true,"href":"https:\/\/www.uv.mx\/prensa\/wp-json\/wp\/v2\/users\/1775"}],"replies":[{"embeddable":true,"href":"https:\/\/www.uv.mx\/prensa\/wp-json\/wp\/v2\/comments?post=49987"}],"version-history":[{"count":1,"href":"https:\/\/www.uv.mx\/prensa\/wp-json\/wp\/v2\/posts\/49987\/revisions"}],"predecessor-version":[{"id":104881,"href":"https:\/\/www.uv.mx\/prensa\/wp-json\/wp\/v2\/posts\/49987\/revisions\/104881"}],"wp:featuredmedia":[{"embeddable":true,"href":"https:\/\/www.uv.mx\/prensa\/wp-json\/wp\/v2\/media\/49925"}],"wp:attachment":[{"href":"https:\/\/www.uv.mx\/prensa\/wp-json\/wp\/v2\/media?parent=49987"}],"wp:term":[{"taxonomy":"category","embeddable":true,"href":"https:\/\/www.uv.mx\/prensa\/wp-json\/wp\/v2\/categories?post=49987"},{"taxonomy":"post_tag","embeddable":true,"href":"https:\/\/www.uv.mx\/prensa\/wp-json\/wp\/v2\/tags?post=49987"}],"curies":[{"name":"wp","href":"https:\/\/api.w.org\/{rel}","templated":true}]}}