{"id":49985,"date":"2018-06-26T18:18:32","date_gmt":"2018-06-26T23:18:32","guid":{"rendered":"https:\/\/www.uv.mx\/prensa\/?p=49985"},"modified":"2021-11-08T11:07:41","modified_gmt":"2021-11-08T17:07:41","slug":"necesario-sensibilizar-abordaje-periodistico-sobre-desaparecidos","status":"publish","type":"post","link":"https:\/\/www.uv.mx\/prensa\/general\/necesario-sensibilizar-abordaje-periodistico-sobre-desaparecidos\/","title":{"rendered":"Necesario sensibilizar abordaje  period\u00edstico sobre desaparecidos"},"content":{"rendered":"<ul>\n<li><i>Proyecto alusivo fue presentado por Eirinet G\u00f3mez L\u00f3pez, dentro del 2do. Coloquio de la Maestr\u00eda en Estudios de G\u00e9nero de la UV<\/i><\/li>\n<li><i>Sugiri\u00f3 la elaboraci\u00f3n de una<span class=\"Apple-converted-space\">\u00a0 <\/span>gu\u00eda de respeto a los derechos humanos y perspectiva de g\u00e9nero dirigido a los periodistas<\/i><\/li>\n<\/ul>\n<div id=\"attachment_49926\" style=\"width: 732px\" class=\"wp-caption aligncenter\"><a href=\"https:\/\/www.uv.mx\/prensa\/files\/2018\/06\/250618-ABORDAJE-PERIODISTICO.jpg\"><img loading=\"lazy\" decoding=\"async\" aria-describedby=\"caption-attachment-49926\" class=\"size-full wp-image-49926\" src=\"https:\/\/www.uv.mx\/prensa\/files\/2018\/06\/250618-ABORDAJE-PERIODISTICO.jpg\" alt=\"\" width=\"722\" height=\"483\" srcset=\"https:\/\/www.uv.mx\/prensa\/files\/2018\/06\/250618-ABORDAJE-PERIODISTICO.jpg 722w, https:\/\/www.uv.mx\/prensa\/files\/2018\/06\/250618-ABORDAJE-PERIODISTICO-300x201.jpg 300w\" sizes=\"auto, (max-width: 722px) 100vw, 722px\" \/><\/a><p id=\"caption-attachment-49926\" class=\"wp-caption-text\">Eirinet G\u00f3mez L\u00f3pez particip\u00f3 en el 2do. Coloquio de la Maestr\u00eda en Estudios de G\u00e9nero<\/p><\/div>\n<p><b><i>Claudia Peralta V\u00e1zquez<\/i><\/b><\/p>\n<p><b><i>26\/06\/18, Xalapa, Ver.- <\/i><\/b>Eirinet G\u00f3mez L\u00f3pez, estudiante de la Maestr\u00eda en Estudios de G\u00e9nero de la Universidad Veracruzana (UV), present\u00f3 los resultados de un trabajo que aborda el caso de las madres de personas desaparecidas y pretende incidir en el abordaje que desde el periodismo se da a los procesos de b\u00fasqueda.<\/p>\n<p>La universitaria dijo que desde una perspectiva de g\u00e9nero se busca que la cobertura period\u00edstica relacionada con el tema de personas desaparecidas en el estado de Veracruz sea sensible a las condiciones y necesidades que enfrentan los familiares e integrantes de los diversos colectivos creados con el af\u00e1n de visibilizar esta realidad.<\/p>\n<p>Durante la primera jornada del 2do. Coloquio de la Maestr\u00eda en Estudios de G\u00e9nero, realizado el lunes 25 de junio en el Sal\u00f3n Blanco de la Unidad de Humanidades, Eirinet G\u00f3mez present\u00f3 los resultados de este trabajo dirigido por Estela Casados Gonz\u00e1lez, el cual se enfoca en las madres de personas desaparecidas, agrupadas en el Colectivo Solecito de Veracruz.<\/p>\n<p>Es decir, busca conocer c\u00f3mo el papel de madre es sacado del \u00e1mbito privado al p\u00fablico para legitimar una causa y saber c\u00f3mo se da la relaci\u00f3n entre las integrantes de los colectivos y la prensa.<\/p>\n<p>A\u00f1adi\u00f3 que el desconocimiento del contexto personal y de trabajo de las madres de personas desaparecidas da lugar a una cobertura limitada y superficial de los casos.<\/p>\n<p>En el marco de la exposici\u00f3n, mencion\u00f3 que la cobertura de este tema se ha dado desde un entorno de violencia en contra de este gremio, pues durante el sexenio de Javier Duarte de Ochoa se contabilizaron 17 periodistas asesinados, aunado a los cinco registrados en la administraci\u00f3n de Miguel \u00c1ngel Yunes Linares.<\/p>\n<p>Ante estudiantes, acad\u00e9micos y p\u00fablico en general, coment\u00f3 que dicho estudio contempl\u00f3 la aplicaci\u00f3n de un cuestionario de 10 preguntas a tres integrantes del Colectivo Solecito, el cual defini\u00f3 a los medios de comunicaci\u00f3n como aliados estrat\u00e9gicos en los procesos de b\u00fasqueda.<\/p>\n<p>Otro aspecto dado a conocer son las disposiciones que las autoridades imponen a las integrantes de esta agrupaci\u00f3n para impedir el acceso a los medios de comunicaci\u00f3n. En particular cit\u00f3 el caso de las fosas con restos humanos halladas en el predio conocido como Colinas de Santa Fe, en la ciudad de Veracruz.<\/p>\n<p>Sin embargo, el proyecto que fue comentado por Natalia De Marinis, investigadora del Centro de Investigaciones y Estudios Superiores en Antropolog\u00eda Social (CIESAS), pone sobre la mesa ciertos aspectos que los periodistas deben considerar en el desarrollo de su ejercicio diario, como el hecho de que las madres de desaparecidos est\u00e1n expuestas a un proceso vertiginoso donde tratan con funcionarios p\u00fablicos que las revictimizan.<\/p>\n<p>Adem\u00e1s, son vulnerables a noticias repentinas y dolorosas como el hallazgo de un ser querido. \u201cSon elementos que no deben pasar desapercibidos para quienes ejercemos el periodismo\u201d, resalt\u00f3.<\/p>\n<p>En este sentido, propuso la elaboraci\u00f3n de una gu\u00eda, un video e impartici\u00f3n de talleres, bajo un enfoque de respeto a los derechos humanos y una mirada desde la perspectiva de g\u00e9nero dirigido a los periodistas, con el prop\u00f3sito de que cuenten con pautas a seguir en la cobertura de estos hechos, sean respetuosos para las familias y las v\u00edctimas de desaparici\u00f3n.<\/p>\n<p>Por otro lado, confi\u00f3 en que \u00e9ste sea un trabajo period\u00edstico eficiente que ayude a dimensionar el problema de las desapariciones en Veracruz y contribuya a que la sociedad se sensibilice en torno a esta causa.<\/p>\n<p>Adem\u00e1s se elaborar\u00e1n insumos que permitan a los periodistas un mejor acercamiento period\u00edstico.<\/p>\n","protected":false},"excerpt":{"rendered":"<p>Eirinet G\u00f3mez L\u00f3pez, alumna de la Maestr\u00eda en Estudios de G\u00e9nero, present\u00f3 resultados de un trabajo que aborda el caso de las madres de personas desaparecidas<\/p>\n","protected":false},"author":1775,"featured_media":49926,"comment_status":"closed","ping_status":"closed","sticky":false,"template":"","format":"standard","meta":{"footnotes":""},"categories":[1],"tags":[4163,5131,5129,1442,4633,5130,5132,4827],"class_list":["post-49985","post","type-post","status-publish","format-standard","has-post-thumbnail","hentry","category-general","tag-claudia-peralta-vazquez","tag-desaparecidas","tag-eirinet-gomez-lopez","tag-estudiante","tag-madres","tag-maestria-en-estudios-de-genero","tag-salon-blanco","tag-unidad-de-humanidades"],"_links":{"self":[{"href":"https:\/\/www.uv.mx\/prensa\/wp-json\/wp\/v2\/posts\/49985","targetHints":{"allow":["GET"]}}],"collection":[{"href":"https:\/\/www.uv.mx\/prensa\/wp-json\/wp\/v2\/posts"}],"about":[{"href":"https:\/\/www.uv.mx\/prensa\/wp-json\/wp\/v2\/types\/post"}],"author":[{"embeddable":true,"href":"https:\/\/www.uv.mx\/prensa\/wp-json\/wp\/v2\/users\/1775"}],"replies":[{"embeddable":true,"href":"https:\/\/www.uv.mx\/prensa\/wp-json\/wp\/v2\/comments?post=49985"}],"version-history":[{"count":1,"href":"https:\/\/www.uv.mx\/prensa\/wp-json\/wp\/v2\/posts\/49985\/revisions"}],"predecessor-version":[{"id":104880,"href":"https:\/\/www.uv.mx\/prensa\/wp-json\/wp\/v2\/posts\/49985\/revisions\/104880"}],"wp:featuredmedia":[{"embeddable":true,"href":"https:\/\/www.uv.mx\/prensa\/wp-json\/wp\/v2\/media\/49926"}],"wp:attachment":[{"href":"https:\/\/www.uv.mx\/prensa\/wp-json\/wp\/v2\/media?parent=49985"}],"wp:term":[{"taxonomy":"category","embeddable":true,"href":"https:\/\/www.uv.mx\/prensa\/wp-json\/wp\/v2\/categories?post=49985"},{"taxonomy":"post_tag","embeddable":true,"href":"https:\/\/www.uv.mx\/prensa\/wp-json\/wp\/v2\/tags?post=49985"}],"curies":[{"name":"wp","href":"https:\/\/api.w.org\/{rel}","templated":true}]}}