{"id":49890,"date":"2018-06-25T13:26:11","date_gmt":"2018-06-25T18:26:11","guid":{"rendered":"https:\/\/www.uv.mx\/prensa\/?p=49890"},"modified":"2021-11-05T10:14:12","modified_gmt":"2021-11-05T16:14:12","slug":"derecho-sea-obtuvo-acreditacion-como-programa-de-calidad","status":"publish","type":"post","link":"https:\/\/www.uv.mx\/prensa\/regiones\/veracruz\/derecho-sea-obtuvo-acreditacion-como-programa-de-calidad\/","title":{"rendered":"Derecho SEA obtuvo acreditaci\u00f3n como programa de calidad"},"content":{"rendered":"<ul>\n<li><em>La UV se acerca cada vez m\u00e1s a la meta de tener el 100 por ciento de los programas educativos evaluables acreditados: Rectora<\/em><\/li>\n<li><em>En la regi\u00f3n Veracruz, el 96.34 por ciento de los PE tienen tal reconocimiento<\/em><\/li>\n<\/ul>\n<div id=\"attachment_49885\" style=\"width: 732px\" class=\"wp-caption aligncenter\"><a href=\"https:\/\/www.uv.mx\/prensa\/files\/2018\/06\/250618-veracruz-Acreditacion-SEA-1-100k.jpg\"><img loading=\"lazy\" decoding=\"async\" aria-describedby=\"caption-attachment-49885\" class=\"size-full wp-image-49885\" src=\"https:\/\/www.uv.mx\/prensa\/files\/2018\/06\/250618-veracruz-Acreditacion-SEA-1-100k.jpg\" alt=\"\" width=\"722\" height=\"481\" srcset=\"https:\/\/www.uv.mx\/prensa\/files\/2018\/06\/250618-veracruz-Acreditacion-SEA-1-100k.jpg 722w, https:\/\/www.uv.mx\/prensa\/files\/2018\/06\/250618-veracruz-Acreditacion-SEA-1-100k-300x200.jpg 300w\" sizes=\"auto, (max-width: 722px) 100vw, 722px\" \/><\/a><p id=\"caption-attachment-49885\" class=\"wp-caption-text\">El PE de Derecho SEA recibi\u00f3 su acreditaci\u00f3n<\/p><\/div>\n<p><strong><em>Alma Mart\u00ednez y Shuguey Enr\u00edquez<\/em><\/strong><\/p>\n<p><strong><em>25\/06\/18, Boca del R\u00edo, Ver.-\u00a0<\/em><\/strong>La Licenciatura en Derecho del Sistema de Ense\u00f1anza Abierta (SEA) de la Universidad Veracruzana (UV) en la regi\u00f3n Veracruz fue reconocida por parte del Consejo Nacional para la Acreditaci\u00f3n de la Educaci\u00f3n Superior en Derecho (<em>Confede<\/em>) como un programa de calidad.<\/p>\n<p>La rectora, Sara Ladr\u00f3n de Guevara, subray\u00f3 el esfuerzo y compromiso de la comunidad que colabor\u00f3 para obtener este reconocimiento, a trav\u00e9s del cual la UV se acerca cada vez m\u00e1s a la meta de tener el 100 por ciento de los PE evaluables acreditados.<\/p>\n<p>\u201cAgradezco y reconozco la valiosa aportaci\u00f3n que hoy hace a dicho prop\u00f3sito el PE de Derecho; asimismo, exhorto a su comunidad a seguir este camino, mantener el paso y seguir ofreciendo a sus alumnos una formaci\u00f3n profesional y humana de calidad.\u201d<\/p>\n<div id=\"attachment_49886\" style=\"width: 732px\" class=\"wp-caption aligncenter\"><a href=\"https:\/\/www.uv.mx\/prensa\/files\/2018\/06\/250618-veracruz-Acreditacion-SEA-2-100k.jpg\"><img loading=\"lazy\" decoding=\"async\" aria-describedby=\"caption-attachment-49886\" class=\"size-full wp-image-49886\" src=\"https:\/\/www.uv.mx\/prensa\/files\/2018\/06\/250618-veracruz-Acreditacion-SEA-2-100k.jpg\" alt=\"\" width=\"722\" height=\"481\" srcset=\"https:\/\/www.uv.mx\/prensa\/files\/2018\/06\/250618-veracruz-Acreditacion-SEA-2-100k.jpg 722w, https:\/\/www.uv.mx\/prensa\/files\/2018\/06\/250618-veracruz-Acreditacion-SEA-2-100k-300x200.jpg 300w\" sizes=\"auto, (max-width: 722px) 100vw, 722px\" \/><\/a><p id=\"caption-attachment-49886\" class=\"wp-caption-text\">M\u00e1ximo Carvajal, presidente del <em>Confede<\/em>, felicit\u00f3 a la comunidad<\/p><\/div>\n<p>&nbsp;<\/p>\n<p>Sara Ladr\u00f3n de Guevara inform\u00f3 que en la regi\u00f3n Veracruz el 96.34 por ciento de los PE est\u00e1n acreditados; en tanto, el vicerrector Alfonso P\u00e9rez Morales afirm\u00f3 que la calidad de los procesos educativos en la UV representa un compromiso constante con la educaci\u00f3n.<\/p>\n<p>El presidente de la <em>Confede<\/em>, M\u00e1ximo Carvajal Contreras, celebr\u00f3 este reconocimiento obtenido por el SEA pues permite \u201cdemostrar que la ense\u00f1anza abierta es de calidad\u201d.<\/p>\n<p>Adem\u00e1s felicit\u00f3 ampliamente a la comunidad de Derecho SEA y lanz\u00f3 el reto de trabajar para obtener la acreditaci\u00f3n internacional.<\/p>\n<div id=\"attachment_49887\" style=\"width: 732px\" class=\"wp-caption aligncenter\"><a href=\"https:\/\/www.uv.mx\/prensa\/files\/2018\/06\/250618-veracruz-Acreditacion-SEA-3-100k.jpg\"><img loading=\"lazy\" decoding=\"async\" aria-describedby=\"caption-attachment-49887\" class=\"size-full wp-image-49887\" src=\"https:\/\/www.uv.mx\/prensa\/files\/2018\/06\/250618-veracruz-Acreditacion-SEA-3-100k.jpg\" alt=\"\" width=\"722\" height=\"481\" srcset=\"https:\/\/www.uv.mx\/prensa\/files\/2018\/06\/250618-veracruz-Acreditacion-SEA-3-100k.jpg 722w, https:\/\/www.uv.mx\/prensa\/files\/2018\/06\/250618-veracruz-Acreditacion-SEA-3-100k-300x200.jpg 300w\" sizes=\"auto, (max-width: 722px) 100vw, 722px\" \/><\/a><p id=\"caption-attachment-49887\" class=\"wp-caption-text\">La Coordinadora Regional del SEA sostiene el reconocimiento<\/p><\/div>\n<p>&nbsp;<\/p>\n<p>Miguel Sosa Ruiz, director del SEA, se uni\u00f3 a la felicitaci\u00f3n por el esfuerzo y compromiso que impulsa a seguir trabajando en la l\u00ednea que ha marcado la Rectora, acreditar el 100 por ciento de los PE.<\/p>\n<p>En tanto, la coordinadora regional del SEA, Mar\u00eda Esther Carmona Guzm\u00e1n, destac\u00f3 el orgullo por pertenecer a la UV, estandarte de la educaci\u00f3n p\u00fablica con calidad.<\/p>\n<p>En esta ceremonia de reconocimiento tambi\u00e9n estuvieron presentes la directora de Planeaci\u00f3n Institucional, Laura Mart\u00ednez M\u00e1rquez, as\u00ed como estudiantes, acad\u00e9micos y funcionarios de la UV.<\/p>\n<div id=\"attachment_49888\" style=\"width: 732px\" class=\"wp-caption aligncenter\"><a href=\"https:\/\/www.uv.mx\/prensa\/files\/2018\/06\/250618-veracruz-Acreditacion-SEA-4-100k.jpg\"><img loading=\"lazy\" decoding=\"async\" aria-describedby=\"caption-attachment-49888\" class=\"wp-image-49888 size-full\" src=\"https:\/\/www.uv.mx\/prensa\/files\/2018\/06\/250618-veracruz-Acreditacion-SEA-4-100k.jpg\" alt=\"\" width=\"722\" height=\"481\" srcset=\"https:\/\/www.uv.mx\/prensa\/files\/2018\/06\/250618-veracruz-Acreditacion-SEA-4-100k.jpg 722w, https:\/\/www.uv.mx\/prensa\/files\/2018\/06\/250618-veracruz-Acreditacion-SEA-4-100k-300x200.jpg 300w\" sizes=\"auto, (max-width: 722px) 100vw, 722px\" \/><\/a><p id=\"caption-attachment-49888\" class=\"wp-caption-text\">La comunidad del SEA y autoridades universitarias<\/p><\/div>\n","protected":false},"excerpt":{"rendered":"<p>La regi\u00f3n Veracruz tiene el 96.34 por ciento de sus programas educativos acreditados y la UV se acerca cada vez m\u00e1s a la meta del 100 por ciento<\/p>\n","protected":false},"author":1775,"featured_media":49889,"comment_status":"closed","ping_status":"closed","sticky":false,"template":"","format":"standard","meta":{"footnotes":""},"categories":[61,55],"tags":[4307,5096,5095,3495,549,2642,58,111,4298,710],"class_list":["post-49890","post","type-post","status-publish","format-standard","has-post-thumbnail","hentry","category-banner","category-veracruz","tag-alma-martinez","tag-confede","tag-consejo-nacional-para-la-acreditacion-de-la-educacion-superior-en-derecho","tag-licenciatura-en-derecho","tag-rectora","tag-region-veracruz","tag-sara-ladron-de-guevara","tag-sea","tag-shuguey-enriquez","tag-sistema-de-ensenanza-abierta"],"_links":{"self":[{"href":"https:\/\/www.uv.mx\/prensa\/wp-json\/wp\/v2\/posts\/49890","targetHints":{"allow":["GET"]}}],"collection":[{"href":"https:\/\/www.uv.mx\/prensa\/wp-json\/wp\/v2\/posts"}],"about":[{"href":"https:\/\/www.uv.mx\/prensa\/wp-json\/wp\/v2\/types\/post"}],"author":[{"embeddable":true,"href":"https:\/\/www.uv.mx\/prensa\/wp-json\/wp\/v2\/users\/1775"}],"replies":[{"embeddable":true,"href":"https:\/\/www.uv.mx\/prensa\/wp-json\/wp\/v2\/comments?post=49890"}],"version-history":[{"count":1,"href":"https:\/\/www.uv.mx\/prensa\/wp-json\/wp\/v2\/posts\/49890\/revisions"}],"predecessor-version":[{"id":104467,"href":"https:\/\/www.uv.mx\/prensa\/wp-json\/wp\/v2\/posts\/49890\/revisions\/104467"}],"wp:featuredmedia":[{"embeddable":true,"href":"https:\/\/www.uv.mx\/prensa\/wp-json\/wp\/v2\/media\/49889"}],"wp:attachment":[{"href":"https:\/\/www.uv.mx\/prensa\/wp-json\/wp\/v2\/media?parent=49890"}],"wp:term":[{"taxonomy":"category","embeddable":true,"href":"https:\/\/www.uv.mx\/prensa\/wp-json\/wp\/v2\/categories?post=49890"},{"taxonomy":"post_tag","embeddable":true,"href":"https:\/\/www.uv.mx\/prensa\/wp-json\/wp\/v2\/tags?post=49890"}],"curies":[{"name":"wp","href":"https:\/\/api.w.org\/{rel}","templated":true}]}}