{"id":49841,"date":"2018-06-22T18:44:13","date_gmt":"2018-06-22T23:44:13","guid":{"rendered":"https:\/\/www.uv.mx\/prensa\/?p=49841"},"modified":"2018-06-25T11:24:05","modified_gmt":"2018-06-25T16:24:05","slug":"universidades-deben-formar-ciudadanos-desde-el-arte-y-la-cultura","status":"publish","type":"post","link":"https:\/\/www.uv.mx\/prensa\/cultura\/universidades-deben-formar-ciudadanos-desde-el-arte-y-la-cultura\/","title":{"rendered":"Universidades deben formar ciudadanos desde el arte y la cultura"},"content":{"rendered":"<ul>\n<li><em>\u201cCada joven universitario debe desarrollar un proyecto de vida cultural que surja de sus propios intereses\u201d: Adelaida Jaramillo<\/em><\/li>\n<li><em>La especialista colombiana puntualiz\u00f3 que participar en la vida cultural no es asistir a la oferta de eventos y espect\u00e1culos que otro provee<\/em><\/li>\n<\/ul>\n<p><em>\u00a0<\/em><\/p>\n<div id=\"attachment_49587\" style=\"width: 732px\" class=\"wp-caption aligncenter\"><a href=\"https:\/\/www.uv.mx\/prensa\/files\/2018\/06\/190618-Entrevista-Adelaida-Jaramillo.jpg\"><img loading=\"lazy\" decoding=\"async\" aria-describedby=\"caption-attachment-49587\" class=\"size-full wp-image-49587\" src=\"https:\/\/www.uv.mx\/prensa\/files\/2018\/06\/190618-Entrevista-Adelaida-Jaramillo.jpg\" alt=\"\" width=\"722\" height=\"481\" srcset=\"https:\/\/www.uv.mx\/prensa\/files\/2018\/06\/190618-Entrevista-Adelaida-Jaramillo.jpg 722w, https:\/\/www.uv.mx\/prensa\/files\/2018\/06\/190618-Entrevista-Adelaida-Jaramillo-300x200.jpg 300w\" sizes=\"auto, (max-width: 722px) 100vw, 722px\" \/><\/a><p id=\"caption-attachment-49587\" class=\"wp-caption-text\">Adelaida Jaramillo Gonz\u00e1lez<\/p><\/div>\n<p><em>\u00a0<\/em><\/p>\n<p><strong><em>Carlos Hugo Hermida Rosales<\/em><\/strong><\/p>\n<p><strong><em>22\/06\/18, Xalapa, Ver.- <\/em><\/strong>Mar\u00eda Adelaida Jaramillo Gonz\u00e1lez, consultora independiente de pol\u00edticas culturales e investigadora jubilada de la Universidad de Antioquia en Colombia, declar\u00f3 que las instituciones de educaci\u00f3n superior no deben conformarse con brindar una oferta cultural a la poblaci\u00f3n, ya que su labor es formar ciudadanos desde al arte y la cultura.<\/p>\n<p>\u201cCada universitario debe desarrollar un proyecto de vida cultural que surja de sus propios intereses, en vez de s\u00f3lo participar en las actividades culturales que su instituci\u00f3n educativa le ofrece\u201d, manifest\u00f3.<\/p>\n<p>La consultora imparti\u00f3 la conferencia \u201cPol\u00edtica Cultural Universitaria en Colombia\u201d, el 13 de junio en la Unidad de Servicios Bibliotecarios y de Informaci\u00f3n de la Universidad Veracruzana (UV).<\/p>\n<p>El evento se desarroll\u00f3 en el marco del Coloquio\u00a0\u201cLa Universidad Mexicana. La tercera funci\u00f3n sustantiva universitaria y su pertinencia regional\u201d, realizado del 13 al 15 de junio por el <a href=\"https:\/\/www.uv.mx\/cecda\">Centro de Estudios, Creaci\u00f3n y Documentaci\u00f3n de las Artes<\/a> (CECDA) de la UV.<\/p>\n<p>En su conferencia Adelaida Jaramillo comparti\u00f3 un proyecto que formul\u00f3 en la Universidad de Antioquia, dentro del que formul\u00f3 una serie de pol\u00edticas culturales para la educaci\u00f3n superior.<\/p>\n<p>Explic\u00f3 que como parte de este trabajo se replante\u00f3 el proyecto cultural de las instituciones de educaci\u00f3n superior de Colombia, que est\u00e1 centrado en una agenda de actividades culturales.<\/p>\n<p>\u201cAl trabajar en este proyecto comenzamos a entender que la sociedad reclamaba a las universidades una presencia que fuera m\u00e1s all\u00e1 de esas actividades\u201d, mencion\u00f3.<\/p>\n<p>La especialista plante\u00f3 que las universidades deben vincular el desarrollo local y regional y los procesos de transformaci\u00f3n pol\u00edtico culturales, con el conocimiento e investigaci\u00f3n que se produce dentro de ellas, y lograr que todo ese capital acumulado de conocimiento se ponga al alcance de la sociedad.<\/p>\n<p>La investigadora enunci\u00f3 que para lograrlo se deben transformar los curr\u00edculos universitarios, para lo que se debe tener en cuenta la dimensi\u00f3n cultural.<\/p>\n<p>\u201cCada regi\u00f3n tiene particularidades y especificidades propias, por lo que pensar en un proyecto homog\u00e9neo para un pa\u00eds es imposible. En M\u00e9xico es muy distinto el entorno de una ciudad universitaria como Xalapa, a una industrial como Monterrey\u201d, enfatiz\u00f3.<\/p>\n<p>Agreg\u00f3 que com\u00fanmente las universidades encasillan el asunto de la cultura a oficinas que tienen un papel instrumental y log\u00edstico, y a la conformaci\u00f3n de grupos art\u00edsticos a los que accede una cifra muy baja del alumnado.<\/p>\n<p>\u201cCada persona es un sujeto cultural por naturaleza, y ante esta verdad las universidades, a trav\u00e9s de est\u00edmulos, deben abrir caminos en donde sus estudiantes, acompa\u00f1ados por maestros o tutores, presenten propuestas pensadas a trav\u00e9s de sus propios intereses\u201d, expres\u00f3.<\/p>\n<p>Adelaida Jaramillo afirm\u00f3 que hoy m\u00e1s que nunca el asunto de la cultura es un derecho, y que participar en la vida cultural no significa asistir a la oferta de eventos y espect\u00e1culos que otro provee, sino que cada individuo pueda asumirse como un ser creativo capaz de expresarse de distintas maneras.<\/p>\n","protected":false},"excerpt":{"rendered":"<p>\u201cCada universitario debe desarrollar un proyecto de vida cultural que surja de sus propios intereses\u201d, asever\u00f3 la consultora independiente Mar\u00eda Adelaida Jaramillo<\/p>\n","protected":false},"author":1869,"featured_media":49587,"comment_status":"closed","ping_status":"closed","sticky":false,"template":"","format":"standard","meta":{"footnotes":""},"categories":[11],"tags":[],"class_list":["post-49841","post","type-post","status-publish","format-standard","has-post-thumbnail","hentry","category-cultura"],"_links":{"self":[{"href":"https:\/\/www.uv.mx\/prensa\/wp-json\/wp\/v2\/posts\/49841","targetHints":{"allow":["GET"]}}],"collection":[{"href":"https:\/\/www.uv.mx\/prensa\/wp-json\/wp\/v2\/posts"}],"about":[{"href":"https:\/\/www.uv.mx\/prensa\/wp-json\/wp\/v2\/types\/post"}],"author":[{"embeddable":true,"href":"https:\/\/www.uv.mx\/prensa\/wp-json\/wp\/v2\/users\/1869"}],"replies":[{"embeddable":true,"href":"https:\/\/www.uv.mx\/prensa\/wp-json\/wp\/v2\/comments?post=49841"}],"version-history":[{"count":0,"href":"https:\/\/www.uv.mx\/prensa\/wp-json\/wp\/v2\/posts\/49841\/revisions"}],"wp:featuredmedia":[{"embeddable":true,"href":"https:\/\/www.uv.mx\/prensa\/wp-json\/wp\/v2\/media\/49587"}],"wp:attachment":[{"href":"https:\/\/www.uv.mx\/prensa\/wp-json\/wp\/v2\/media?parent=49841"}],"wp:term":[{"taxonomy":"category","embeddable":true,"href":"https:\/\/www.uv.mx\/prensa\/wp-json\/wp\/v2\/categories?post=49841"},{"taxonomy":"post_tag","embeddable":true,"href":"https:\/\/www.uv.mx\/prensa\/wp-json\/wp\/v2\/tags?post=49841"}],"curies":[{"name":"wp","href":"https:\/\/api.w.org\/{rel}","templated":true}]}}