{"id":49374,"date":"2018-06-15T10:30:02","date_gmt":"2018-06-15T15:30:02","guid":{"rendered":"https:\/\/www.uv.mx\/prensa\/?p=49374"},"modified":"2021-11-03T10:20:01","modified_gmt":"2021-11-03T16:20:01","slug":"tutorias-para-la-apreciacion-artistica-favorece-formacion-integral","status":"publish","type":"post","link":"https:\/\/www.uv.mx\/prensa\/general\/tutorias-para-la-apreciacion-artistica-favorece-formacion-integral\/","title":{"rendered":"Tutor\u00edas para la Apreciaci\u00f3n Art\u00edstica favorece formaci\u00f3n integral"},"content":{"rendered":"<ul>\n<li><i><\/i><i>Las fechas de inscripci\u00f3n en l\u00ednea para el pr\u00f3ximo periodo escolar ser\u00e1n del 9 de julio al 27 de agosto<\/i><\/li>\n<\/ul>\n<div id=\"attachment_49375\" style=\"width: 732px\" class=\"wp-caption aligncenter\"><a href=\"https:\/\/www.uv.mx\/prensa\/files\/2018\/06\/150618-GENERAL-Tutorias-1-100k.jpg\"><img loading=\"lazy\" decoding=\"async\" aria-describedby=\"caption-attachment-49375\" class=\"size-full wp-image-49375\" src=\"https:\/\/www.uv.mx\/prensa\/files\/2018\/06\/150618-GENERAL-Tutorias-1-100k.jpg\" alt=\"\" width=\"722\" height=\"542\" srcset=\"https:\/\/www.uv.mx\/prensa\/files\/2018\/06\/150618-GENERAL-Tutorias-1-100k.jpg 722w, https:\/\/www.uv.mx\/prensa\/files\/2018\/06\/150618-GENERAL-Tutorias-1-100k-300x225.jpg 300w\" sizes=\"auto, (max-width: 722px) 100vw, 722px\" \/><\/a><p id=\"caption-attachment-49375\" class=\"wp-caption-text\">En este periodo escolar la UV imparti\u00f3 52 programas de tutor\u00edas a casi 300 estudiantes<\/p><\/div>\n<p><b><i>Karina de la Paz Reyes D\u00edaz<\/i><\/b><\/p>\n<p><b><i>15\/06\/18, Xalapa, Ver.- <\/i><\/b>La Direcci\u00f3n General de Desarrollo Acad\u00e9mico e Innovaci\u00f3n Educativa de la Universidad Veracruzana (UV) realiz\u00f3 el festival de cierre de las Tutor\u00edas para la Apreciaci\u00f3n Art\u00edstica en la Facultad de Ciencias Administrativas y Sociales (FCAS).<\/p>\n<p>El evento se desarroll\u00f3 el 28 de mayo con notoria asistencia de acad\u00e9micos, estudiantes y familiares de \u00e9stos (m\u00e1s de un centenar en total), quienes disfrutaron las presentaciones art\u00edsticas de seis programas de tutor\u00edas: Acerc\u00e1ndome a la danza folcl\u00f3rica, Baile afrocubano veracruzano, Veracruz y su m\u00fasica, Ritmos latinos, La ejecuci\u00f3n de la jarana en el son jarocho y Arpa jarocha, \u00a1con\u00f3cela!<\/p>\n<p>Cabe citar que en el transcurso de este periodo escolar febrero 2018- junio 2018 se impartieron 52 programas de Tutor\u00edas para la Apreciaci\u00f3n Art\u00edstica, distribuidos de la siguiente manera: 30 en la regi\u00f3n Xalapa, 20 en Veracruz, uno en Orizaba-C\u00f3rdoba y otro m\u00e1s en Poza Rica-Tuxpan. En total participaron alrededor de 300 estudiantes de la UV.<\/p>\n<p>A prop\u00f3sito de lo anterior, se hace extensiva la invitaci\u00f3n a estudiantes y acad\u00e9micos para que participen en estos programas, cuya intenci\u00f3n es fortalecer la formaci\u00f3n integral. Las fechas de inscripci\u00f3n en l\u00ednea para el pr\u00f3ximo periodo ser\u00e1n del 9 de julio al 27 de agosto.<\/p>\n<p>Para m\u00e1s informaci\u00f3n, consulte el enlace <a href=\"https:\/\/bit.ly\/2t6nqs7\">https:\/\/bit.ly\/2t6nqs7<\/a><\/p>\n<p>Adem\u00e1s, puede consultar en el Departamento de Apoyo a la Formaci\u00f3n Integral del Estudiante, cuya l\u00ednea telef\u00f3nica es 8421700, extensi\u00f3n 18902.<\/p>\n<div id=\"attachment_49376\" style=\"width: 732px\" class=\"wp-caption aligncenter\"><a href=\"https:\/\/www.uv.mx\/prensa\/files\/2018\/06\/150618-GENERAL-Tutorias-2-100k.jpg\"><img loading=\"lazy\" decoding=\"async\" aria-describedby=\"caption-attachment-49376\" class=\"size-full wp-image-49376\" src=\"https:\/\/www.uv.mx\/prensa\/files\/2018\/06\/150618-GENERAL-Tutorias-2-100k.jpg\" alt=\"\" width=\"722\" height=\"542\" srcset=\"https:\/\/www.uv.mx\/prensa\/files\/2018\/06\/150618-GENERAL-Tutorias-2-100k.jpg 722w, https:\/\/www.uv.mx\/prensa\/files\/2018\/06\/150618-GENERAL-Tutorias-2-100k-300x225.jpg 300w\" sizes=\"auto, (max-width: 722px) 100vw, 722px\" \/><\/a><p id=\"caption-attachment-49376\" class=\"wp-caption-text\">El p\u00fablico se mostr\u00f3 entusiasta<\/p><\/div>\n","protected":false},"excerpt":{"rendered":"<p>En el transcurso del periodo escolar Febrero 2018-Junio 2018 se impartieron 52 programas<\/p>\n","protected":false},"author":1775,"featured_media":49375,"comment_status":"closed","ping_status":"closed","sticky":false,"template":"","format":"standard","meta":{"footnotes":""},"categories":[1],"tags":[2237,829,2592,264,2254,4015,2236],"class_list":["post-49374","post","type-post","status-publish","format-standard","has-post-thumbnail","hentry","category-general","tag-apreciacion-artistica","tag-direccion-general-de-desarrollo-academico-e-innovacion-educativa","tag-facultad-de-ciencias-administrativas-y-sociales","tag-fcas","tag-festival","tag-karina-de-la-paz-reyes-diaz","tag-tutorias"],"_links":{"self":[{"href":"https:\/\/www.uv.mx\/prensa\/wp-json\/wp\/v2\/posts\/49374","targetHints":{"allow":["GET"]}}],"collection":[{"href":"https:\/\/www.uv.mx\/prensa\/wp-json\/wp\/v2\/posts"}],"about":[{"href":"https:\/\/www.uv.mx\/prensa\/wp-json\/wp\/v2\/types\/post"}],"author":[{"embeddable":true,"href":"https:\/\/www.uv.mx\/prensa\/wp-json\/wp\/v2\/users\/1775"}],"replies":[{"embeddable":true,"href":"https:\/\/www.uv.mx\/prensa\/wp-json\/wp\/v2\/comments?post=49374"}],"version-history":[{"count":1,"href":"https:\/\/www.uv.mx\/prensa\/wp-json\/wp\/v2\/posts\/49374\/revisions"}],"predecessor-version":[{"id":104269,"href":"https:\/\/www.uv.mx\/prensa\/wp-json\/wp\/v2\/posts\/49374\/revisions\/104269"}],"wp:featuredmedia":[{"embeddable":true,"href":"https:\/\/www.uv.mx\/prensa\/wp-json\/wp\/v2\/media\/49375"}],"wp:attachment":[{"href":"https:\/\/www.uv.mx\/prensa\/wp-json\/wp\/v2\/media?parent=49374"}],"wp:term":[{"taxonomy":"category","embeddable":true,"href":"https:\/\/www.uv.mx\/prensa\/wp-json\/wp\/v2\/categories?post=49374"},{"taxonomy":"post_tag","embeddable":true,"href":"https:\/\/www.uv.mx\/prensa\/wp-json\/wp\/v2\/tags?post=49374"}],"curies":[{"name":"wp","href":"https:\/\/api.w.org\/{rel}","templated":true}]}}