{"id":49345,"date":"2018-06-14T16:12:46","date_gmt":"2018-06-14T21:12:46","guid":{"rendered":"https:\/\/www.uv.mx\/prensa\/?p=49345"},"modified":"2018-06-14T16:12:46","modified_gmt":"2018-06-14T21:12:46","slug":"microna-presento-revista-digital-materia-ciencia-y-nanociencia","status":"publish","type":"post","link":"https:\/\/www.uv.mx\/prensa\/regiones\/veracruz\/microna-presento-revista-digital-materia-ciencia-y-nanociencia\/","title":{"rendered":"<em>Microna<\/em> present\u00f3 revista digital <em>Materia, Ciencia y Nanociencia<\/em>"},"content":{"rendered":"<ul>\n<li><i>Difunde investigaciones de nanotecnolog\u00eda, f\u00edsica, qu\u00edmica, medicina, energ\u00eda, biolog\u00eda e ingenier\u00eda<\/i><\/li>\n<li><i>Est\u00e1 disponible en <\/i><a href=\"http:\/\/www.revistamcyn.mx\/\"><i>http:\/\/www.revistamcyn.mx\/<\/i><\/a><\/li>\n<\/ul>\n<p>&nbsp;<\/p>\n<div id=\"attachment_49347\" style=\"width: 568px\" class=\"wp-caption aligncenter\"><a href=\"https:\/\/www.uv.mx\/prensa\/files\/2018\/06\/140618-VERACRUZ-microna-1.jpg\"><img loading=\"lazy\" decoding=\"async\" aria-describedby=\"caption-attachment-49347\" class=\"size-full wp-image-49347\" src=\"https:\/\/www.uv.mx\/prensa\/files\/2018\/06\/140618-VERACRUZ-microna-1.jpg\" alt=\"\" width=\"558\" height=\"722\" srcset=\"https:\/\/www.uv.mx\/prensa\/files\/2018\/06\/140618-VERACRUZ-microna-1.jpg 558w, https:\/\/www.uv.mx\/prensa\/files\/2018\/06\/140618-VERACRUZ-microna-1-232x300.jpg 232w\" sizes=\"auto, (max-width: 558px) 100vw, 558px\" \/><\/a><p id=\"caption-attachment-49347\" class=\"wp-caption-text\">Primera edici\u00f3n de la revista <em>Materia, Ciencia y Nanociencia<\/em><\/p><\/div>\n<p>&nbsp;<\/p>\n<p><b><i>Alma Mart\u00ednez Maldonado<\/i><\/b><\/p>\n<p><b><i>14\/06\/18, Boca del R\u00edo, Ver.-<\/i><\/b><i> <\/i>Resultado de una propuesta colaborativa y un trabajo multidisciplinario, el Centro de Investigaci\u00f3n en Micro y Nanotecnolog\u00eda (<i>Microna<\/i>) de la Universidad Veracruzana (UV), present\u00f3 la revista digital <i>Materia, Ciencia y Nanociencia<\/i>, que puede consultarse en <a href=\"http:\/\/www.revistamcyn.mx\/\">http:\/\/www.revistamcyn.mx\/<\/a>.<\/p>\n<p>Su objetivo es difundir las actividades de investigaci\u00f3n b\u00e1sica, aplicada y el desarrollo tecnol\u00f3gico (con un enfoque acad\u00e9mico-cient\u00edfico) que se realizan en las instituciones de educaci\u00f3n superior (IES) o centros de investigaci\u00f3n del pa\u00eds, en las \u00e1reas de f\u00edsica, qu\u00edmica, biolog\u00eda, medicina, energ\u00eda y medio ambiente e ingenier\u00eda.<\/p>\n<p>Luis Zamora Peredo, coordinador de <i>Microna<\/i> y director de la publicaci\u00f3n, explic\u00f3 que el comit\u00e9 editorial reuni\u00f3 investigaciones que se est\u00e1n desarrollando en diversas partes del pa\u00eds con la intenci\u00f3n de socializarlas.<\/p>\n<p>Abund\u00f3 en la necesidad de que los trabajos cient\u00edficos se traduzcan en nuevos saberes y sean ampliamente conocidos a nivel nacional e internacional, para dar fruto a nuevas colaboraciones interinstitucionales.<span class=\"Apple-converted-space\">\u00a0<\/span><\/p>\n<p>Como ejemplo present\u00f3 su art\u00edculo \u201c\u00bfUn mango se madura desde el hueso hacia la c\u00e1scara?\u201d, que es resultado de una investigaci\u00f3n entre la Universidad Tecnol\u00f3gica del Centro de M\u00e9xico y <i>Microna<\/i>.<\/p>\n<p>&nbsp;<\/p>\n<div id=\"attachment_49350\" style=\"width: 732px\" class=\"wp-caption aligncenter\"><a href=\"https:\/\/www.uv.mx\/prensa\/files\/2018\/06\/140618-VERACRUZ-microna-4.jpg\"><img loading=\"lazy\" decoding=\"async\" aria-describedby=\"caption-attachment-49350\" class=\"size-full wp-image-49350\" src=\"https:\/\/www.uv.mx\/prensa\/files\/2018\/06\/140618-VERACRUZ-microna-4.jpg\" alt=\"\" width=\"722\" height=\"478\" srcset=\"https:\/\/www.uv.mx\/prensa\/files\/2018\/06\/140618-VERACRUZ-microna-4.jpg 722w, https:\/\/www.uv.mx\/prensa\/files\/2018\/06\/140618-VERACRUZ-microna-4-300x199.jpg 300w\" sizes=\"auto, (max-width: 722px) 100vw, 722px\" \/><\/a><p id=\"caption-attachment-49350\" class=\"wp-caption-text\">Equipo de trabajo de la publicaci\u00f3n<\/p><\/div>\n<p>&nbsp;<\/p>\n<p>Zamora Peredo dirigi\u00f3 unas palabras de agradecimiento a los asistentes por el apoyo e invit\u00f3 a la comunidad a sumarse a este proyecto con la publicaci\u00f3n de sus trabajos o fotograf\u00edas cient\u00edficas a trav\u00e9s de la convocatoria en l\u00ednea, la cual est\u00e1 abierta al p\u00fablico en general.<\/p>\n<p>El vicerrector Alfonso P\u00e9rez Morales felicit\u00f3 a los investigadores que forman parte de este proyecto y aplaudi\u00f3 la iniciativa que fortalecer\u00e1 el conocimiento cient\u00edfico en las \u00e1reas de nanotecnolog\u00eda, ingenier\u00eda, f\u00edsica, qu\u00edmica, biolog\u00eda, medicina, energ\u00eda y medio ambiente.<\/p>\n<p>La presentaci\u00f3n de la p\u00e1gina <i>web<\/i> y las redes sociales estuvo a cargo del editor y <i>web master<\/i> de la revista, Marcos Luna Cervantes, quien mostr\u00f3 las \u00e1reas que se pueden visitar dentro de este espacio virtual y habl\u00f3 sobre el cuestionario mediante el cual pueden hacer llegar sus propuestas.<span class=\"Apple-converted-space\">\u00a0<\/span><\/p>\n<p>Adem\u00e1s, Carlos Cer\u00f3n \u00c1lvarez, uno de los editores de <i>Materia, Ciencia y Nanociencia<\/i>, mostr\u00f3 el comit\u00e9 editorial y cient\u00edfico, as\u00ed como el equipo de trabajo de dise\u00f1o gr\u00e1fico, <i>webmaster<\/i> y <i>social media network, <\/i>que colabor\u00f3 en este primer volumen.<\/p>\n<p>De igual forma estuvieron presentes algunos de los autores,\u00a0quienes presentaron parte de los art\u00edculos publicados.<\/p>\n<p>&nbsp;<\/p>\n<div id=\"attachment_49349\" style=\"width: 732px\" class=\"wp-caption aligncenter\"><a href=\"https:\/\/www.uv.mx\/prensa\/files\/2018\/06\/140618-VERACRUZ-microna-3.jpg\"><img loading=\"lazy\" decoding=\"async\" aria-describedby=\"caption-attachment-49349\" class=\"size-full wp-image-49349\" src=\"https:\/\/www.uv.mx\/prensa\/files\/2018\/06\/140618-VERACRUZ-microna-3.jpg\" alt=\"\" width=\"722\" height=\"478\" srcset=\"https:\/\/www.uv.mx\/prensa\/files\/2018\/06\/140618-VERACRUZ-microna-3.jpg 722w, https:\/\/www.uv.mx\/prensa\/files\/2018\/06\/140618-VERACRUZ-microna-3-300x199.jpg 300w\" sizes=\"auto, (max-width: 722px) 100vw, 722px\" \/><\/a><p id=\"caption-attachment-49349\" class=\"wp-caption-text\">Amado Carlos Garc\u00eda expuso acerca de los nanomateriales<\/p><\/div>\n<p>&nbsp;<\/p>\n<p>Yuri B. Okolodkov, investigador del Instituto de Ciencias Marinas y Pesquer\u00edas (<i>Icimap<\/i>), present\u00f3 su art\u00edculo \u201cSemejanzas en la naturaleza: el mar <i>versus<\/i> tierra\u201d, mientras que Francisco L\u00f3pez Huerta, acad\u00e9mico de la Facultad de Ingenier\u00eda El\u00e9ctrica y Electr\u00f3nica, habl\u00f3 sobre \u201cDispositivos termoel\u00e9ctricos: generando electricidad usando el calor residual\u201d.<\/p>\n<p>Para concluir, el estudiante de la Maestr\u00eda en Ciencias en Micro y Nanosistemas, Amado Carlos Garc\u00eda Velasco, expuso acerca de los \u201cNanomateriales para la detecci\u00f3n de contaminantes en el agua\u201d.<\/p>\n<p>Los ponentes mencionaron que la informaci\u00f3n completa de sus art\u00edculos, as\u00ed como el contenido completo de la revista, se puede consultar en: <a href=\"http:\/\/www.revistamcyn.mx\/\">http:\/\/www.revistamcyn.mx\/<\/a>, con opci\u00f3n para descarga.<\/p>\n<p>Durante la presentaci\u00f3n de la revista se realizaron sorteos de regalos para los asistentes mediante una ruleta digital y se cont\u00f3 con el acompa\u00f1amiento del saxofonista e integrante de grupo Nematal\u00edn Madera, Heber Guti\u00e9rrez Carrasco.<\/p>\n<p>Como parte de este evento, el Vicerrector devel\u00f3 la placa virtual de la revista junto con el coordinador regional de posgrado, Enrique Morales Gonz\u00e1lez; tambi\u00e9n asisti\u00f3 \u00d3scar Vel\u00e1zquez Camilo, director de la Facultad de Ciencias Qu\u00edmicas de la UV.<span class=\"Apple-converted-space\">\u00a0<\/span><\/p>\n<p>&nbsp;<\/p>\n<div id=\"attachment_49348\" style=\"width: 732px\" class=\"wp-caption aligncenter\"><a href=\"https:\/\/www.uv.mx\/prensa\/files\/2018\/06\/140618-VERACRUZ-microna-2.jpg\"><img loading=\"lazy\" decoding=\"async\" aria-describedby=\"caption-attachment-49348\" class=\"size-full wp-image-49348\" src=\"https:\/\/www.uv.mx\/prensa\/files\/2018\/06\/140618-VERACRUZ-microna-2.jpg\" alt=\"\" width=\"722\" height=\"478\" srcset=\"https:\/\/www.uv.mx\/prensa\/files\/2018\/06\/140618-VERACRUZ-microna-2.jpg 722w, https:\/\/www.uv.mx\/prensa\/files\/2018\/06\/140618-VERACRUZ-microna-2-300x199.jpg 300w\" sizes=\"auto, (max-width: 722px) 100vw, 722px\" \/><\/a><p id=\"caption-attachment-49348\" class=\"wp-caption-text\">Asistentes a la presentaci\u00f3n<\/p><\/div>\n","protected":false},"excerpt":{"rendered":"<p>Su objetivo es difundir las actividades de investigaci\u00f3n b\u00e1sica, aplicada y el desarrollo tecnol\u00f3gico, destac\u00f3 Luis Zamora Peredo, coordinador de <em>Microna<\/em> y director de la publicaci\u00f3n<\/p>\n","protected":false},"author":1508,"featured_media":49346,"comment_status":"closed","ping_status":"closed","sticky":false,"template":"","format":"standard","meta":{"footnotes":""},"categories":[55],"tags":[],"class_list":["post-49345","post","type-post","status-publish","format-standard","has-post-thumbnail","hentry","category-veracruz"],"_links":{"self":[{"href":"https:\/\/www.uv.mx\/prensa\/wp-json\/wp\/v2\/posts\/49345","targetHints":{"allow":["GET"]}}],"collection":[{"href":"https:\/\/www.uv.mx\/prensa\/wp-json\/wp\/v2\/posts"}],"about":[{"href":"https:\/\/www.uv.mx\/prensa\/wp-json\/wp\/v2\/types\/post"}],"author":[{"embeddable":true,"href":"https:\/\/www.uv.mx\/prensa\/wp-json\/wp\/v2\/users\/1508"}],"replies":[{"embeddable":true,"href":"https:\/\/www.uv.mx\/prensa\/wp-json\/wp\/v2\/comments?post=49345"}],"version-history":[{"count":0,"href":"https:\/\/www.uv.mx\/prensa\/wp-json\/wp\/v2\/posts\/49345\/revisions"}],"wp:featuredmedia":[{"embeddable":true,"href":"https:\/\/www.uv.mx\/prensa\/wp-json\/wp\/v2\/media\/49346"}],"wp:attachment":[{"href":"https:\/\/www.uv.mx\/prensa\/wp-json\/wp\/v2\/media?parent=49345"}],"wp:term":[{"taxonomy":"category","embeddable":true,"href":"https:\/\/www.uv.mx\/prensa\/wp-json\/wp\/v2\/categories?post=49345"},{"taxonomy":"post_tag","embeddable":true,"href":"https:\/\/www.uv.mx\/prensa\/wp-json\/wp\/v2\/tags?post=49345"}],"curies":[{"name":"wp","href":"https:\/\/api.w.org\/{rel}","templated":true}]}}