{"id":49240,"date":"2018-06-13T12:03:20","date_gmt":"2018-06-13T17:03:20","guid":{"rendered":"https:\/\/www.uv.mx\/prensa\/?p=49240"},"modified":"2018-06-13T12:03:20","modified_gmt":"2018-06-13T17:03:20","slug":"fime-y-el-cicese-someteran-proyecto-ante-el-impi","status":"publish","type":"post","link":"https:\/\/www.uv.mx\/prensa\/banner\/fime-y-el-cicese-someteran-proyecto-ante-el-impi\/","title":{"rendered":"FIME y el CICESE someter\u00e1n proyecto ante el IMPI"},"content":{"rendered":"<style type=\"text\/css\">\n  blockquote p { color: #28519b; font-family: helvetica; font-size: 1.6em; }\n<\/style>\n<ul>\n<li><em>Se trata de obtener la patente para un sistema de reproducci\u00f3n de sismos a escala<\/em><\/li>\n<li><em>Por \u00e9ste y otros logros, Ervin Jes\u00fas \u00c1lvarez S\u00e1nchez, acad\u00e9mico de la Facultad, recibi\u00f3 el Reconocimiento a la Innovaci\u00f3n Universitaria 2018<\/em><\/li>\n<\/ul>\n<p>&nbsp;<\/p>\n<div id=\"attachment_49254\" style=\"width: 732px\" class=\"wp-caption aligncenter\"><a href=\"https:\/\/www.uv.mx\/prensa\/files\/2018\/06\/130618-PATENTES-FIME-1-100.jpg\"><img loading=\"lazy\" decoding=\"async\" aria-describedby=\"caption-attachment-49254\" class=\"size-full wp-image-49254\" src=\"https:\/\/www.uv.mx\/prensa\/files\/2018\/06\/130618-PATENTES-FIME-1-100.jpg\" alt=\"\" width=\"722\" height=\"483\" srcset=\"https:\/\/www.uv.mx\/prensa\/files\/2018\/06\/130618-PATENTES-FIME-1-100.jpg 722w, https:\/\/www.uv.mx\/prensa\/files\/2018\/06\/130618-PATENTES-FIME-1-100-300x201.jpg 300w\" sizes=\"auto, (max-width: 722px) 100vw, 722px\" \/><\/a><p id=\"caption-attachment-49254\" class=\"wp-caption-text\">Ervin Jes\u00fas \u00c1lvarez S\u00e1nchez, acad\u00e9mico de la FIME-Xalapa<\/p><\/div>\n<p>&nbsp;<\/p>\n<blockquote><p>Ervin Jes\u00fas \u00c1lvarez S\u00e1nchez, del cuerpo acad\u00e9mico\u201cIngenier\u00eda Transdisciplinar\u201d, destac\u00f3 que la solicitud de patente se encuentra en fase de acuerdos de Abogados Generales de ambas instituciones educativas<\/p><\/blockquote>\n<p>&nbsp;<\/p>\n<blockquote><p>La FIME tambi\u00e9n han ingresado ante el IMPI otros tres proyectos: Trib\u00f3metro Electrohidr\u00e1ulico; Sistema mec\u00e1nico para desgarre de envolturas de material flexible y un ba\u00f1o garrapaticida desmantelable<\/p><\/blockquote>\n<p>&nbsp;<\/p>\n<p><strong><em>Claudia Peralta V<\/em><\/strong><strong><em>\u00e1zquez<\/em><\/strong><\/p>\n<p><strong><em>13\/06\/18, Xalapa, Ver.-<\/em><\/strong> La Facultad de Ingenier\u00eda Mec\u00e1nica y El\u00e9ctrica (FIME) campus Xalapa, de la Universidad Veracruzana (UV), en coordinaci\u00f3n con el Centro de Investigaci\u00f3n Cient\u00edfica y de Educaci\u00f3n Superior de Ensenada, Baja California (CICESE), someter\u00e1n ante el Instituto Mexicano de la Propiedad Industrial (IMPI), un sistema de reproducci\u00f3n de sismos a escala, con el fin de evaluar los efectos de los movimientos tel\u00faricos en las estructuras.<\/p>\n<p>En total, la FIME-Xalapa ha ingresado tres innovaciones distintas ante este organismo p\u00fablico federal, que aunado a otros avances y logros aplicados en beneficio de la sociedad, propici\u00f3 el Reconocimiento a la Innovaci\u00f3n Acad\u00e9mica 2018, que la UV le otorg\u00f3 hace unos meses a Ervin Jes\u00fas \u00c1lvarez S\u00e1nchez, acad\u00e9mico de esta entidad acad\u00e9mica y titular del Laboratorio de Investigaci\u00f3n en Mecatr\u00f3nica Aplicada.<\/p>\n<p>Tal distinci\u00f3n alude al impulso y fomento de la cultura de la innovaci\u00f3n entre la comunidad universitaria y a su contribuci\u00f3n al desarrollo de la ciencia y la tecnolog\u00eda en el estado de Veracruz.<\/p>\n<p>Desde su perspectiva, el \u00e1rea que dirige ha atra\u00eddo la participaci\u00f3n de acad\u00e9micos, investigadores y estudiantes de diversos programas educativos (PE) y de regiones universitarias para el desarrollo de nuevas ideas y proyectos.<\/p>\n<p>El integrante del cuerpo acad\u00e9mico (CA) \u201cIngenier\u00eda Transdisciplinar\u201d, destac\u00f3 que esta \u00faltima solicitud de patente se encuentra actualmente en fase de acuerdos de Abogados Generales de ambas instituciones educativas, y espera que haya factibilidad para ser ingresada durante el presente a\u00f1o.<\/p>\n<p>Resalt\u00f3 la utilidad del sistema de reproducci\u00f3n de sismos a escala, pues tras un movimiento tel\u00farico la frecuencia natural de una estructura entra en resonancia. Eso ocasiona que colapse, se fracture y tenga fisuras.<\/p>\n<p>Explic\u00f3 que en el mercado una mesa s\u00edsmica austera oscila entre los 500 y 600 mil pesos, en la que \u00fanicamente puede colocarse un pedazo de estructura.<\/p>\n<p>La propuesta de esta innovaci\u00f3n es colocar sobre la mesa una estructura peque\u00f1a con dos bases que se mueven de forma independiente para tratar de emular comportamientos de la tierra en formas y frecuencias distintas.<\/p>\n<p>\u00c1lvarez S\u00e1nchez se\u00f1al\u00f3 que dicho sistema logra evaluar el coeficiente y fallos de las estructuras, torsi\u00f3n y compactaci\u00f3n.<\/p>\n<p>De lograrse la patente, depender\u00e1 de la UV si lo reproduce o lo mejora, ya que ser\u00eda de gran utilidad para alumnos de Arquitectura, Ingenier\u00eda Mec\u00e1nica, Ingenier\u00eda Civil e Ingenier\u00eda Mecatr\u00f3nica.<\/p>\n<p>Puntualiz\u00f3 que ante el IMPI tambi\u00e9n han ingresado otros tres proyectos: Trib\u00f3metro Electrohidr\u00e1ulico; Sistema mec\u00e1nico para desgarre de envolturas de material flexible (para mejorar la separaci\u00f3n de residuos dom\u00e9sticos); y un ba\u00f1o garrapaticida desmantelable, \u00e9ste \u00faltimo realizado en coordinaci\u00f3n con la Facultad de Agronom\u00eda de la UV.<\/p>\n<p>Dichas acciones tambi\u00e9n involucran la elaboraci\u00f3n de una pr\u00f3tesis transfemoral y la adaptaci\u00f3n de una mano mec\u00e1nica en beneficio de un menor de seis a\u00f1os de edad, como resultado del trabajo de tesis de estudiantes de la FIME.<\/p>\n<p>Sobre este \u00faltimo prototipo, el acad\u00e9mico indic\u00f3 que actualmente se trabaja en un dise\u00f1o automatizado junto con investigadores del Centro de Investigaci\u00f3n en Inteligencia Artificial y de la Facultad de Instrumentaci\u00f3n Electr\u00f3nica de la UV, en el que adem\u00e1s interviene un alumno de Ingenier\u00eda Mec\u00e1nica.<\/p>\n<p>\u201cQueremos hacer una pr\u00f3tesis inteligente que re\u00fana toda la parte electr\u00f3nica para disminuir gastos de energ\u00eda, p\u00e9rdidas y optimizar espacios\u201d.<\/p>\n<p>Con los estudiantes de la FIME tambi\u00e9n se desarrollan algunos dispositivos y prototipos del \u00e1mbito educativo y de ingenier\u00eda en alimentos, en el cual se involucrar\u00e1 a alumnos del pr\u00f3ximo curso intersemestral.<\/p>\n<p>Viendo estos resultados nos anima a seguir trabajando y proponer nuevas cosas e ideas\u201d, concluy\u00f3.<\/p>\n","protected":false},"excerpt":{"rendered":"<p>La Facultad de Ingenier\u00eda Mec\u00e1nica y El\u00e9ctrica de la UV y el Centro de Investigaci\u00f3n Cient\u00edfica y de Educaci\u00f3n Superior de Ensenada buscan evaluar los efectos de los movimientos tel\u00faricos en estructuras<\/p>\n","protected":false},"author":1869,"featured_media":49244,"comment_status":"closed","ping_status":"closed","sticky":false,"template":"","format":"standard","meta":{"footnotes":""},"categories":[61],"tags":[],"class_list":["post-49240","post","type-post","status-publish","format-standard","has-post-thumbnail","hentry","category-banner"],"_links":{"self":[{"href":"https:\/\/www.uv.mx\/prensa\/wp-json\/wp\/v2\/posts\/49240","targetHints":{"allow":["GET"]}}],"collection":[{"href":"https:\/\/www.uv.mx\/prensa\/wp-json\/wp\/v2\/posts"}],"about":[{"href":"https:\/\/www.uv.mx\/prensa\/wp-json\/wp\/v2\/types\/post"}],"author":[{"embeddable":true,"href":"https:\/\/www.uv.mx\/prensa\/wp-json\/wp\/v2\/users\/1869"}],"replies":[{"embeddable":true,"href":"https:\/\/www.uv.mx\/prensa\/wp-json\/wp\/v2\/comments?post=49240"}],"version-history":[{"count":0,"href":"https:\/\/www.uv.mx\/prensa\/wp-json\/wp\/v2\/posts\/49240\/revisions"}],"wp:featuredmedia":[{"embeddable":true,"href":"https:\/\/www.uv.mx\/prensa\/wp-json\/wp\/v2\/media\/49244"}],"wp:attachment":[{"href":"https:\/\/www.uv.mx\/prensa\/wp-json\/wp\/v2\/media?parent=49240"}],"wp:term":[{"taxonomy":"category","embeddable":true,"href":"https:\/\/www.uv.mx\/prensa\/wp-json\/wp\/v2\/categories?post=49240"},{"taxonomy":"post_tag","embeddable":true,"href":"https:\/\/www.uv.mx\/prensa\/wp-json\/wp\/v2\/tags?post=49240"}],"curies":[{"name":"wp","href":"https:\/\/api.w.org\/{rel}","templated":true}]}}