{"id":49172,"date":"2018-06-12T10:52:22","date_gmt":"2018-06-12T15:52:22","guid":{"rendered":"https:\/\/www.uv.mx\/prensa\/?p=49172"},"modified":"2021-10-28T12:39:08","modified_gmt":"2021-10-28T17:39:08","slug":"he-aprovechado-todo-lo-que-la-uv-me-ofrece-estudiante-de-danza","status":"publish","type":"post","link":"https:\/\/www.uv.mx\/prensa\/general\/he-aprovechado-todo-lo-que-la-uv-me-ofrece-estudiante-de-danza\/","title":{"rendered":"He aprovechado todo lo que la UV  me ofrece: estudiante de Danza"},"content":{"rendered":"<ul>\n<li><i>Christopher Alexander Castro Herrera compagina su formaci\u00f3n danc\u00edstica con la que recibe en la Licenciatura en Pedagog\u00eda<\/i><\/li>\n<li><i>Recientemente tom\u00f3 el Taller de Desarrollo de Habilidades para la Inserci\u00f3n Laboral y Competitividad Profesional<\/i><\/li>\n<li><i>Para \u00e9l, el mundo laboral necesita tolerancia, constancia y voluntad<\/i><\/li>\n<\/ul>\n<div id=\"attachment_49128\" style=\"width: 732px\" class=\"wp-caption aligncenter\"><a href=\"https:\/\/www.uv.mx\/prensa\/files\/2018\/06\/110618-GENERAL-vinculacion.jpg\"><img loading=\"lazy\" decoding=\"async\" aria-describedby=\"caption-attachment-49128\" class=\"size-full wp-image-49128\" src=\"https:\/\/www.uv.mx\/prensa\/files\/2018\/06\/110618-GENERAL-vinculacion.jpg\" alt=\"\" width=\"722\" height=\"483\" srcset=\"https:\/\/www.uv.mx\/prensa\/files\/2018\/06\/110618-GENERAL-vinculacion.jpg 722w, https:\/\/www.uv.mx\/prensa\/files\/2018\/06\/110618-GENERAL-vinculacion-300x201.jpg 300w\" sizes=\"auto, (max-width: 722px) 100vw, 722px\" \/><\/a><p id=\"caption-attachment-49128\" class=\"wp-caption-text\">\u201cLa presi\u00f3n social siempre existir\u00e1, pero yo lo que tengo es voluntad, trabajo diario y me siento comprometido\u201d<\/p><\/div>\n<p><b><i>Karina de la Paz Reyes D\u00edaz<\/i><\/b><\/p>\n<p><b><i>12\/06\/18, Xalapa, Ver.-<\/i><\/b> Para Christopher Alexander Castro Herrera, estudiante de la Licenciatura en <a href=\"https:\/\/www.uv.mx\/danza\/\">Danza<\/a> Contempor\u00e1nea de la Universidad Veracruzana (UV), lo primordial es que cada persona estudie y se dedique a lo que m\u00e1s le apasiona, eso conduce al desarrollo de un satisfactorio proyecto personal que a su vez permitir\u00e1 el sustento econ\u00f3mico. De acuerdo con \u00e9l, de esta manera se supera la constante y reiterada cr\u00edtica social sobre el escaso campo laboral para quienes se dedican a las bellas artes. <span class=\"Apple-converted-space\">\u00a0<\/span><\/p>\n<p>El joven de 24 a\u00f1os \u2014que estudia a la par de Danza Contempor\u00e1nea la Licenciatura en Pedagog\u00eda en el Sistema de Ense\u00f1anza Abierta de la UV\u2014, fue uno de los<span class=\"Apple-converted-space\">\u00a0 <\/span>44 participantes del Taller de Desarrollo de Habilidades para la Inserci\u00f3n Laboral y Competitividad Profesional que imparti\u00f3 la <a href=\"https:\/\/www.uv.mx\/vinculacion\/\">Direcci\u00f3n General de Vinculaci\u00f3n<\/a> (DGV) a trav\u00e9s del Programa de Vinculaci\u00f3n para el Desarrollo Profesional e Inserci\u00f3n Laboral, el 10 de abril.<\/p>\n<p>En entrevista con <i>Universo<\/i> comparti\u00f3 que ha aprovechado todo lo que la UV ofrece, pues adem\u00e1s de cursar dos carreras de manera simult\u00e1nea, estudi\u00f3 ingl\u00e9s y franc\u00e9s en diversas entidades acad\u00e9micas y el Centro de Idiomas; ahora hace lo propio con el alem\u00e1n. Entre sus frutos acad\u00e9micos tambi\u00e9n est\u00e1 la movilidad que realiz\u00f3 el ciclo escolar pasado (agosto-diciembre 2017) al Instituto Superior de Arte, Cuba.<\/p>\n<p>Christopher Alexander se inici\u00f3 en la danza por un mero gusto, pero a la fecha afirma que se trata de su vocaci\u00f3n de vida; mientras que Pedagog\u00eda la estudia para complementar su formaci\u00f3n y porque se trata de algo casi innato, pues proviene de familia de profesores y \u201cla labor docente es algo normal\u201d.<\/p>\n<p>\u201cEn mi familia siempre me han marcado mucho la disciplina acad\u00e9mica, entonces tener una falta escolar es muy reprobatorio en casa; por lo cual, yo iba a estudiar algo de Ciencias de la Salud (inter\u00e9s que concret\u00f3 a trav\u00e9s del Diplomado en Arte Terapia que ofrece el \u00c1rea Acad\u00e9mica de Artes de la UV), pero al mismo tiempo ten\u00eda otra necesidad. Fue muy complicado porque mi familia, como la mayor\u00eda de las familias mexicanas, ven que esto no es una fuente de ingresos, pero desde el primer d\u00eda que entr\u00e9 a la Facultad de Danza a hacer la audici\u00f3n, hasta hoy, nunca he dejado de sentirme feliz, es cuando me di cuenta que es m\u00e1s importante estar donde el coraz\u00f3n te diga que se siente bien, que recibir otros logros.\u201d<\/p>\n<p>Se trata de un universitario cuyas actividades danc\u00edsticas (talleres, clases y ensayos) se desarrollan de lunes a domingo; es m\u00e1s, recientemente fue invitado a ser parte de la compa\u00f1\u00eda \u00c1ngulo Alterno Danza, con prestigio nacional.<span class=\"Apple-converted-space\">\u00a0<\/span><\/p>\n<p>El \u00fanico d\u00eda sin actividades era el s\u00e1bado, por ello decidi\u00f3 ingresar a Pedagog\u00eda SEA. \u201cNo me conflict\u00faa estudiar, me gusta, s\u00f3lo tengo que hacer tareas y asistir a clase, no hago ning\u00fan esfuerzo f\u00edsico como el que estoy acostumbrado a hacer normalmente, entonces es como un d\u00eda de descanso\u201d, dijo al respecto.<span class=\"Apple-converted-space\">\u00a0<\/span><\/p>\n<p>Pero aclar\u00f3 que va m\u00e1s all\u00e1 de hacer una actividad por hacerla, pues a la fecha cursar la Licenciatura en Pedagog\u00eda ya le ha facilitado el camino en planteamientos danc\u00edsticos personales: \u201cEstoy iniciando un proyecto art\u00edstico con otro compa\u00f1ero y hemos dado talleres; obviamente, domino m\u00e1s el lenguaje de la docencia; me interesa el dise\u00f1o curricular, entonces siempre me acerco a los planes de estudio; apoy\u00e9 como estudiante en el proceso de acreditaci\u00f3n de Pedagog\u00eda SEA y en el de Danza Contempor\u00e1nea\u201d.<\/p>\n<p>Comparti\u00f3 que cuando ingres\u00f3 en la Facultad de Danza se enfoc\u00f3 en encontrarse consigo mismo y confirmar que estudiar tal programa educativo lo hac\u00eda sentirse satisfecho; pero actualmente ronda una \u201cpresi\u00f3n social\u201d sobre la inserci\u00f3n al campo laboral.<span class=\"Apple-converted-space\">\u00a0<\/span><\/p>\n<p>Al respecto, cit\u00f3 el Taller de Desarrollo de Habilidades para la Inserci\u00f3n Laboral y Competitividad Profesional, toda vez que le proporcion\u00f3 herramientas para buscar interiormente c\u00f3mo abrirse caminos. Asimismo, encontr\u00f3 relaci\u00f3n entre lo ah\u00ed analizado y su proyecto de vida.<\/p>\n<p>\u201cLa presi\u00f3n social siempre existir\u00e1, pero yo lo que tengo es voluntad, trabajo diario y me siento comprometido. Por eso creo que tendr\u00e9 frutos. Ahora me invitaron a formar parte de una compa\u00f1\u00eda independiente, \u00c1ngulo Alterno; trabajo en crear mi proyecto independiente y se acercan pr\u00f3ximas audiciones y presentaciones, son oportunidades para que gente de fuera nos vea.\u201d<\/p>\n<p>A manera de reflexi\u00f3n cit\u00f3: \u201cLa danza es muy complicada, te absorbe todo el tiempo, pero te enamora. Cuando las personas se encuentran verdaderamente con ella ya no la sueltan. En realidad, todo el mundo se mueve pero se ha provocado que no sea visible. A nivel nacional, es muy deprimente que no haya tanto apoyo a las artes y que cada vez sea menos; pero el arte sensibiliza y acerca a las personas. Yo creo que ante el panorama actual, que es cada vez m\u00e1s triste, habr\u00e1 m\u00e1s arte, porque es una forma de expresarse\u201d.<\/p>\n<p>En el caso de la danza, narr\u00f3, es una bella arte que se siente, se vive y permite experimentar con el cuerpo, pero tambi\u00e9n se requiere de la mente y el alma. \u201cEs una conexi\u00f3n sensorial completa\u201d.<\/p>\n<p>Para Christopher Alexander el ingresar al campo laboral requiere tolerancia, persistencia y tener voluntad. \u201cDe nosotros depende, como j\u00f3venes, generar un nuevo estilo de vida o quedarnos con el que est\u00e1 ahora. De nosotros depende, de nadie m\u00e1s, el decidir qu\u00e9 hacer\u201d.<\/p>\n","protected":false},"excerpt":{"rendered":"<p>\u00abDesde el d\u00eda que entr\u00e9 a la Facultad a hacer la audici\u00f3n hasta hoy, nunca he dejado de sentirme feliz\u00bb, asegur\u00f3 Christopher Castro Herrera<\/p>\n","protected":false},"author":1775,"featured_media":49174,"comment_status":"closed","ping_status":"closed","sticky":false,"template":"","format":"standard","meta":{"footnotes":""},"categories":[1,61],"tags":[4862,4863,4864,995,994,1442,4015,777,4300,782],"class_list":["post-49172","post","type-post","status-publish","format-standard","has-post-thumbnail","hentry","category-general","category-banner","tag-christopher-alexander-castro-herrera","tag-danza-contemporanea","tag-desarrollo-profesional-e-insercion-laboral","tag-dgv","tag-direccion-general-de-vinculacion","tag-estudiante","tag-karina-de-la-paz-reyes-diaz","tag-licenciatura","tag-programa-de-vinculacion","tag-taller"],"_links":{"self":[{"href":"https:\/\/www.uv.mx\/prensa\/wp-json\/wp\/v2\/posts\/49172","targetHints":{"allow":["GET"]}}],"collection":[{"href":"https:\/\/www.uv.mx\/prensa\/wp-json\/wp\/v2\/posts"}],"about":[{"href":"https:\/\/www.uv.mx\/prensa\/wp-json\/wp\/v2\/types\/post"}],"author":[{"embeddable":true,"href":"https:\/\/www.uv.mx\/prensa\/wp-json\/wp\/v2\/users\/1775"}],"replies":[{"embeddable":true,"href":"https:\/\/www.uv.mx\/prensa\/wp-json\/wp\/v2\/comments?post=49172"}],"version-history":[{"count":1,"href":"https:\/\/www.uv.mx\/prensa\/wp-json\/wp\/v2\/posts\/49172\/revisions"}],"predecessor-version":[{"id":104065,"href":"https:\/\/www.uv.mx\/prensa\/wp-json\/wp\/v2\/posts\/49172\/revisions\/104065"}],"wp:featuredmedia":[{"embeddable":true,"href":"https:\/\/www.uv.mx\/prensa\/wp-json\/wp\/v2\/media\/49174"}],"wp:attachment":[{"href":"https:\/\/www.uv.mx\/prensa\/wp-json\/wp\/v2\/media?parent=49172"}],"wp:term":[{"taxonomy":"category","embeddable":true,"href":"https:\/\/www.uv.mx\/prensa\/wp-json\/wp\/v2\/categories?post=49172"},{"taxonomy":"post_tag","embeddable":true,"href":"https:\/\/www.uv.mx\/prensa\/wp-json\/wp\/v2\/tags?post=49172"}],"curies":[{"name":"wp","href":"https:\/\/api.w.org\/{rel}","templated":true}]}}