{"id":49100,"date":"2018-06-11T13:01:57","date_gmt":"2018-06-11T18:01:57","guid":{"rendered":"https:\/\/www.uv.mx\/prensa\/?p=49100"},"modified":"2021-10-28T12:29:15","modified_gmt":"2021-10-28T17:29:15","slug":"oldies-sinfonico-con-la-osx-en-tlaqna","status":"publish","type":"post","link":"https:\/\/www.uv.mx\/prensa\/eventos\/oldies-sinfonico-con-la-osx-en-tlaqna\/","title":{"rendered":"<em>Oldies Sinf\u00f3nico<\/em> con la OSX, en Tlaqn\u00e1"},"content":{"rendered":"<ul>\n<li><em>La OSX regresa en el tiempo llev\u00e1ndonos por un recorrido musical que abarcar\u00e1 las d\u00e9cadas de los 70 y 80<\/em><\/li>\n<\/ul>\n<div id=\"attachment_49090\" style=\"width: 434px\" class=\"wp-caption aligncenter\"><a href=\"https:\/\/www.uv.mx\/prensa\/files\/2018\/06\/Cartel-oldies-100k.jpg\"><img aria-describedby=\"caption-attachment-49090\" decoding=\"async\" loading=\"lazy\" class=\"size-full wp-image-49090\" src=\"https:\/\/www.uv.mx\/prensa\/files\/2018\/06\/Cartel-oldies-100k.jpg\" alt=\"\" width=\"424\" height=\"722\" srcset=\"https:\/\/www.uv.mx\/prensa\/files\/2018\/06\/Cartel-oldies-100k.jpg 424w, https:\/\/www.uv.mx\/prensa\/files\/2018\/06\/Cartel-oldies-100k-176x300.jpg 176w\" sizes=\"(max-width: 424px) 100vw, 424px\" \/><\/a><p id=\"caption-attachment-49090\" class=\"wp-caption-text\">Las dos fechas de Oldies Sinf\u00f3nico cierran la primera temporada de 2018<\/p><\/div>\n<p><strong><em>11\/06\/2018, Xalapa, Ver.- <\/em><\/strong><a href=\"http:\/\/www.orquestasinfonicadexalapa.com\/\">La Orquesta Sinf\u00f3nica de Xalapa<\/a> (OSX) finalizar\u00e1 su primera temporada de conciertos 2018 con un programa especial dedicado a las d\u00e9cadas de los 70 y 80 del siglo XX, elegido por la propia ciudadan\u00eda a trav\u00e9s de encuestas realizadas en las redes sociales de este organismo musical, que de esta manera agradece el acompa\u00f1amiento de su p\u00fablico.<\/p>\n<p>Ser\u00e1n dos conciertos en la Sala Tlaqn\u00e1, bajo la direcci\u00f3n de Lanfranco Marcelletti y acompa\u00f1ados por el Quinteto Britania, adem\u00e1s de las voces de Cynthia Toscano, Jos\u00e9 Grayeb y Jos\u00e9 Luis Mart\u00ednez. El primero ser\u00e1 el 6 de julio, a las 20:30 horas, y el segundo el s\u00e1bado 7, a las 19:00 horas.<\/p>\n<p>El repertorio incluye temas de Queen, Bee Gees, Donna Summer Gloria Gaynor, Elvis Presley, The Ventures, Paul Anka, The Doors, David Lee Rooth, Procol Harum, The Rolling Stones, Chicago, Pink Floyd, Barry White, Paul McCartney, Earth Wind and Fire, Kansas y ABBA, mediante el cual la OSX evocar\u00e1 buenos recuerdos entre los asistentes y despertar\u00e1 la curiosidad de la nuevas generaciones.<\/p>\n<p>Este programa ser\u00e1 el \u00faltimo de la primera temporada de conciertos 2018. Las localidades tienen un costo de $300 y se podr\u00e1n adquirir en diferentes puntos de venta como: las oficinas de la OSX, los viernes en la taquilla Tlaqn\u00e1, en el Tostador Bola de Oro (Carrillo Puerto n\u00famero 5), as\u00ed como en el m\u00f3dulo de atenci\u00f3n tur\u00edstica del Palacio Municipal.<\/p>\n<p>En la p\u00e1gina de <em>Facebook\u00a0<\/em><a href=\"https:\/\/www.facebook.com\/OSXUV\/\">Orquesta Sinf\u00f3nica de Xalapa<\/a> se puede consultar mayor informaci\u00f3n sobre los conciertos <a href=\"https:\/\/www.facebook.com\/events\/966243386862098\/\"><em>Oldies Sinf\u00f3nico<\/em><\/a><\/p>\n<p>&nbsp;<\/p>\n<div id=\"attachment_49106\" style=\"width: 410px\" class=\"wp-caption aligncenter\"><a href=\"https:\/\/www.uv.mx\/prensa\/files\/2018\/06\/OSX-oldies.jpeg\"><img aria-describedby=\"caption-attachment-49106\" decoding=\"async\" loading=\"lazy\" class=\"size-full wp-image-49106\" src=\"https:\/\/www.uv.mx\/prensa\/files\/2018\/06\/OSX-oldies.jpeg\" alt=\"\" width=\"400\" height=\"400\" srcset=\"https:\/\/www.uv.mx\/prensa\/files\/2018\/06\/OSX-oldies.jpeg 400w, https:\/\/www.uv.mx\/prensa\/files\/2018\/06\/OSX-oldies-150x150.jpeg 150w, https:\/\/www.uv.mx\/prensa\/files\/2018\/06\/OSX-oldies-300x300.jpeg 300w, https:\/\/www.uv.mx\/prensa\/files\/2018\/06\/OSX-oldies-120x120.jpeg 120w, https:\/\/www.uv.mx\/prensa\/files\/2018\/06\/OSX-oldies-360x360.jpeg 360w\" sizes=\"(max-width: 400px) 100vw, 400px\" \/><\/a><p id=\"caption-attachment-49106\" class=\"wp-caption-text\">La OSX convoca al p\u00fablico a celebrar su 89 aniversario<\/p><\/div>\n","protected":false},"excerpt":{"rendered":"<p>La Orquesta Sinf\u00f3nica de Xalapa ofrecer\u00e1 conciertos el 6 de julio, a las 20:30 horas, y el s\u00e1bado 7, a las 19:00 horas. La acompa\u00f1ar\u00e1 el Quinteto Britania<\/p>\n","protected":false},"author":1775,"featured_media":49092,"comment_status":"closed","ping_status":"closed","sticky":false,"template":"","format":"standard","meta":[],"categories":[47],"tags":[4850,4851,4852,4848,352,95,4760,4849,4847],"_links":{"self":[{"href":"https:\/\/www.uv.mx\/prensa\/wp-json\/wp\/v2\/posts\/49100"}],"collection":[{"href":"https:\/\/www.uv.mx\/prensa\/wp-json\/wp\/v2\/posts"}],"about":[{"href":"https:\/\/www.uv.mx\/prensa\/wp-json\/wp\/v2\/types\/post"}],"author":[{"embeddable":true,"href":"https:\/\/www.uv.mx\/prensa\/wp-json\/wp\/v2\/users\/1775"}],"replies":[{"embeddable":true,"href":"https:\/\/www.uv.mx\/prensa\/wp-json\/wp\/v2\/comments?post=49100"}],"version-history":[{"count":1,"href":"https:\/\/www.uv.mx\/prensa\/wp-json\/wp\/v2\/posts\/49100\/revisions"}],"predecessor-version":[{"id":104054,"href":"https:\/\/www.uv.mx\/prensa\/wp-json\/wp\/v2\/posts\/49100\/revisions\/104054"}],"wp:featuredmedia":[{"embeddable":true,"href":"https:\/\/www.uv.mx\/prensa\/wp-json\/wp\/v2\/media\/49092"}],"wp:attachment":[{"href":"https:\/\/www.uv.mx\/prensa\/wp-json\/wp\/v2\/media?parent=49100"}],"wp:term":[{"taxonomy":"category","embeddable":true,"href":"https:\/\/www.uv.mx\/prensa\/wp-json\/wp\/v2\/categories?post=49100"},{"taxonomy":"post_tag","embeddable":true,"href":"https:\/\/www.uv.mx\/prensa\/wp-json\/wp\/v2\/tags?post=49100"}],"curies":[{"name":"wp","href":"https:\/\/api.w.org\/{rel}","templated":true}]}}