{"id":49074,"date":"2018-06-11T09:00:54","date_gmt":"2018-06-11T14:00:54","guid":{"rendered":"https:\/\/www.uv.mx\/prensa\/?p=49074"},"modified":"2018-06-08T21:00:14","modified_gmt":"2018-06-09T02:00:14","slug":"uv-y-u-nantes-impulsaran-doble-titulacion-de-posgrado-en-salud","status":"publish","type":"post","link":"https:\/\/www.uv.mx\/prensa\/general\/uv-y-u-nantes-impulsaran-doble-titulacion-de-posgrado-en-salud\/","title":{"rendered":"UV y U. de Nantes impulsar\u00e1n doble titulaci\u00f3n de posgrado en salud"},"content":{"rendered":"<ul>\n<li><i>Jean-Mari\u00e9 Lassus dijo que ya se tiene un gran avance para firmar un convenio espec\u00edfico para la doble titulaci\u00f3n a trav\u00e9s de la Maestr\u00eda en Salud, Arte y Comunidad<\/i><\/li>\n<\/ul>\n<p>&nbsp;<\/p>\n<div id=\"attachment_48985\" style=\"width: 732px\" class=\"wp-caption aligncenter\"><a href=\"https:\/\/www.uv.mx\/prensa\/files\/2018\/06\/070618-PAOLA-Doble-titulacion.jpg\"><img loading=\"lazy\" decoding=\"async\" aria-describedby=\"caption-attachment-48985\" class=\"size-full wp-image-48985\" src=\"https:\/\/www.uv.mx\/prensa\/files\/2018\/06\/070618-PAOLA-Doble-titulacion.jpg\" alt=\"\" width=\"722\" height=\"483\" srcset=\"https:\/\/www.uv.mx\/prensa\/files\/2018\/06\/070618-PAOLA-Doble-titulacion.jpg 722w, https:\/\/www.uv.mx\/prensa\/files\/2018\/06\/070618-PAOLA-Doble-titulacion-300x201.jpg 300w\" sizes=\"auto, (max-width: 722px) 100vw, 722px\" \/><\/a><p id=\"caption-attachment-48985\" class=\"wp-caption-text\">Jean-Mari\u00e9 Lassus adelant\u00f3 que ambas universidades firmar\u00e1n un convenio espec\u00edfico<\/p><\/div>\n<p>&nbsp;<\/p>\n<p><b><i>Paola Cort\u00e9s P\u00e9rez<\/i><\/b><\/p>\n<p><b><i>11\/06\/2018, Xalapa, Ver.-<\/i><\/b> Jean-Mari\u00e9 Lassus, profesor en Literatura y civilizaci\u00f3n de Am\u00e9rica Latina de la Universidad de Nantes, Francia, adelant\u00f3 que trabajan en colaboraci\u00f3n con la Universidad Veracruzana (UV) para concretar la firma del convenio espec\u00edfico para la doble titulaci\u00f3n a trav\u00e9s de la Maestr\u00eda en Salud, Arte y Comunidad (MSAC-UV).<\/p>\n<p>El tambi\u00e9n coordinador de la Maestr\u00eda en Salud, Arte y Culturas (MSAC, como se design\u00f3 a este posgrado en Nantes), explic\u00f3: \u201cPor razones de adaptaci\u00f3n a los contextos de ambas instituciones educativas fue nombrado as\u00ed. Es un proyecto que hemos trabajado desde 2014, que hemos co-construido y su gran particularidad es la transdisciplinariedad de los profesores y los alumnos\u201d.<\/p>\n<p>Actualmente, detall\u00f3, la MSAC est\u00e1 adscrita a la Facultad de Lenguas y Culturas Extranjeras, ya que es un espacio con apertura a otras lenguas y culturas, sobre todo por la transdisciplinariedad.<\/p>\n<p>Con relaci\u00f3n a la MSAC-UV, dijo que tiene un plan de estudios formidable y por lo mismo se apoyan en \u00e9l para desarrollar el que se impartir\u00e1 en la Universidad de Nantes, pues se planea iniciar cursos en septiembre pr\u00f3ximo.<\/p>\n<p>\u201cBuscamos que los alumnos cuenten con un diploma con certificaci\u00f3n internacional, lo que nos proponemos es la doble titulaci\u00f3n, de hecho ya se trabaja en el convenio espec\u00edfico para hacerlo posible, ya tenemos un gran avance.\u201d<\/p>\n<p>El objetivo no es formar especialistas humanitarios, sino que cuenten con una formaci\u00f3n cultural que les ayude a profundizar y entender sobre el idioma, cultura o lugar, en el que se desempe\u00f1en.<\/p>\n<p>El egresado, indic\u00f3, podr\u00e1 emplearse para el servicio social o para el trabajo con organizaciones no gubernamentales. Por el momento la maestr\u00eda se impartir\u00e1 en tres idiomas: espa\u00f1ol, franc\u00e9s e ingl\u00e9s.<\/p>\n","protected":false},"excerpt":{"rendered":"<p>\u201cEs un proyecto que hemos trabajado y co-construido desde 2014, y su particularidad es la transdisciplinariedad de los profesores y los alumnos\u201d: Jean-Mari\u00e9 Lassus<\/p>\n","protected":false},"author":1508,"featured_media":48985,"comment_status":"closed","ping_status":"closed","sticky":false,"template":"","format":"standard","meta":{"footnotes":""},"categories":[1],"tags":[],"class_list":["post-49074","post","type-post","status-publish","format-standard","has-post-thumbnail","hentry","category-general"],"_links":{"self":[{"href":"https:\/\/www.uv.mx\/prensa\/wp-json\/wp\/v2\/posts\/49074","targetHints":{"allow":["GET"]}}],"collection":[{"href":"https:\/\/www.uv.mx\/prensa\/wp-json\/wp\/v2\/posts"}],"about":[{"href":"https:\/\/www.uv.mx\/prensa\/wp-json\/wp\/v2\/types\/post"}],"author":[{"embeddable":true,"href":"https:\/\/www.uv.mx\/prensa\/wp-json\/wp\/v2\/users\/1508"}],"replies":[{"embeddable":true,"href":"https:\/\/www.uv.mx\/prensa\/wp-json\/wp\/v2\/comments?post=49074"}],"version-history":[{"count":0,"href":"https:\/\/www.uv.mx\/prensa\/wp-json\/wp\/v2\/posts\/49074\/revisions"}],"wp:featuredmedia":[{"embeddable":true,"href":"https:\/\/www.uv.mx\/prensa\/wp-json\/wp\/v2\/media\/48985"}],"wp:attachment":[{"href":"https:\/\/www.uv.mx\/prensa\/wp-json\/wp\/v2\/media?parent=49074"}],"wp:term":[{"taxonomy":"category","embeddable":true,"href":"https:\/\/www.uv.mx\/prensa\/wp-json\/wp\/v2\/categories?post=49074"},{"taxonomy":"post_tag","embeddable":true,"href":"https:\/\/www.uv.mx\/prensa\/wp-json\/wp\/v2\/tags?post=49074"}],"curies":[{"name":"wp","href":"https:\/\/api.w.org\/{rel}","templated":true}]}}