{"id":48885,"date":"2018-06-07T13:33:51","date_gmt":"2018-06-07T18:33:51","guid":{"rendered":"https:\/\/www.uv.mx\/prensa\/?p=48885"},"modified":"2018-06-07T14:27:30","modified_gmt":"2018-06-07T19:27:30","slug":"ricardo-palma-el-escritor-peruano-mas-importante-del-siglo-xix","status":"publish","type":"post","link":"https:\/\/www.uv.mx\/prensa\/cultura\/ricardo-palma-el-escritor-peruano-mas-importante-del-siglo-xix\/","title":{"rendered":"Ricardo Palma, el escritor peruano m\u00e1s importante del siglo XIX"},"content":{"rendered":"<ul>\n<li><em>Isabelle Tauzin Castellanos, catedr\u00e1tica de la Universit\u00e9 Bordeaux Montaigne, imparti\u00f3 conferencia en el IIL-L<\/em><\/li>\n<li><em>Mostr\u00f3 parte de las correspondencias del literato con escritores mexicanos <\/em><\/li>\n<\/ul>\n<p><strong><em>\u00a0<\/em><\/strong><\/p>\n<div id=\"attachment_48889\" style=\"width: 732px\" class=\"wp-caption aligncenter\"><a href=\"https:\/\/www.uv.mx\/prensa\/files\/2018\/06\/060618-RICARDO-PALMA-1.jpg\"><img loading=\"lazy\" decoding=\"async\" aria-describedby=\"caption-attachment-48889\" class=\"size-full wp-image-48889\" src=\"https:\/\/www.uv.mx\/prensa\/files\/2018\/06\/060618-RICARDO-PALMA-1.jpg\" alt=\"\" width=\"722\" height=\"482\" srcset=\"https:\/\/www.uv.mx\/prensa\/files\/2018\/06\/060618-RICARDO-PALMA-1.jpg 722w, https:\/\/www.uv.mx\/prensa\/files\/2018\/06\/060618-RICARDO-PALMA-1-300x200.jpg 300w\" sizes=\"auto, (max-width: 722px) 100vw, 722px\" \/><\/a><p id=\"caption-attachment-48889\" class=\"wp-caption-text\">Isabelle Tauzin Castellanos, catedr\u00e1tica de la Universit\u00e9 Bordeaux Montaigne<\/p><\/div>\n<p><strong><em>\u00a0<\/em><\/strong><\/p>\n<p><strong><em>Claudia Peralta V\u00e1zquez <\/em><\/strong><\/p>\n<p><strong><em>07\/06\/18, Xalapa, Ver.- <\/em><\/strong>Isabelle Tauzin Castellanos, catedr\u00e1tica de la Universit\u00e9 Bordeaux Montaigne, imparti\u00f3 la conferencia: \u201cM\u00e9xico en el epistolario de Ricardo Palma: paralelismos con el Per\u00fa\u201d, en el Instituto de Investigaciones Ling\u00fc\u00edstico Literarias (IIL-L) de la Universidad Veracruzana (UV), donde destac\u00f3 la obra literaria del escritor peruano m\u00e1s importante del siglo XIX.<\/p>\n<p>Como parte del convenio que la universidad francesa tiene con el IIL-L, la investigadora y escritora realiza una estancia acad\u00e9mica en esta casa de estudios.<\/p>\n<p>Fue en dicho marco que se realiz\u00f3 esta charla en el aula de usos m\u00faltiples del instituto, en la que habl\u00f3 de la comunicaci\u00f3n que Ricardo Palma (1833-1919) entabl\u00f3 con escritores mexicanos cuando Per\u00fa fue ocupado por ej\u00e9rcitos chilenos.<\/p>\n<p>Cit\u00f3 que en las correspondencias enviadas en 1884 al escritor mexicano, Vicente Riva Palacio, el periodista y pol\u00edtico le solicit\u00f3 el env\u00edo de libros para reconstruir la Biblioteca Nacional tras la guerra con Chile. En una de esas cartas, tambi\u00e9n le envi\u00f3 su solidaridad a Riva Palacio por ser v\u00edctima de encierros pol\u00edticos.<\/p>\n<p>Tauzin Castellanos comparti\u00f3 que Ricardo Palma tambi\u00e9n intercambi\u00f3 cartas e ideas con Luis Gonz\u00e1lez Obreg\u00f3n, a quien en 1892 le escribe que M\u00e9xico y Per\u00fa son gemelos en todo lo que se relaciona con los tiempos del coloniaje.<\/p>\n<p>A Victoriano Ag\u00fceros le pide libros mexicanos y le manifiesta su inter\u00e9s por algunos autores como: Joaqu\u00edn Garc\u00eda Icazbalceta, Juan de Dios Peza y Manuel Payno, entre otros.<\/p>\n<p>La ponente resalt\u00f3 que una de las leyendas veracruzanas reconocidas por el famoso escritor de relatos cortos de ficci\u00f3n hist\u00f3rica fue <em>La Mulata de C\u00f3rdoba<\/em>, que logra escapar de la prisi\u00f3n, a diferencia de In\u00e9s la Voladora, quien ingres\u00f3 a las c\u00e1rceles de la inquisici\u00f3n de Lima, Per\u00fa, pero no logr\u00f3 fugarse.<\/p>\n<p>Mencion\u00f3 que algunas de las obras de Ricardo Palma, caracterizadas por su ocurrencia humor\u00edstica, son: <em>Un virrey hereje y un campanero bellaco<\/em>; <em>No hay trampa con el demonio,<\/em> que es una leyenda versificada escrita en 1863; y <em>Don Dimas de la Tijereta<\/em>, que es una s\u00e1tira del gremio de los escribanos y pensamiento liberal.<\/p>\n<p>&nbsp;<\/p>\n<div id=\"attachment_48891\" style=\"width: 732px\" class=\"wp-caption aligncenter\"><a href=\"https:\/\/www.uv.mx\/prensa\/files\/2018\/06\/060618-RICARDO-PALMA-2.jpg\"><img loading=\"lazy\" decoding=\"async\" aria-describedby=\"caption-attachment-48891\" class=\"size-full wp-image-48891\" src=\"https:\/\/www.uv.mx\/prensa\/files\/2018\/06\/060618-RICARDO-PALMA-2.jpg\" alt=\"\" width=\"722\" height=\"482\" srcset=\"https:\/\/www.uv.mx\/prensa\/files\/2018\/06\/060618-RICARDO-PALMA-2.jpg 722w, https:\/\/www.uv.mx\/prensa\/files\/2018\/06\/060618-RICARDO-PALMA-2-300x200.jpg 300w\" sizes=\"auto, (max-width: 722px) 100vw, 722px\" \/><\/a><p id=\"caption-attachment-48891\" class=\"wp-caption-text\">Asistentes a la conferencia realizada en el IIL-L<\/p><\/div>\n","protected":false},"excerpt":{"rendered":"<p>Isabelle Tauzin, de la Universit\u00e9 Bordeaux Montaigne, habl\u00f3 de la comunicaci\u00f3n que Palma entabl\u00f3 con literatos mexicanos cuando Per\u00fa fue ocupado por el ej\u00e9rcito chileno<\/p>\n","protected":false},"author":1869,"featured_media":48889,"comment_status":"closed","ping_status":"closed","sticky":false,"template":"","format":"standard","meta":{"footnotes":""},"categories":[11],"tags":[],"class_list":["post-48885","post","type-post","status-publish","format-standard","has-post-thumbnail","hentry","category-cultura"],"_links":{"self":[{"href":"https:\/\/www.uv.mx\/prensa\/wp-json\/wp\/v2\/posts\/48885","targetHints":{"allow":["GET"]}}],"collection":[{"href":"https:\/\/www.uv.mx\/prensa\/wp-json\/wp\/v2\/posts"}],"about":[{"href":"https:\/\/www.uv.mx\/prensa\/wp-json\/wp\/v2\/types\/post"}],"author":[{"embeddable":true,"href":"https:\/\/www.uv.mx\/prensa\/wp-json\/wp\/v2\/users\/1869"}],"replies":[{"embeddable":true,"href":"https:\/\/www.uv.mx\/prensa\/wp-json\/wp\/v2\/comments?post=48885"}],"version-history":[{"count":0,"href":"https:\/\/www.uv.mx\/prensa\/wp-json\/wp\/v2\/posts\/48885\/revisions"}],"wp:featuredmedia":[{"embeddable":true,"href":"https:\/\/www.uv.mx\/prensa\/wp-json\/wp\/v2\/media\/48889"}],"wp:attachment":[{"href":"https:\/\/www.uv.mx\/prensa\/wp-json\/wp\/v2\/media?parent=48885"}],"wp:term":[{"taxonomy":"category","embeddable":true,"href":"https:\/\/www.uv.mx\/prensa\/wp-json\/wp\/v2\/categories?post=48885"},{"taxonomy":"post_tag","embeddable":true,"href":"https:\/\/www.uv.mx\/prensa\/wp-json\/wp\/v2\/tags?post=48885"}],"curies":[{"name":"wp","href":"https:\/\/api.w.org\/{rel}","templated":true}]}}