{"id":48875,"date":"2018-06-07T12:27:28","date_gmt":"2018-06-07T17:27:28","guid":{"rendered":"https:\/\/www.uv.mx\/prensa\/?p=48875"},"modified":"2018-06-07T17:37:16","modified_gmt":"2018-06-07T22:37:16","slug":"escuela-de-voleibol-infantil-y-juvenil-uv-se-fortalece","status":"publish","type":"post","link":"https:\/\/www.uv.mx\/prensa\/deportes\/escuela-de-voleibol-infantil-y-juvenil-uv-se-fortalece\/","title":{"rendered":"Escuela de voleibol infantil y juvenil se fortalece"},"content":{"rendered":"<ul>\n<li><em>La entrenadora Sara\u00ed Baizabal Rivera destac\u00f3 el entusiasmo y disciplina de las alumnas<\/em><\/li>\n<\/ul>\n<p><em>\u00a0<\/em><\/p>\n<div id=\"attachment_48820\" style=\"width: 732px\" class=\"wp-caption aligncenter\"><a href=\"https:\/\/www.uv.mx\/prensa\/files\/2018\/06\/060618-ESCUELA-DE-VOLI.jpg\"><img loading=\"lazy\" decoding=\"async\" aria-describedby=\"caption-attachment-48820\" class=\"size-full wp-image-48820\" src=\"https:\/\/www.uv.mx\/prensa\/files\/2018\/06\/060618-ESCUELA-DE-VOLI.jpg\" alt=\"\" width=\"722\" height=\"482\" srcset=\"https:\/\/www.uv.mx\/prensa\/files\/2018\/06\/060618-ESCUELA-DE-VOLI.jpg 722w, https:\/\/www.uv.mx\/prensa\/files\/2018\/06\/060618-ESCUELA-DE-VOLI-300x200.jpg 300w\" sizes=\"auto, (max-width: 722px) 100vw, 722px\" \/><\/a><p id=\"caption-attachment-48820\" class=\"wp-caption-text\">Armando Navarrete y Sara\u00ed Baizabal<\/p><\/div>\n<p>&nbsp;<\/p>\n<p><strong><em>Santiago Morales Ortiz<\/em><\/strong><\/p>\n<p><strong><em>07\/06\/18, Xalapa, Ver.-<\/em><\/strong> M\u00e1s de 50 alumnas asisten a la Escuela de voleibol infantil y juvenil de la Universidad Veracruzana (UV), inform\u00f3 la entrenadora Sara\u00ed Baizabal Rivera, quien reconoci\u00f3 el entusiasmo y disciplina de las deportistas.<\/p>\n<p>\u201cA m\u00e1s de un a\u00f1o de su creaci\u00f3n la escuela ha tenido buena respuesta en sus sesiones de lunes a viernes, con grupos de principiantes y avanzadas\u201d.<\/p>\n<p>Por los trabajos de remodelaci\u00f3n que se realizan en el gimnasio \u201cMiguel A. R\u00edos\u201d, los entrenamientos tienen lugar en la cacha anexa a la alberca \u201cEulalio R\u00edos\u201d, inform\u00f3.<\/p>\n<p>Explic\u00f3 que el aprendizaje es completo para las alumnas, \u201cpues abarca los fundamentos b\u00e1sicos del voleibol, como golpeo bajo, voleo y acomodo, as\u00ed como posiciones y t\u00e9cnica\u201d. Tambi\u00e9n se les inculcan valores vinculados a esta disciplina, como el trabajo en equipo y la cooperaci\u00f3n, mismos que pueden aplicar en su vida diaria.<\/p>\n<p>La entrenadora subray\u00f3 el apoyo y la confianza de los padres de familia, quienes acuden puntuales para llevar a las alumnas a las sesiones de lunes, mi\u00e9rcoles y viernes de 16:00 a 18:00 horas, para principiantes, y los martes y jueves de 18:00 a 20:00 horas, para avanzadas.<\/p>\n<p>Asimismo, destac\u00f3 que uno de los principales objetivos de la escuela es crear nuevos valores que, en un futuro, formen parte del equipo universitario.<\/p>\n<p>Sara\u00ed Baizabal Rivera es alumna del \u00faltimo semestre de la Licenciatura en Ingenier\u00eda Ambiental y forma parte de la Selecci\u00f3n de Voleibol de <em>Halcones<\/em> UV, que particip\u00f3 en la Universiada Nacional de Toluca 2018.<\/p>\n<p>La joven agradeci\u00f3 el apoyo de la <a href=\"https:\/\/www.uv.mx\/daduv\/\" target=\"_blank\" rel=\"noopener\">Direcci\u00f3n de Actividades Deportivas<\/a> de la Universidad Veracruzana (DADUV), a cargo de Maribel Barradas Landa, y el apoyo de Armando Navarrete Mungu\u00eda, entrenador de la Selecci\u00f3n de Voleibol de la UV, para ser parte del grupo de preparadores f\u00edsicos de la escuela infantil, se\u00f1alando que es grato compartir sus ense\u00f1anzas.<\/p>\n","protected":false},"excerpt":{"rendered":"<p>Las alumnas deben tener entre 12 y 17 a\u00f1os. Las sesiones para principiantes se realizan los lunes, mi\u00e9rcoles y viernes; para avanzadas, los martes y jueves, en el Gimnasio Universitario \u201cMiguel \u00c1ngel R\u00edos\u201d<\/p>\n","protected":false},"author":1869,"featured_media":48944,"comment_status":"closed","ping_status":"closed","sticky":false,"template":"","format":"standard","meta":{"footnotes":""},"categories":[12],"tags":[],"class_list":["post-48875","post","type-post","status-publish","format-standard","has-post-thumbnail","hentry","category-deportes"],"_links":{"self":[{"href":"https:\/\/www.uv.mx\/prensa\/wp-json\/wp\/v2\/posts\/48875","targetHints":{"allow":["GET"]}}],"collection":[{"href":"https:\/\/www.uv.mx\/prensa\/wp-json\/wp\/v2\/posts"}],"about":[{"href":"https:\/\/www.uv.mx\/prensa\/wp-json\/wp\/v2\/types\/post"}],"author":[{"embeddable":true,"href":"https:\/\/www.uv.mx\/prensa\/wp-json\/wp\/v2\/users\/1869"}],"replies":[{"embeddable":true,"href":"https:\/\/www.uv.mx\/prensa\/wp-json\/wp\/v2\/comments?post=48875"}],"version-history":[{"count":0,"href":"https:\/\/www.uv.mx\/prensa\/wp-json\/wp\/v2\/posts\/48875\/revisions"}],"wp:featuredmedia":[{"embeddable":true,"href":"https:\/\/www.uv.mx\/prensa\/wp-json\/wp\/v2\/media\/48944"}],"wp:attachment":[{"href":"https:\/\/www.uv.mx\/prensa\/wp-json\/wp\/v2\/media?parent=48875"}],"wp:term":[{"taxonomy":"category","embeddable":true,"href":"https:\/\/www.uv.mx\/prensa\/wp-json\/wp\/v2\/categories?post=48875"},{"taxonomy":"post_tag","embeddable":true,"href":"https:\/\/www.uv.mx\/prensa\/wp-json\/wp\/v2\/tags?post=48875"}],"curies":[{"name":"wp","href":"https:\/\/api.w.org\/{rel}","templated":true}]}}