{"id":48776,"date":"2018-06-09T09:00:54","date_gmt":"2018-06-09T14:00:54","guid":{"rendered":"https:\/\/www.uv.mx\/prensa\/?p=48776"},"modified":"2018-06-08T19:10:27","modified_gmt":"2018-06-09T00:10:27","slug":"iieses-albergara-catedra-inegi","status":"publish","type":"post","link":"https:\/\/www.uv.mx\/prensa\/eventos\/iieses-albergara-catedra-inegi\/","title":{"rendered":"IIESES albergar\u00e1 C\u00e1tedra INEGI"},"content":{"rendered":"<ul>\n<li><em>Expertos de este organismo p\u00fablico hablar\u00e1n de diversos temas: buen gobierno, mapas digitales, sistemas de informaci\u00f3n geogr\u00e1fica, finanzas y desarrollo<\/em><\/li>\n<li><em>Las 14 sesiones se desarrollar\u00e1n los jueves comprendidos en los meses de agosto a noviembre<\/em><\/li>\n<\/ul>\n<p>&nbsp;<\/p>\n<div id=\"attachment_48779\" style=\"width: 732px\" class=\"wp-caption aligncenter\"><a href=\"https:\/\/www.uv.mx\/prensa\/files\/2018\/06\/060618-GENERAL-Catedra-Inegi.jpg\"><img loading=\"lazy\" decoding=\"async\" aria-describedby=\"caption-attachment-48779\" class=\"size-full wp-image-48779\" src=\"https:\/\/www.uv.mx\/prensa\/files\/2018\/06\/060618-GENERAL-Catedra-Inegi.jpg\" alt=\"\" width=\"722\" height=\"481\" srcset=\"https:\/\/www.uv.mx\/prensa\/files\/2018\/06\/060618-GENERAL-Catedra-Inegi.jpg 722w, https:\/\/www.uv.mx\/prensa\/files\/2018\/06\/060618-GENERAL-Catedra-Inegi-300x200.jpg 300w\" sizes=\"auto, (max-width: 722px) 100vw, 722px\" \/><\/a><p id=\"caption-attachment-48779\" class=\"wp-caption-text\">Dar\u00edo Fabi\u00e1n Hern\u00e1ndez Gonz\u00e1lez<\/p><\/div>\n<p><strong><em>\u00a0<\/em><\/strong><\/p>\n<p>&nbsp;<\/p>\n<p><strong><em>Carlos Hugo Hermida Rosales<\/em><\/strong><\/p>\n<p><strong><em>09\/06\/18,<\/em><\/strong><strong><em> Xalapa, Ver.- <\/em><\/strong>El Instituto de Investigaciones y Estudios Superiores, Econ\u00f3micos y Sociales\u00a0(IIESES) de la Universidad Veracruzana (UV), albergar\u00e1 la C\u00e1tedra del Instituto Nacional de Geograf\u00eda y Estad\u00edstica (INEGI), cuyo objetivo es fomentar la cultura estad\u00edstica y geogr\u00e1fica sustentada en la informaci\u00f3n que genera e integra este organismo p\u00fablico, y brindar a los participantes un panorama de alta calidad del quehacer institucional.<\/p>\n<p>Dar\u00edo Fabi\u00e1n Hern\u00e1ndez Gonz\u00e1lez, director del IIESES, mencion\u00f3 que la C\u00e1tedra INEGI contar\u00e1 con 14 sesiones que se llevar\u00e1n a cabo los d\u00edas jueves comprendidos en los meses de agosto a noviembre, en las que se manejar\u00e1n temas como el buen gobierno, mapas digitales, sistemas de informaci\u00f3n geogr\u00e1fica, finanzas y desarrollo.<\/p>\n<p>Explic\u00f3 que en cada sesi\u00f3n un representante del INEGI especialista en el tema que se trate dar\u00e1 una conferencia, y que posteriormente investigadores de la UV dialogar\u00e1n sobre el tema expuesto, para que el final se realice una sesi\u00f3n de preguntas y respuestas en donde participar\u00e1 el p\u00fablico asistente.<\/p>\n<p>\u201cSer\u00e1n 14 sesiones en las que quedar\u00e1 explicada toda la informaci\u00f3n disponible y su forma de construcci\u00f3n, as\u00ed como el manejo correcto de la informaci\u00f3n estad\u00edstica y geogr\u00e1fica de todo el pa\u00eds\u201d, coment\u00f3.<\/p>\n<p>Dar\u00edo Hern\u00e1ndez declar\u00f3 que es la primera vez que la UV alberga esta c\u00e1tedra, y que gracias a esto miembros de la comunidad universitaria y p\u00fablico en general aprender\u00e1n a acceder a la informaci\u00f3n que genera el INEGI a trav\u00e9s de diversos mecanismos como censos, conteos y encuestas, la cual se encuentra disponible para todo el pa\u00eds.<\/p>\n<p>\u201cEl IIESES se ha caracterizado por concentrar informaci\u00f3n estad\u00edstica privilegiada que puede mostrar y analizar, y por medio de la C\u00e1tedra INEGI investigadores y estudiantes aprender\u00e1n a manejar la vasta informaci\u00f3n que constantemente crea este organismo y que pocos conocen a profundidad\u201d, manifest\u00f3.<\/p>\n<p>Las sesiones de la C\u00e1tedra INEGI estar\u00e1n abiertas a todo p\u00fablico y ser\u00e1n de libre acceso. \u00c9stas se llevar\u00e1n a cabo los jueves, \u00a0del 9 de agosto hasta el 15 de noviembre, a partir de las 9:00 horas en el auditorio de la Direcci\u00f3n General de Investigaci\u00f3n, ubicada en la avenida Doctor Luis Castelazo Ayala Sin N\u00famero, de la colonia Industrial, Animas. La asistencia a las sesiones tendr\u00e1 valor curricular otorgado por la UV y el INEGI.<\/p>\n<p>Para mayor informaci\u00f3n sobre los temas que se manejar\u00e1n dentro de la C\u00e1tedra INEGI, \u00e9sta estar\u00e1 disponible pr\u00f3ximamente en la p\u00e1gina web del IIESES: <a href=\"https:\/\/www.uv.mx\/IIESES\/\" target=\"_blank\" rel=\"noopener\">https:\/\/www.uv.mx\/IIESES\/<\/a>.<\/p>\n","protected":false},"excerpt":{"rendered":"<p>El objetivo es fomentar la cultura estad\u00edstica y geogr\u00e1fica sustentada en la informaci\u00f3n que genera Instituto Nacional de Geograf\u00eda y Estad\u00edstica<\/p>\n","protected":false},"author":1869,"featured_media":48779,"comment_status":"closed","ping_status":"closed","sticky":false,"template":"","format":"standard","meta":{"footnotes":""},"categories":[47],"tags":[342,341],"class_list":["post-48776","post","type-post","status-publish","format-standard","has-post-thumbnail","hentry","category-eventos","tag-iieses","tag-inegi"],"_links":{"self":[{"href":"https:\/\/www.uv.mx\/prensa\/wp-json\/wp\/v2\/posts\/48776","targetHints":{"allow":["GET"]}}],"collection":[{"href":"https:\/\/www.uv.mx\/prensa\/wp-json\/wp\/v2\/posts"}],"about":[{"href":"https:\/\/www.uv.mx\/prensa\/wp-json\/wp\/v2\/types\/post"}],"author":[{"embeddable":true,"href":"https:\/\/www.uv.mx\/prensa\/wp-json\/wp\/v2\/users\/1869"}],"replies":[{"embeddable":true,"href":"https:\/\/www.uv.mx\/prensa\/wp-json\/wp\/v2\/comments?post=48776"}],"version-history":[{"count":0,"href":"https:\/\/www.uv.mx\/prensa\/wp-json\/wp\/v2\/posts\/48776\/revisions"}],"wp:featuredmedia":[{"embeddable":true,"href":"https:\/\/www.uv.mx\/prensa\/wp-json\/wp\/v2\/media\/48779"}],"wp:attachment":[{"href":"https:\/\/www.uv.mx\/prensa\/wp-json\/wp\/v2\/media?parent=48776"}],"wp:term":[{"taxonomy":"category","embeddable":true,"href":"https:\/\/www.uv.mx\/prensa\/wp-json\/wp\/v2\/categories?post=48776"},{"taxonomy":"post_tag","embeddable":true,"href":"https:\/\/www.uv.mx\/prensa\/wp-json\/wp\/v2\/tags?post=48776"}],"curies":[{"name":"wp","href":"https:\/\/api.w.org\/{rel}","templated":true}]}}