{"id":48775,"date":"2018-06-06T10:57:52","date_gmt":"2018-06-06T15:57:52","guid":{"rendered":"https:\/\/www.uv.mx\/prensa\/?p=48775"},"modified":"2018-06-06T11:49:33","modified_gmt":"2018-06-06T16:49:33","slug":"nelly-marquez-presento-aprendiendo-a-vivir-la-otra-cara-del-vih","status":"publish","type":"post","link":"https:\/\/www.uv.mx\/prensa\/regiones\/nelly-marquez-presento-aprendiendo-a-vivir-la-otra-cara-del-vih\/","title":{"rendered":"Nelly M\u00e1rquez present\u00f3 <em>Aprendiendo a vivir, la otra cara del VIH<\/em>"},"content":{"rendered":"<p>&nbsp;<\/p>\n<div id=\"attachment_48757\" style=\"width: 565px\" class=\"wp-caption aligncenter\"><a href=\"https:\/\/www.uv.mx\/prensa\/files\/2018\/06\/050618-POZA-RICA-LIBRO-NELLY-MARQUEZ.jpg\"><img loading=\"lazy\" decoding=\"async\" aria-describedby=\"caption-attachment-48757\" class=\"size-full wp-image-48757\" src=\"https:\/\/www.uv.mx\/prensa\/files\/2018\/06\/050618-POZA-RICA-LIBRO-NELLY-MARQUEZ.jpg\" alt=\"\" width=\"555\" height=\"722\" srcset=\"https:\/\/www.uv.mx\/prensa\/files\/2018\/06\/050618-POZA-RICA-LIBRO-NELLY-MARQUEZ.jpg 555w, https:\/\/www.uv.mx\/prensa\/files\/2018\/06\/050618-POZA-RICA-LIBRO-NELLY-MARQUEZ-231x300.jpg 231w\" sizes=\"auto, (max-width: 555px) 100vw, 555px\" \/><\/a><p id=\"caption-attachment-48757\" class=\"wp-caption-text\">Nelly M\u00e1rquez, autora del libro<\/p><\/div>\n<p>&nbsp;<\/p>\n<p><strong><em>Alma Celia San Mart\u00edn Cruz<\/em><\/strong><\/p>\n<p><strong><em>06\/06\/18, Poza Rica, Ver.-<\/em><\/strong> El libro <em>Aprendiendo a vivir, la otra cara del VIH<\/em>, de Nelly E. M\u00e1rquez, se present\u00f3 en el marco del Martes de Lectores y Lecturas que coordina la Unidad de Servicios Bibliotecarios y de Informaci\u00f3n (USBI) de esta regi\u00f3n de la Universidad Veracruzana (UV), el pasado 21 de mayo.<\/p>\n<p>El volumen visibiliza a enfermos y portadores del Virus de la Inmunodeficiencia Humana (VIH) que fueron atendidos en la Cl\u00ednica 24 del Instituto Mexicano del Seguro Social en Poza Rica, donde la autora labor\u00f3 por m\u00e1s de 30 a\u00f1os.<\/p>\n<p>M\u00e1rquez comparti\u00f3 que el libro es el resultado del trabajo que realiz\u00f3 junto con m\u00e9dicos, enfermeras, trabajadoras sociales, as\u00ed como integrantes de organizaciones civiles, para apoyar a los enfermos y sus familias.<\/p>\n<p>Relat\u00f3 que en 1999 form\u00f3 un grupo junto con enfermos de VIH-SIDA en la cl\u00ednica 24 del IMSS en Poza Rica, con la finalidad de apoyarlos e informarles c\u00f3mo cuidarse.<\/p>\n<p>\u201cEs un libro de autoayuda que permite conocer esta enfermedad; contiene historias de vida que consider\u00e9 importante que sean conocidas, as\u00ed como un relato de dos ni\u00f1os del grupo, entre otros testimonios\u201d.<\/p>\n<p>Coment\u00f3 que quienes padecen VIH sufren m\u00e1s por el rechazo de la sociedad que por los trastornos de la enfermedad. Por lo que hizo un llamado a aceptarlos y a no estigmatizarlos. Agreg\u00f3 que con que una persona acepte a un enfermo de VIH tras leer el libro, el objetivo del mismo se habr\u00e1 cumplido.<\/p>\n<p>M\u00e9dicos y enfermeras \u2500algunos ya jubilados \u2500 que formaron parte del grupo de apoyo que Nelly M\u00e1rquez fund\u00f3 en la cl\u00ednica del IMSS, ofrecieron testimonios de las actividades que durante muchos a\u00f1os realizaron con el \u00fanico fin de dar un trato digno a los enfermos de VIH.<\/p>\n<p>En la presentaci\u00f3n tambi\u00e9n particip\u00f3 V\u00edctor Casta\u00f1\u00f3n, quien tuvo a su cargo el pr\u00f3logo del libro.<\/p>\n","protected":false},"excerpt":{"rendered":"<p>El volumen visibiliza a enfermos y portadores del Virus de la Inmunodeficiencia Humana que fueron atendidos en la Cl\u00ednica 24 del IMSS en Poza Rica, donde la autora labor\u00f3 por m\u00e1s de 30 a\u00f1os<\/p>\n","protected":false},"author":1869,"featured_media":48757,"comment_status":"closed","ping_status":"closed","sticky":false,"template":"","format":"standard","meta":{"footnotes":""},"categories":[54,32],"tags":[],"class_list":["post-48775","post","type-post","status-publish","format-standard","has-post-thumbnail","hentry","category-poza-rica","category-regiones"],"_links":{"self":[{"href":"https:\/\/www.uv.mx\/prensa\/wp-json\/wp\/v2\/posts\/48775","targetHints":{"allow":["GET"]}}],"collection":[{"href":"https:\/\/www.uv.mx\/prensa\/wp-json\/wp\/v2\/posts"}],"about":[{"href":"https:\/\/www.uv.mx\/prensa\/wp-json\/wp\/v2\/types\/post"}],"author":[{"embeddable":true,"href":"https:\/\/www.uv.mx\/prensa\/wp-json\/wp\/v2\/users\/1869"}],"replies":[{"embeddable":true,"href":"https:\/\/www.uv.mx\/prensa\/wp-json\/wp\/v2\/comments?post=48775"}],"version-history":[{"count":0,"href":"https:\/\/www.uv.mx\/prensa\/wp-json\/wp\/v2\/posts\/48775\/revisions"}],"wp:featuredmedia":[{"embeddable":true,"href":"https:\/\/www.uv.mx\/prensa\/wp-json\/wp\/v2\/media\/48757"}],"wp:attachment":[{"href":"https:\/\/www.uv.mx\/prensa\/wp-json\/wp\/v2\/media?parent=48775"}],"wp:term":[{"taxonomy":"category","embeddable":true,"href":"https:\/\/www.uv.mx\/prensa\/wp-json\/wp\/v2\/categories?post=48775"},{"taxonomy":"post_tag","embeddable":true,"href":"https:\/\/www.uv.mx\/prensa\/wp-json\/wp\/v2\/tags?post=48775"}],"curies":[{"name":"wp","href":"https:\/\/api.w.org\/{rel}","templated":true}]}}