{"id":48642,"date":"2018-06-04T13:43:49","date_gmt":"2018-06-04T18:43:49","guid":{"rendered":"https:\/\/www.uv.mx\/prensa\/?p=48642"},"modified":"2021-10-28T11:47:54","modified_gmt":"2021-10-28T16:47:54","slug":"daduv-abrio-inscripciones-para-curso-intersemestral-del-afel","status":"publish","type":"post","link":"https:\/\/www.uv.mx\/prensa\/deportes\/daduv-abrio-inscripciones-para-curso-intersemestral-del-afel\/","title":{"rendered":"DADUV abri\u00f3 inscripciones para Curso Intersemestral del AFEL"},"content":{"rendered":"<ul>\n<li><em>Las clases se desarrollar\u00e1n del 13 de junio al 10 de julio, en las cinco regiones de la UV <\/em><\/li>\n<li><em>En <\/em><a href=\"https:\/\/bit.ly\/2J9VgaH\"><em>https:\/\/bit.ly\/2J9VgaH \u00a0<\/em><\/a><em>se puede consultar la oferta detallada de disciplinas<\/em><\/li>\n<\/ul>\n<div id=\"attachment_48627\" style=\"width: 732px\" class=\"wp-caption aligncenter\"><a href=\"https:\/\/www.uv.mx\/prensa\/files\/2018\/06\/040618-SANTIAGO-INTERSEMESTRAL-100k.jpg\"><img loading=\"lazy\" decoding=\"async\" aria-describedby=\"caption-attachment-48627\" class=\"size-full wp-image-48627\" src=\"https:\/\/www.uv.mx\/prensa\/files\/2018\/06\/040618-SANTIAGO-INTERSEMESTRAL-100k.jpg\" alt=\"\" width=\"722\" height=\"476\" srcset=\"https:\/\/www.uv.mx\/prensa\/files\/2018\/06\/040618-SANTIAGO-INTERSEMESTRAL-100k.jpg 722w, https:\/\/www.uv.mx\/prensa\/files\/2018\/06\/040618-SANTIAGO-INTERSEMESTRAL-100k-300x198.jpg 300w\" sizes=\"auto, (max-width: 722px) 100vw, 722px\" \/><\/a><p id=\"caption-attachment-48627\" class=\"wp-caption-text\">El Curso Intersemestral Verano 2018 iniciar\u00e1 el 13 de junio<\/p><\/div>\n<p><strong><em>Santiago Morales <\/em><\/strong><\/p>\n<p><strong><em>04\/06\/18, <\/em><\/strong><strong><em>Xalapa, Ver<\/em><\/strong><em>.-<\/em>La Direcci\u00f3n de Actividades Deportivas de la Universidad Veracruzana (DADUV) inform\u00f3 que est\u00e1n abiertas las inscripciones para el Curso Intersemestral Verano 2018 del \u00c1rea de Formaci\u00f3n y Elecci\u00f3n Libre (AFEL), el cual se desarrollar\u00e1 del 13 de junio al 10 de julio en todas las cinco regiones de esta casa de estudios.<\/p>\n<p>Los estudiantes universitarios pueden obtener cr\u00e9ditos acad\u00e9micos por realizar actividad f\u00edsica y aprender los fundamentos b\u00e1sicos de alguna de las 20 disciplinas impartidas por reconocidos instructores adscritos a la DADUV.<\/p>\n<p>La oferta es la siguiente: Acondicionamiento f\u00edsico y salud, Actividad f\u00edsica, nutrici\u00f3n y desarrollo humano en la salud, Ajedrez, Atletismo, Baloncesto, Balonmano, Beisbol, Futbol asociaci\u00f3n, Futbol r\u00e1pido, Halterofilia, Iniciaci\u00f3n a la gimnasia art\u00edstica, Judo, Karate do, Nataci\u00f3n, Tae kwon do, Tenis, Tenis de mesa, Softbol, Voleibol y Capacidades Coordinadas.<\/p>\n<p>Los grupos estar\u00e1n integrados por un m\u00e1ximo de 25 alumnos, las sesiones se realizan de lunes a viernes en los horarios establecidos en las convocatorias y en las instalaciones deportivas regionales.<\/p>\n<p>Las inscripciones se encuentran abiertas y se pueden realizar en las coordinaciones deportivas de cada regi\u00f3n o a trav\u00e9s de MiUV. En <a href=\"https:\/\/bit.ly\/2J9VgaH\">https:\/\/bit.ly\/2J9VgaH<\/a>se puede consultar la oferta detallada de disciplinas.<\/p>\n","protected":false},"excerpt":{"rendered":"<p>Los estudiantes pueden obtener cr\u00e9ditos acad\u00e9micos por realizar actividad f\u00edsica y aprender los fundamentos b\u00e1sicos de alguna de las 20 disciplinas impartidas por instructores de la DADUV<\/p>\n","protected":false},"author":1775,"featured_media":48629,"comment_status":"closed","ping_status":"closed","sticky":false,"template":"","format":"standard","meta":{"footnotes":""},"categories":[12],"tags":[85,4792,1222,197,494,4699],"class_list":["post-48642","post","type-post","status-publish","format-standard","has-post-thumbnail","hentry","category-deportes","tag-afel","tag-area-de-formacion-y-eleccion-libre","tag-curso-intersemestral","tag-daduv","tag-direccion-de-actividades-deportivas-de-la-universidad-veracruzana","tag-santiago-morales"],"_links":{"self":[{"href":"https:\/\/www.uv.mx\/prensa\/wp-json\/wp\/v2\/posts\/48642","targetHints":{"allow":["GET"]}}],"collection":[{"href":"https:\/\/www.uv.mx\/prensa\/wp-json\/wp\/v2\/posts"}],"about":[{"href":"https:\/\/www.uv.mx\/prensa\/wp-json\/wp\/v2\/types\/post"}],"author":[{"embeddable":true,"href":"https:\/\/www.uv.mx\/prensa\/wp-json\/wp\/v2\/users\/1775"}],"replies":[{"embeddable":true,"href":"https:\/\/www.uv.mx\/prensa\/wp-json\/wp\/v2\/comments?post=48642"}],"version-history":[{"count":1,"href":"https:\/\/www.uv.mx\/prensa\/wp-json\/wp\/v2\/posts\/48642\/revisions"}],"predecessor-version":[{"id":104037,"href":"https:\/\/www.uv.mx\/prensa\/wp-json\/wp\/v2\/posts\/48642\/revisions\/104037"}],"wp:featuredmedia":[{"embeddable":true,"href":"https:\/\/www.uv.mx\/prensa\/wp-json\/wp\/v2\/media\/48629"}],"wp:attachment":[{"href":"https:\/\/www.uv.mx\/prensa\/wp-json\/wp\/v2\/media?parent=48642"}],"wp:term":[{"taxonomy":"category","embeddable":true,"href":"https:\/\/www.uv.mx\/prensa\/wp-json\/wp\/v2\/categories?post=48642"},{"taxonomy":"post_tag","embeddable":true,"href":"https:\/\/www.uv.mx\/prensa\/wp-json\/wp\/v2\/tags?post=48642"}],"curies":[{"name":"wp","href":"https:\/\/api.w.org\/{rel}","templated":true}]}}