{"id":48608,"date":"2018-06-04T11:33:19","date_gmt":"2018-06-04T16:33:19","guid":{"rendered":"https:\/\/www.uv.mx\/prensa\/?p=48608"},"modified":"2018-06-04T11:33:19","modified_gmt":"2018-06-04T16:33:19","slug":"canal-once-y-radio-uv-iniciaron-transmisiones-conjuntas","status":"publish","type":"post","link":"https:\/\/www.uv.mx\/prensa\/banner\/canal-once-y-radio-uv-iniciaron-transmisiones-conjuntas\/","title":{"rendered":"Canal Once y Radio UV iniciaron transmisiones conjuntas"},"content":{"rendered":"<ul>\n<li><em>Radio UV se enlaza en vivo con Canal Once, de 06:00 a 08:00 horas, de lunes a viernes <\/em><\/li>\n<li><em>Estamos muy orgullosos de entrar a las universidades y centros de educaci\u00f3n superior, dijo el periodista Javier Sol\u00f3rzano<\/em><\/li>\n<\/ul>\n<p><strong>\u00a0<\/strong><\/p>\n<div id=\"attachment_48610\" style=\"width: 732px\" class=\"wp-caption aligncenter\"><a href=\"https:\/\/www.uv.mx\/prensa\/files\/2018\/06\/Radio-UV-1.jpg\"><img loading=\"lazy\" decoding=\"async\" aria-describedby=\"caption-attachment-48610\" class=\"size-full wp-image-48610\" src=\"https:\/\/www.uv.mx\/prensa\/files\/2018\/06\/Radio-UV-1.jpg\" alt=\"\" width=\"722\" height=\"406\" srcset=\"https:\/\/www.uv.mx\/prensa\/files\/2018\/06\/Radio-UV-1.jpg 722w, https:\/\/www.uv.mx\/prensa\/files\/2018\/06\/Radio-UV-1-300x169.jpg 300w\" sizes=\"auto, (max-width: 722px) 100vw, 722px\" \/><\/a><p id=\"caption-attachment-48610\" class=\"wp-caption-text\">Este enlace forma parte de un compromiso con las audiencias de Radio UV<\/p><\/div>\n<p>&nbsp;<\/p>\n<p><strong><em>Edgar Onofre <\/em><\/strong><\/p>\n<p><strong><em>04\/06\/2018\/ Xalapa, Ver.-<\/em><\/strong> La Universidad Veracruzana (UV) y el Instituto Polit\u00e9cnico Nacional (IPN), a trav\u00e9s de Canal Once y Radio UV, iniciaron hoy la transmisi\u00f3n conjunta, en vivo, del noticiero matutino que conduce el periodista Javier Sol\u00f3rzano.<\/p>\n<p>Durante la primera transmisi\u00f3n de esta producci\u00f3n que Radio UV ofrecer\u00e1 de lunes a viernes, de 06:00 a 08:00 horas, la rectora de la UV, Sara Ladr\u00f3n de Guevara, sostuvo una entrevista con Sol\u00f3rzano en la que adelant\u00f3 el entusiasmo que para esta casa de estudios representa la oportunidad de contar con un espacio informativo serio, profesional y de calidad reconocida como el que transmite Canal Once.<\/p>\n<p>La Rectora se\u00f1al\u00f3 en la entrevista que contar con el enlace directo al noticiero forma parte de un compromiso con las audiencias de Radio UV, tanto la universitaria como sociedad en general, para entregar un espacio que adem\u00e1s de ser informativo tambi\u00e9n propicia la reflexi\u00f3n sobre la agenda. Esto, dijo, junto con la m\u00fasica y la informaci\u00f3n universitaria, es de inter\u00e9s para toda instituci\u00f3n de educaci\u00f3n superior.<\/p>\n<p>Javier Sol\u00f3rzano se mostr\u00f3 interesado en conocer el alcance de la se\u00f1al de Radio UV y la Rectora refiri\u00f3 que a partir de contar con los t\u00edtulos de concesi\u00f3n otorgados por IFT para operar el 90.5 de FM, la se\u00f1al cubre ciudades como Xalapa, Veracruz y C\u00f3rdoba, y se extiende por el litoral veracruzano hasta Casitas, hacia el norte de la entidad, y hasta Acayucan, hacia el sur de Veracruz.<\/p>\n<p>El conductor del noticiero celebr\u00f3 lo que llam\u00f3 un nexo natural entre el IPN y la UV, as\u00ed como la posibilidad que para la producci\u00f3n polit\u00e9cnica representa incrementar su cobertura a trav\u00e9s de Radio UV y se\u00f1al\u00f3: \u201cLos agradecidos somos nosotros, estamos muy orgullosos de entrar a donde queremos, a las universidades y centros de educaci\u00f3n superior\u201d.<\/p>\n<p>&nbsp;<\/p>\n<div id=\"attachment_48611\" style=\"width: 732px\" class=\"wp-caption aligncenter\"><a href=\"https:\/\/www.uv.mx\/prensa\/files\/2018\/06\/Radio-UV-2.jpg\"><img loading=\"lazy\" decoding=\"async\" aria-describedby=\"caption-attachment-48611\" class=\"size-full wp-image-48611\" src=\"https:\/\/www.uv.mx\/prensa\/files\/2018\/06\/Radio-UV-2.jpg\" alt=\"\" width=\"722\" height=\"478\" srcset=\"https:\/\/www.uv.mx\/prensa\/files\/2018\/06\/Radio-UV-2.jpg 722w, https:\/\/www.uv.mx\/prensa\/files\/2018\/06\/Radio-UV-2-300x199.jpg 300w\" sizes=\"auto, (max-width: 722px) 100vw, 722px\" \/><\/a><p id=\"caption-attachment-48611\" class=\"wp-caption-text\">La emisora universitaria transmite el noticiero matutino que conduce el periodista Javier Sol\u00f3rzano<\/p><\/div>\n","protected":false},"excerpt":{"rendered":"<p>La Rectora se\u00f1al\u00f3 en entrevista que contar con el enlace directo al noticiero forma parte de un compromiso con las audiencias de Radio UV<\/p>\n","protected":false},"author":1869,"featured_media":48609,"comment_status":"closed","ping_status":"closed","sticky":false,"template":"","format":"standard","meta":{"footnotes":""},"categories":[61],"tags":[],"class_list":["post-48608","post","type-post","status-publish","format-standard","has-post-thumbnail","hentry","category-banner"],"_links":{"self":[{"href":"https:\/\/www.uv.mx\/prensa\/wp-json\/wp\/v2\/posts\/48608","targetHints":{"allow":["GET"]}}],"collection":[{"href":"https:\/\/www.uv.mx\/prensa\/wp-json\/wp\/v2\/posts"}],"about":[{"href":"https:\/\/www.uv.mx\/prensa\/wp-json\/wp\/v2\/types\/post"}],"author":[{"embeddable":true,"href":"https:\/\/www.uv.mx\/prensa\/wp-json\/wp\/v2\/users\/1869"}],"replies":[{"embeddable":true,"href":"https:\/\/www.uv.mx\/prensa\/wp-json\/wp\/v2\/comments?post=48608"}],"version-history":[{"count":0,"href":"https:\/\/www.uv.mx\/prensa\/wp-json\/wp\/v2\/posts\/48608\/revisions"}],"wp:featuredmedia":[{"embeddable":true,"href":"https:\/\/www.uv.mx\/prensa\/wp-json\/wp\/v2\/media\/48609"}],"wp:attachment":[{"href":"https:\/\/www.uv.mx\/prensa\/wp-json\/wp\/v2\/media?parent=48608"}],"wp:term":[{"taxonomy":"category","embeddable":true,"href":"https:\/\/www.uv.mx\/prensa\/wp-json\/wp\/v2\/categories?post=48608"},{"taxonomy":"post_tag","embeddable":true,"href":"https:\/\/www.uv.mx\/prensa\/wp-json\/wp\/v2\/tags?post=48608"}],"curies":[{"name":"wp","href":"https:\/\/api.w.org\/{rel}","templated":true}]}}