{"id":48543,"date":"2018-06-01T14:25:29","date_gmt":"2018-06-01T19:25:29","guid":{"rendered":"https:\/\/www.uv.mx\/prensa\/?p=48543"},"modified":"2018-06-01T14:25:29","modified_gmt":"2018-06-01T19:25:29","slug":"investigadores-disertaron-en-la-uv-sobre-inclusion-equidad-y-violencia-escolar","status":"publish","type":"post","link":"https:\/\/www.uv.mx\/prensa\/banner\/investigadores-disertaron-en-la-uv-sobre-inclusion-equidad-y-violencia-escolar\/","title":{"rendered":"Investigadores disertaron en la UV sobre inclusi\u00f3n, equidad y violencia escolar"},"content":{"rendered":"<ul>\n<li><em>En el CIIES se inaugur\u00f3 un foro sobre estas tem\u00e1ticas en el nivel medio superior y superior, por iniciativa del COMIE<\/em><\/li>\n<li><em>La actividad form\u00f3 parte del Foro \u201cLa investigaci\u00f3n educativa ante el proceso electoral 2018. Reflexiones y propuestas para el futuro\u201d<\/em><\/li>\n<li><em>Acudieron acad\u00e9micos e investigadores de diversas universidades del pa\u00eds<\/em><\/li>\n<\/ul>\n<p>&nbsp;<\/p>\n<p><a href=\"https:\/\/www.uv.mx\/prensa\/files\/2018\/06\/010618-FORO-CIIES-2.jpg\"><img loading=\"lazy\" decoding=\"async\" class=\"aligncenter size-full wp-image-48547\" src=\"https:\/\/www.uv.mx\/prensa\/files\/2018\/06\/010618-FORO-CIIES-2.jpg\" alt=\"\" width=\"722\" height=\"482\" srcset=\"https:\/\/www.uv.mx\/prensa\/files\/2018\/06\/010618-FORO-CIIES-2.jpg 722w, https:\/\/www.uv.mx\/prensa\/files\/2018\/06\/010618-FORO-CIIES-2-300x200.jpg 300w\" sizes=\"auto, (max-width: 722px) 100vw, 722px\" \/><\/a><\/p>\n<div id=\"attachment_48548\" style=\"width: 732px\" class=\"wp-caption aligncenter\"><a href=\"https:\/\/www.uv.mx\/prensa\/files\/2018\/06\/010618-FORO-CIIES-1.jpg\"><img loading=\"lazy\" decoding=\"async\" aria-describedby=\"caption-attachment-48548\" class=\"size-full wp-image-48548\" src=\"https:\/\/www.uv.mx\/prensa\/files\/2018\/06\/010618-FORO-CIIES-1.jpg\" alt=\"\" width=\"722\" height=\"482\" srcset=\"https:\/\/www.uv.mx\/prensa\/files\/2018\/06\/010618-FORO-CIIES-1.jpg 722w, https:\/\/www.uv.mx\/prensa\/files\/2018\/06\/010618-FORO-CIIES-1-300x200.jpg 300w\" sizes=\"auto, (max-width: 722px) 100vw, 722px\" \/><\/a><p id=\"caption-attachment-48548\" class=\"wp-caption-text\">El CIIES realiz\u00f3 el Foro \u201cInclusi\u00f3n, equidad y violencia escolar en la educaci\u00f3n media superior y superior\u201d<\/p><\/div>\n<p>&nbsp;<\/p>\n<p><strong><em>Claudia Peralta V\u00e1zquez <\/em><\/strong><\/p>\n<p><strong><em>01\/06\/2018, Xalapa, Ver.- <\/em><\/strong>El Centro de Investigaci\u00f3n e Innovaci\u00f3n en Educaci\u00f3n Superior (CIIES) de la Universidad Veracruzana (UV) realiz\u00f3 el viernes 1 de junio el Foro \u201cInclusi\u00f3n, equidad y violencia escolar en la educaci\u00f3n media superior y superior\u201d, con la participaci\u00f3n de especialistas, acad\u00e9micos e investigadores de diversas instituciones de educaci\u00f3n superior (IES) del pa\u00eds, incluida esta casa de estudios.<\/p>\n<p>Juan Carlos Ortega Guerrero, coordinador del CIIES, destac\u00f3 que, a su vez, esta actividad se enmarca en el Foro \u201cLa investigaci\u00f3n educativa ante el proceso electoral 2018. Reflexiones y propuestas para el futuro\u201d, realizado a lo largo del pa\u00eds por el Consejo Mexicano de Investigaci\u00f3n Educativa (<em>Comie<\/em>), que es la asociaci\u00f3n cient\u00edfica m\u00e1s importante de M\u00e9xico en materia educativa y agrupa a cerca de 500 investigadores.<\/p>\n<p>El evento fue inaugurado por \u00c1ngel Rafael Trigos Landa, director general de Investigaciones de la UV, y tambi\u00e9n estuvo presente Jaqueline del Carmen Jongitud Zamora, presidenta en turno de la Junta de Gobierno de esta casa de estudios.<\/p>\n<p>Ante ello, Ortega precis\u00f3 que en el marco del proceso electoral que se avecina, diversas IES han realizado foros para convocar a los candidatos a la Presidencia de la Rep\u00fablica a escuchar propuestas y peticiones en este \u00e1mbito.<\/p>\n<p>Es el caso de la Asociaci\u00f3n Nacional de Universidades e Instituciones de Educaci\u00f3n Superior (ANUIES), que el mes pasado present\u00f3 el documento \u201cVisi\u00f3n y acci\u00f3n 2030\u201d, una propuesta para la renovaci\u00f3n de la educaci\u00f3n superior en M\u00e9xico.<\/p>\n<p>Por esta raz\u00f3n, el <em>Comie<\/em> realiza 16 foros de discusi\u00f3n sobre temas educativos en los que participan universidades y asociaciones civiles, donde se abarcan los niveles: b\u00e1sico, medio superior y superior.<\/p>\n<p>Entre los temas que se atienden resaltan: Desigualdad, calidad y pol\u00edtica educativa en M\u00e9xico; Gobernanza, pol\u00edticas y gesti\u00f3n en el sistema educativo mexicano; Evaluaci\u00f3n de los aprendizajes y de los docentes en la educaci\u00f3n b\u00e1sica; El modelo educativo 2017, el curr\u00edculo y el aprendizaje: perspectivas cr\u00edticas; Inclusi\u00f3n, equidad y violencia en la educaci\u00f3n media superior y superior.<\/p>\n<p>Este \u00faltimo fue el tema encomendado a la UV. Para ello, en el Aula-Taller 2 del Sistema de Ense\u00f1anza Abierta (SEA), fueron instaladas las mesas \u201cAmpliaci\u00f3n de la matr\u00edcula, permanencia, inclusi\u00f3n, equidad y justicia social\u201d y \u201cViolencia y seguridad escolar\u201d.<\/p>\n<p>En ambas participan acad\u00e9micos e investigadores del Centro de Investigaci\u00f3n y de Estudios Avanzados del Instituto Polit\u00e9cnico Nacional, Universidad Aut\u00f3noma del Estado de Morelos, Universidad Aut\u00f3noma de Ciudad Ju\u00e1rez, Universidad Nacional Aut\u00f3noma de M\u00e9xico, Universidad Pedag\u00f3gica Nacional, Centro de Cooperaci\u00f3n Regional para la Educaci\u00f3n de Adultos en Am\u00e9rica Latina y el Caribe, Universidad Aut\u00f3noma de Yucat\u00e1n, Universidad Iberoamericana, Universidad Marista de Guadalajara, y la UV.<\/p>\n<p>\u00c1ngel Trigos Landa subray\u00f3 la imperante necesidad de que los estudiantes de la UV aprendan las nuevas herramientas que exige la industria 4.0 (tambi\u00e9n llamada cuarta revoluci\u00f3n industrial).<\/p>\n<p>Puntualiz\u00f3 que del trabajo que realizan cuerpos multidisciplinarios en los \u00e1mbitos de ciencia y aplicaci\u00f3n del conocimiento, se pueden generar innovaciones a partir de estas nuevas habilidades y saberes digitales.<\/p>\n<p>De esta manera, la econom\u00eda nacional podr\u00eda llegar a tener un mayor valor agregado y contribuir a la equidad social.<\/p>\n<p>&nbsp;<\/p>\n<div id=\"attachment_48547\" style=\"width: 732px\" class=\"wp-caption aligncenter\"><a href=\"https:\/\/www.uv.mx\/prensa\/files\/2018\/06\/010618-FORO-CIIES-2.jpg\"><img loading=\"lazy\" decoding=\"async\" aria-describedby=\"caption-attachment-48547\" class=\"size-full wp-image-48547\" src=\"https:\/\/www.uv.mx\/prensa\/files\/2018\/06\/010618-FORO-CIIES-2.jpg\" alt=\"\" width=\"722\" height=\"482\" srcset=\"https:\/\/www.uv.mx\/prensa\/files\/2018\/06\/010618-FORO-CIIES-2.jpg 722w, https:\/\/www.uv.mx\/prensa\/files\/2018\/06\/010618-FORO-CIIES-2-300x200.jpg 300w\" sizes=\"auto, (max-width: 722px) 100vw, 722px\" \/><\/a><p id=\"caption-attachment-48547\" class=\"wp-caption-text\">\u00c1ngel Trigos y Juan Carlos Ortega<\/p><\/div>\n","protected":false},"excerpt":{"rendered":"<p>\u00c1ngel Trigos Landa subray\u00f3 la imperante necesidad de que los estudiantes de la UV aprendan las nuevas herramientas que exige la industria 4.0 (tambi\u00e9n llamada cuarta revoluci\u00f3n industrial)<\/p>\n","protected":false},"author":1869,"featured_media":48544,"comment_status":"closed","ping_status":"closed","sticky":false,"template":"","format":"standard","meta":{"footnotes":""},"categories":[61],"tags":[],"class_list":["post-48543","post","type-post","status-publish","format-standard","has-post-thumbnail","hentry","category-banner"],"_links":{"self":[{"href":"https:\/\/www.uv.mx\/prensa\/wp-json\/wp\/v2\/posts\/48543","targetHints":{"allow":["GET"]}}],"collection":[{"href":"https:\/\/www.uv.mx\/prensa\/wp-json\/wp\/v2\/posts"}],"about":[{"href":"https:\/\/www.uv.mx\/prensa\/wp-json\/wp\/v2\/types\/post"}],"author":[{"embeddable":true,"href":"https:\/\/www.uv.mx\/prensa\/wp-json\/wp\/v2\/users\/1869"}],"replies":[{"embeddable":true,"href":"https:\/\/www.uv.mx\/prensa\/wp-json\/wp\/v2\/comments?post=48543"}],"version-history":[{"count":0,"href":"https:\/\/www.uv.mx\/prensa\/wp-json\/wp\/v2\/posts\/48543\/revisions"}],"wp:featuredmedia":[{"embeddable":true,"href":"https:\/\/www.uv.mx\/prensa\/wp-json\/wp\/v2\/media\/48544"}],"wp:attachment":[{"href":"https:\/\/www.uv.mx\/prensa\/wp-json\/wp\/v2\/media?parent=48543"}],"wp:term":[{"taxonomy":"category","embeddable":true,"href":"https:\/\/www.uv.mx\/prensa\/wp-json\/wp\/v2\/categories?post=48543"},{"taxonomy":"post_tag","embeddable":true,"href":"https:\/\/www.uv.mx\/prensa\/wp-json\/wp\/v2\/tags?post=48543"}],"curies":[{"name":"wp","href":"https:\/\/api.w.org\/{rel}","templated":true}]}}