{"id":48537,"date":"2018-06-02T09:30:19","date_gmt":"2018-06-02T14:30:19","guid":{"rendered":"https:\/\/www.uv.mx\/prensa\/?p=48537"},"modified":"2021-10-28T11:38:51","modified_gmt":"2021-10-28T16:38:51","slug":"academicos-aprovecharon-las-jornadas-de-capacitacion-del-conricyt","status":"publish","type":"post","link":"https:\/\/www.uv.mx\/prensa\/general\/academicos-aprovecharon-las-jornadas-de-capacitacion-del-conricyt\/","title":{"rendered":"Acad\u00e9micos aprovecharon las jornadas de capacitaci\u00f3n del <em>Conricyt<\/em>"},"content":{"rendered":"<ul>\n<li><em>El curso les brind\u00f3 otras opciones para realizar investigaciones no s\u00f3lo te\u00f3ricas, sino que realmente generen ciencia<\/em><\/li>\n<\/ul>\n<p>&nbsp;<\/p>\n<div id=\"attachment_48502\" style=\"width: 732px\" class=\"wp-caption aligncenter\"><a href=\"https:\/\/www.uv.mx\/prensa\/files\/2018\/06\/310518-CONRICYT-1-100k.jpg\"><img loading=\"lazy\" decoding=\"async\" aria-describedby=\"caption-attachment-48502\" class=\"size-full wp-image-48502\" src=\"https:\/\/www.uv.mx\/prensa\/files\/2018\/06\/310518-CONRICYT-1-100k.jpg\" alt=\"\" width=\"722\" height=\"481\" srcset=\"https:\/\/www.uv.mx\/prensa\/files\/2018\/06\/310518-CONRICYT-1-100k.jpg 722w, https:\/\/www.uv.mx\/prensa\/files\/2018\/06\/310518-CONRICYT-1-100k-300x200.jpg 300w\" sizes=\"auto, (max-width: 722px) 100vw, 722px\" \/><\/a><p id=\"caption-attachment-48502\" class=\"wp-caption-text\">Juan Miguel Ju\u00e1rez del Toro, representante de la Editorial Elsevier<\/p><\/div>\n<p>&nbsp;<\/p>\n<p><strong><em>Claudia Peralta V\u00e1zquez<\/em><\/strong><\/p>\n<p><strong><em>02\/06\/18, Xalapa, Ver.- <\/em><\/strong>Catedr\u00e1ticos e investigadores de la Universidad Veracruzana (UV), adscritos a las \u00e1reas acad\u00e9micas Econ\u00f3mico-Administrativa y de Humanidades, participaron en las Jornadas de Capacitaci\u00f3n del Consorcio Nacional de Recursos de Informaci\u00f3n Cient\u00edfica y Tecnol\u00f3gica (<em>Conricyt<\/em>) y coincidieron en destacar que el conocimiento adquirido optimizar\u00e1 su desempe\u00f1o e incrementar\u00e1 su\u00a0 producci\u00f3n cient\u00edfica.<\/p>\n<p>\u201cDentro de la competitividad que necesitamos como acad\u00e9micos entra la parte de investigaci\u00f3n, esto nos da las herramientas para hacer investigaciones no s\u00f3lo te\u00f3ricas sino que realmente generen ciencia\u201d, se\u00f1al\u00f3 Rafael G\u00f3mez Caba\u00f1as, catedr\u00e1tico de la Facultad de Contadur\u00eda y Administraci\u00f3n (FCA).<\/p>\n<p>Entrevistado en el \u00faltimo d\u00eda de actividades de la jornada desarrollada del 29 al 31 de mayo en la Unidad de Servicios Bibliotecarios y de Informaci\u00f3n (USBI), agreg\u00f3 que esta acci\u00f3n tambi\u00e9n favorece la vinculaci\u00f3n entre estudiantes y acad\u00e9micos pues de esta forma se les puede guiar en la identificaci\u00f3n de un problema, la metodolog\u00eda a seguir y qu\u00e9 herramientas tecnol\u00f3gicas emplear para sacarles mayor provecho.<\/p>\n<p>&nbsp;<\/p>\n<div id=\"attachment_48524\" style=\"width: 732px\" class=\"wp-caption aligncenter\"><a href=\"https:\/\/www.uv.mx\/prensa\/files\/2018\/06\/310518-CONRICYT-2100k.jpg\"><img loading=\"lazy\" decoding=\"async\" aria-describedby=\"caption-attachment-48524\" class=\"size-full wp-image-48524\" src=\"https:\/\/www.uv.mx\/prensa\/files\/2018\/06\/310518-CONRICYT-2100k.jpg\" alt=\"\" width=\"722\" height=\"481\" srcset=\"https:\/\/www.uv.mx\/prensa\/files\/2018\/06\/310518-CONRICYT-2100k.jpg 722w, https:\/\/www.uv.mx\/prensa\/files\/2018\/06\/310518-CONRICYT-2100k-300x200.jpg 300w\" sizes=\"auto, (max-width: 722px) 100vw, 722px\" \/><\/a><p id=\"caption-attachment-48524\" class=\"wp-caption-text\">Fernando Franco Hurtado, consultor de Clarivate Analytics<\/p><\/div>\n<p>&nbsp;<\/p>\n<p>Anid Cathy Hern\u00e1ndez Baruch, docente de la Facultad de Pedagog\u00eda del Sistema de Ense\u00f1anza Abierta (SEA), consider\u00f3 que los conocimientos adquiridos en este tipo de foros son de gran utilidad porque pueden ser compartidos con el resto de los compa\u00f1eros que tienen poco dominio de las Tecnolog\u00edas de la Informaci\u00f3n y Comunicaci\u00f3n (TIC).<\/p>\n<p>\u201cA los estudiantes tambi\u00e9n podemos transmitirles los innumerables recursos con los que cuenta la UV, como el uso de las bases de datos de la Biblioteca Virtual.\u201d<\/p>\n<p>Otro de los aspectos que conocieron fue el <em>software<\/em>antiplagio, muy importante en los trabajos de investigaci\u00f3n.<\/p>\n<div id=\"attachment_48503\" style=\"width: 732px\" class=\"wp-caption aligncenter\"><a href=\"https:\/\/www.uv.mx\/prensa\/files\/2018\/06\/310518-CONRICYT-3-100k.jpg\"><img loading=\"lazy\" decoding=\"async\" aria-describedby=\"caption-attachment-48503\" class=\"size-full wp-image-48503\" src=\"https:\/\/www.uv.mx\/prensa\/files\/2018\/06\/310518-CONRICYT-3-100k.jpg\" alt=\"\" width=\"722\" height=\"481\" srcset=\"https:\/\/www.uv.mx\/prensa\/files\/2018\/06\/310518-CONRICYT-3-100k.jpg 722w, https:\/\/www.uv.mx\/prensa\/files\/2018\/06\/310518-CONRICYT-3-100k-300x200.jpg 300w\" sizes=\"auto, (max-width: 722px) 100vw, 722px\" \/><\/a><p id=\"caption-attachment-48503\" class=\"wp-caption-text\">Max Alberto Garza Almaguer, representante de la empresa Turnitin M\u00e9xico<\/p><\/div>\n<p>&nbsp;<\/p>\n<p>Marco Ismael Y\u00e1\u00f1ez Hern\u00e1ndez, catedr\u00e1tico del SEA, resalt\u00f3 las habilidades aprendidas para acceder a las bases de datos con mayor informaci\u00f3n, precisi\u00f3n y puntualizar el trabajo acad\u00e9mico.<\/p>\n<p>\u201cEsto beneficia a los docentes, pues se les invita a participar de las mismas fuentes de informaci\u00f3n a las que uno accede.\u201d<\/p>\n<p>Por su parte, M\u00f3nica Rubiette Hakim Krayem, acad\u00e9mica del Instituto de Investigaciones y Estudios Superiores Econ\u00f3mico Sociales (IIESES), coment\u00f3 que las \u00e1reas prioritarias de este organismo son las l\u00edneas de investigaci\u00f3n sobre educaci\u00f3n y desarrollo; por lo tanto, es de alto impacto el conocimiento de las bases cient\u00edficas para dar respuesta y soluci\u00f3n a problem\u00e1ticas regionales.<\/p>\n<p>&nbsp;<\/p>\n<div id=\"attachment_48504\" style=\"width: 732px\" class=\"wp-caption aligncenter\"><a href=\"https:\/\/www.uv.mx\/prensa\/files\/2018\/06\/310518-CONRICYT-4-100k.jpg\"><img loading=\"lazy\" decoding=\"async\" aria-describedby=\"caption-attachment-48504\" class=\"size-full wp-image-48504\" src=\"https:\/\/www.uv.mx\/prensa\/files\/2018\/06\/310518-CONRICYT-4-100k.jpg\" alt=\"\" width=\"722\" height=\"481\" srcset=\"https:\/\/www.uv.mx\/prensa\/files\/2018\/06\/310518-CONRICYT-4-100k.jpg 722w, https:\/\/www.uv.mx\/prensa\/files\/2018\/06\/310518-CONRICYT-4-100k-300x200.jpg 300w\" sizes=\"auto, (max-width: 722px) 100vw, 722px\" \/><\/a><p id=\"caption-attachment-48504\" class=\"wp-caption-text\">Margarita Ontiveros y S\u00e1nchez de la Barquera, coordinadora general del <em>Conricyt<\/em><\/p><\/div>\n<p>&nbsp;<\/p>\n<p>Erika Ver\u00f3nica Maldonado M\u00e9ndez, dijo que como acad\u00e9mica de las experiencias educativas (EE) Metodolog\u00eda de la Investigaci\u00f3n y Protocolo de la Investigaci\u00f3n en la Facultad de Derecho, estas jornadas fueron muy valiosas porque proporcionaron un panorama de los recursos de informaci\u00f3n.<\/p>\n<p>\u201cNos permite ampliar la forma de explicar a los estudiantes los accesos a otras fuentes de informaci\u00f3n.\u201d<\/p>\n<p><strong>Recursos de informaci\u00f3n<br \/>\n<\/strong>Margarita Ontiveros y S\u00e1nchez de la Barquera, coordinadora general del <em>Conricyt<\/em>, detall\u00f3 que en este consorcio participan m\u00e1s de 335 instituciones de educaci\u00f3n superior (IES) y centros de investigaci\u00f3n del pa\u00eds orientados hacia la ciencia y tecnolog\u00eda.<\/p>\n<div id=\"attachment_48525\" style=\"width: 732px\" class=\"wp-caption aligncenter\"><a href=\"https:\/\/www.uv.mx\/prensa\/files\/2018\/06\/310518-CONRICYT-5-100k.jpg\"><img loading=\"lazy\" decoding=\"async\" aria-describedby=\"caption-attachment-48525\" class=\"size-full wp-image-48525\" src=\"https:\/\/www.uv.mx\/prensa\/files\/2018\/06\/310518-CONRICYT-5-100k.jpg\" alt=\"\" width=\"722\" height=\"481\" srcset=\"https:\/\/www.uv.mx\/prensa\/files\/2018\/06\/310518-CONRICYT-5-100k.jpg 722w, https:\/\/www.uv.mx\/prensa\/files\/2018\/06\/310518-CONRICYT-5-100k-300x200.jpg 300w\" sizes=\"auto, (max-width: 722px) 100vw, 722px\" \/><\/a><p id=\"caption-attachment-48525\" class=\"wp-caption-text\">Anid Cathy Hern\u00e1ndez Baruch, docente de Pedagog\u00eda-SEA<\/p><\/div>\n<p>&nbsp;<\/p>\n<p>Actualmente, <em>Conricyt<\/em>cuenta con 198 recursos de informaci\u00f3n de m\u00e1s de 60 editores, lo cual significa que tienen miles de art\u00edculos de revistas cient\u00edficas y de art\u00edculos de investigaci\u00f3n que pueden ser consultados.<\/p>\n<p>Puntualiz\u00f3 que uno de los objetivos del organismo es brindar recursos de informaci\u00f3n cient\u00edfica para los investigadores, acad\u00e9micos y estudiantes universitarios.<\/p>\n<p>\u201cEstos recursos de investigaci\u00f3n son altamente costosos porque son bases de datos especializadas que se adquieren con <em>Publisher,<\/em>cuyas sedes est\u00e1n fuera del pa\u00eds.\u201d<\/p>\n<p>&nbsp;<\/p>\n<div id=\"attachment_48505\" style=\"width: 732px\" class=\"wp-caption aligncenter\"><a href=\"https:\/\/www.uv.mx\/prensa\/files\/2018\/06\/310518-CONRICYT-6-100k.jpg\"><img loading=\"lazy\" decoding=\"async\" aria-describedby=\"caption-attachment-48505\" class=\"size-full wp-image-48505\" src=\"https:\/\/www.uv.mx\/prensa\/files\/2018\/06\/310518-CONRICYT-6-100k.jpg\" alt=\"\" width=\"722\" height=\"481\" srcset=\"https:\/\/www.uv.mx\/prensa\/files\/2018\/06\/310518-CONRICYT-6-100k.jpg 722w, https:\/\/www.uv.mx\/prensa\/files\/2018\/06\/310518-CONRICYT-6-100k-300x200.jpg 300w\" sizes=\"auto, (max-width: 722px) 100vw, 722px\" \/><\/a><p id=\"caption-attachment-48505\" class=\"wp-caption-text\">Marco Ismael Y\u00e1\u00f1ez Hern\u00e1ndez, catedr\u00e1tico del SEA<\/p><\/div>\n<p>&nbsp;<\/p>\n<p>Anteriormente, para las universidades p\u00fablicas estatales el asunto era complicado porque el recurso presupuestal era limitado y dificultaba que investigadores y estudiantes pudieran acceder a la informaci\u00f3n de manera continua, la cual es fundamental para la generaci\u00f3n de nuevo conocimiento, de lo contrario no se puede tener ciencia de frontera.<\/p>\n<p>Juan Miguel Ju\u00e1rez del Toro, representante de la Editorial Elsevier, coment\u00f3 que dentro de los procesos de desarrollo de un art\u00edculo cient\u00edfico es importante conocer ciertas herramientas a las que tienen acceso dentro de la universidad.<\/p>\n<p>Destac\u00f3 que el <em>Conricyt<\/em>adquiere m\u00e1s de 80 bases de datos cient\u00edficas de primer nivel en el mundo, que pueden ser consultadas por la UV, institutos tecnol\u00f3gicos, polit\u00e9cnicos de diferentes lugares de la Rep\u00fablica.<\/p>\n<p>&nbsp;<\/p>\n<div id=\"attachment_48506\" style=\"width: 732px\" class=\"wp-caption aligncenter\"><a href=\"https:\/\/www.uv.mx\/prensa\/files\/2018\/06\/310518-CONRICYT-7-100k.jpg\"><img loading=\"lazy\" decoding=\"async\" aria-describedby=\"caption-attachment-48506\" class=\"size-full wp-image-48506\" src=\"https:\/\/www.uv.mx\/prensa\/files\/2018\/06\/310518-CONRICYT-7-100k.jpg\" alt=\"\" width=\"722\" height=\"481\" srcset=\"https:\/\/www.uv.mx\/prensa\/files\/2018\/06\/310518-CONRICYT-7-100k.jpg 722w, https:\/\/www.uv.mx\/prensa\/files\/2018\/06\/310518-CONRICYT-7-100k-300x200.jpg 300w\" sizes=\"auto, (max-width: 722px) 100vw, 722px\" \/><\/a><p id=\"caption-attachment-48506\" class=\"wp-caption-text\">Rafael G\u00f3mez Caba\u00f1as, catedr\u00e1tico de la FCA<\/p><\/div>\n<p>&nbsp;<\/p>\n<p>\u201cPor eso es importante que conozcan, tengan tips y aprovechen estas opciones.\u201d<\/p>\n<p>\u201cUna de las herramientas que les presentamos es <em>Web of Science<\/em>que contiene la informaci\u00f3n m\u00e1s influyente y relevante a nivel internacional en 252 horas de conocimiento, yo le llamo un <em>Google<\/em>con asteroides porque a final de cuentas es un motor de b\u00fasqueda\u201d, expres\u00f3 Fernando Franco Hurtado, consultor de Clarivate Analytics.<\/p>\n<p>Dijo que esta herramienta de investigaci\u00f3n puede garantizar a los usuarios una vida m\u00e1s sencilla, aumentar su influencia e impacto a nivel internacional.<\/p>\n<div id=\"attachment_48507\" style=\"width: 732px\" class=\"wp-caption aligncenter\"><a href=\"https:\/\/www.uv.mx\/prensa\/files\/2018\/06\/310518-CONRICYT-8-100k.jpg\"><img loading=\"lazy\" decoding=\"async\" aria-describedby=\"caption-attachment-48507\" class=\"size-full wp-image-48507\" src=\"https:\/\/www.uv.mx\/prensa\/files\/2018\/06\/310518-CONRICYT-8-100k.jpg\" alt=\"\" width=\"722\" height=\"481\" srcset=\"https:\/\/www.uv.mx\/prensa\/files\/2018\/06\/310518-CONRICYT-8-100k.jpg 722w, https:\/\/www.uv.mx\/prensa\/files\/2018\/06\/310518-CONRICYT-8-100k-300x200.jpg 300w\" sizes=\"auto, (max-width: 722px) 100vw, 722px\" \/><\/a><p id=\"caption-attachment-48507\" class=\"wp-caption-text\">M\u00f3nica Rubiette Hakim Krayem, acad\u00e9mica del IIESES<\/p><\/div>\n<p>&nbsp;<\/p>\n<p>Desde hace m\u00e1s de 60 a\u00f1os, esta empresa se dedica a evaluar la producci\u00f3n cient\u00edfica que ingresa a esa plataforma. Tambi\u00e9n difunde Journal Citation Reports (JCR), que es un <em>ranking<\/em>de revistas que generan un factor de impacto.<\/p>\n<p>\u201cSon revistas que pueden ser consideradas como las m\u00e1s influyentes del mundo, los investigadores pueden decir que est\u00e1n publicando en las de mayor impacto, desempe\u00f1o e influencia internacional.\u201d<\/p>\n<p>Max Alberto Garza Almaguer, representante de la empresa Turnitin M\u00e9xico, con sede en Monterrey, Nuevo Le\u00f3n, precis\u00f3 que esta herramienta es utilizada por los investigadores para verificar el nivel de originalidad de los documentos que redactan.<\/p>\n<p>Pueden compararlos contra tres bases de datos que Turnitin ha recopilado por m\u00e1s de 18 a\u00f1os, que se componen de 70 billones de p\u00e1ginas <em>web<\/em>indexadas.<\/p>\n<p>La segunda, corresponde a 165 millones de t\u00edtulos de revistas, <em>papers<\/em>y <em>journals<\/em>m\u00e1s prestigiosos que existen alrededor del mundo; mientras que la tercera se compone de m\u00e1s de un bill\u00f3n de trabajos de estudiantes entregados alrededor del mundo.<\/p>\n<p>&nbsp;<\/p>\n<div id=\"attachment_48527\" style=\"width: 732px\" class=\"wp-caption aligncenter\"><a href=\"https:\/\/www.uv.mx\/prensa\/files\/2018\/06\/310518-CONRICYT-9-100k.jpg\"><img loading=\"lazy\" decoding=\"async\" aria-describedby=\"caption-attachment-48527\" class=\"size-full wp-image-48527\" src=\"https:\/\/www.uv.mx\/prensa\/files\/2018\/06\/310518-CONRICYT-9-100k.jpg\" alt=\"\" width=\"722\" height=\"481\" srcset=\"https:\/\/www.uv.mx\/prensa\/files\/2018\/06\/310518-CONRICYT-9-100k.jpg 722w, https:\/\/www.uv.mx\/prensa\/files\/2018\/06\/310518-CONRICYT-9-100k-300x200.jpg 300w\" sizes=\"auto, (max-width: 722px) 100vw, 722px\" \/><\/a><p id=\"caption-attachment-48527\" class=\"wp-caption-text\">Erika Ver\u00f3nica Maldonado M\u00e9ndez, acad\u00e9mica de la Facultad de Derecho<\/p><\/div>\n","protected":false},"excerpt":{"rendered":"<p>Con ello obtuvieron recursos de investigaci\u00f3n especializados que no estaban al alcance de las universidades p\u00fablicas<\/p>\n","protected":false},"author":1775,"featured_media":48502,"comment_status":"closed","ping_status":"closed","sticky":false,"template":"","format":"standard","meta":{"footnotes":""},"categories":[1],"tags":[631,1191,4163,4757,4756,4778,699,133,152,1340,4755,4779,572,279],"class_list":["post-48537","post","type-post","status-publish","format-standard","has-post-thumbnail","hentry","category-general","tag-catedratico","tag-catedraticos","tag-claudia-peralta-vazquez","tag-conricyt","tag-consorcio-nacional-de-recursos-de-informacion-cientifica-y-tecnologica","tag-economico-administrativa","tag-facultad-de-contaduria-y-administracion","tag-fca","tag-humanidades","tag-investigadores","tag-jornadas-de-capacitacion","tag-rafael-gomez-cabanas","tag-unidad-de-servicios-bibliotecarios-y-de-informacion","tag-usbi"],"_links":{"self":[{"href":"https:\/\/www.uv.mx\/prensa\/wp-json\/wp\/v2\/posts\/48537","targetHints":{"allow":["GET"]}}],"collection":[{"href":"https:\/\/www.uv.mx\/prensa\/wp-json\/wp\/v2\/posts"}],"about":[{"href":"https:\/\/www.uv.mx\/prensa\/wp-json\/wp\/v2\/types\/post"}],"author":[{"embeddable":true,"href":"https:\/\/www.uv.mx\/prensa\/wp-json\/wp\/v2\/users\/1775"}],"replies":[{"embeddable":true,"href":"https:\/\/www.uv.mx\/prensa\/wp-json\/wp\/v2\/comments?post=48537"}],"version-history":[{"count":1,"href":"https:\/\/www.uv.mx\/prensa\/wp-json\/wp\/v2\/posts\/48537\/revisions"}],"predecessor-version":[{"id":104032,"href":"https:\/\/www.uv.mx\/prensa\/wp-json\/wp\/v2\/posts\/48537\/revisions\/104032"}],"wp:featuredmedia":[{"embeddable":true,"href":"https:\/\/www.uv.mx\/prensa\/wp-json\/wp\/v2\/media\/48502"}],"wp:attachment":[{"href":"https:\/\/www.uv.mx\/prensa\/wp-json\/wp\/v2\/media?parent=48537"}],"wp:term":[{"taxonomy":"category","embeddable":true,"href":"https:\/\/www.uv.mx\/prensa\/wp-json\/wp\/v2\/categories?post=48537"},{"taxonomy":"post_tag","embeddable":true,"href":"https:\/\/www.uv.mx\/prensa\/wp-json\/wp\/v2\/tags?post=48537"}],"curies":[{"name":"wp","href":"https:\/\/api.w.org\/{rel}","templated":true}]}}