{"id":48491,"date":"2018-06-01T11:56:08","date_gmt":"2018-06-01T16:56:08","guid":{"rendered":"https:\/\/www.uv.mx\/prensa\/?p=48491"},"modified":"2018-06-01T11:56:08","modified_gmt":"2018-06-01T16:56:08","slug":"comic-tiene-futuro-prometedor-bef","status":"publish","type":"post","link":"https:\/\/www.uv.mx\/prensa\/entrevista\/comic-tiene-futuro-prometedor-bef\/","title":{"rendered":"C\u00f3mic tiene futuro prometedor: Bef"},"content":{"rendered":"<ul>\n<li><em>El reto de la novela gr\u00e1fica en el pa\u00eds es consolidarse como un medio narrativo leg\u00edtimo ante los ojos de los lectores<\/em><\/li>\n<\/ul>\n<p>&nbsp;<\/p>\n<p><strong><em>\u00a0<\/em><\/strong><\/p>\n<div id=\"attachment_48497\" style=\"width: 732px\" class=\"wp-caption aligncenter\"><a href=\"https:\/\/www.uv.mx\/prensa\/files\/2018\/06\/010618-ENTREVISTA-Bernardo-Fernandez.jpg\"><img loading=\"lazy\" decoding=\"async\" aria-describedby=\"caption-attachment-48497\" class=\"size-full wp-image-48497\" src=\"https:\/\/www.uv.mx\/prensa\/files\/2018\/06\/010618-ENTREVISTA-Bernardo-Fernandez.jpg\" alt=\"\" width=\"722\" height=\"481\" srcset=\"https:\/\/www.uv.mx\/prensa\/files\/2018\/06\/010618-ENTREVISTA-Bernardo-Fernandez.jpg 722w, https:\/\/www.uv.mx\/prensa\/files\/2018\/06\/010618-ENTREVISTA-Bernardo-Fernandez-300x200.jpg 300w\" sizes=\"auto, (max-width: 722px) 100vw, 722px\" \/><\/a><p id=\"caption-attachment-48497\" class=\"wp-caption-text\">El historietista dijo que la novela gr\u00e1fica es una manera de acercar a los j\u00f3venes a la literatura<\/p><\/div>\n<p>&nbsp;<\/p>\n<p><strong><em>Paola Cort\u00e9s P\u00e9rez<\/em><\/strong><\/p>\n<p><strong><em>01\/06\/18, Xalapa, Ver.-<\/em><\/strong> El escritor e historietista Bernardo Fern\u00e1ndez, mejor conocido como Bef, dijo que el futuro del c\u00f3mic en M\u00e9xico es optimista, toda vez que hay una nueva generaci\u00f3n de novelistas gr\u00e1ficos y dibujantes que hacen uso de las nuevas tecnolog\u00edas de la informaci\u00f3n y la comunicaci\u00f3n para difundir su trabajo m\u00e1s all\u00e1 de las fronteras mexicanas.<\/p>\n<p>Es uno de los m\u00e1s reconocidos autores de novela gr\u00e1fica as\u00ed como escritores de ciencia ficci\u00f3n del pa\u00eds; aunado a esto, en los a\u00f1os noventa fue coeditor del fanzine Sub, de aparici\u00f3n espor\u00e1dica, y director de arte de la revista <em>Complot internacional<\/em>.<\/p>\n<p>El reconocido autor de la novela gr\u00e1fica y escritor de ciencia ficci\u00f3n del pa\u00eds estuvo en Xalapa, en la XXV Feria Internacional del Libro Universitario (FILU), donde concedi\u00f3 una entrevista a <em>Universo<\/em>.<\/p>\n<p>&nbsp;<\/p>\n<p><strong><em>\u00bfC\u00f3mo fue su encuentro con el dibujo?<\/em><\/strong><\/p>\n<p>Desde que tengo memoria he dibujado, fue un descubrimiento tempran\u00edsimo en mi vida que defini\u00f3 mi profesi\u00f3n, mi relaci\u00f3n con el mundo, mi actividad creativa y mi manera de enconarme con el resto de las personas a trav\u00e9s del dibujo.<\/p>\n<p>&nbsp;<\/p>\n<p><strong><em>\u00bfEn alg\u00fan momento perdi\u00f3 el inter\u00e9s por dibujar o le falt\u00f3 motivaci\u00f3n?<\/em><\/strong><\/p>\n<p>Al salir de la universidad tuve una etapa en la que pensaba dedicarme exclusivamente al dise\u00f1o gr\u00e1fico y dibuj\u00e9 muy poco, pero afortunadamente fue un periodo muy breve, s\u00f3lo un a\u00f1o.<\/p>\n<p>Para m\u00ed, ahora dibujar es casi una necesidad y los d\u00edas que no lo hago me siento incompleto, estoy de malas, porque es una disciplina de trabajo que he tenido toda la vida.<\/p>\n<p>&nbsp;<\/p>\n<p><strong><em>\u00bfCu\u00e1l ser\u00eda su consejo para los padres de familia que tienen hijos que les gusta dibujar?<\/em><\/strong><\/p>\n<p>Una frase que me dijo Remy Basti\u00e9n, que era editor de <em>Marvel<\/em> en M\u00e9xico hace muchos a\u00f1os, la cito siempre: \u201cSi usted tiene un hijo que le gusta dibujar, tenga el valor civil de comprarle toneladas de l\u00e1pices y papel\u201d; esto aplica tambi\u00e9n para los que dibujan y para toda actividad creativa por la que se incline un ni\u00f1o, se debe motivarlos, estimularlos y facilitarles la vida.<\/p>\n<p>&nbsp;<\/p>\n<p><strong><em>\u00bfQu\u00e9 es una novela gr\u00e1fica?<\/em><\/strong><\/p>\n<p>Toda novela gr\u00e1fica es un c\u00f3mic en donde se combinan palabras con im\u00e1genes, por lo tanto, es una rama del c\u00f3mic; hay otros como la tira gr\u00e1fica, las historietas, los pasquines, revistas mensuales. Entonces la historieta que tiene estructura literaria de novela y se compila como un libro en una novela gr\u00e1fica.<\/p>\n<p>&nbsp;<\/p>\n<p><strong><em>\u00bfPrefiere historietas breves o populares?<\/em><\/strong><\/p>\n<p>De todas las formas que hay de historietas, las que m\u00e1s me gusta es la novela gr\u00e1fica, pero en general soy una persona que le gusta toda forma de historieta y c\u00f3mic.<\/p>\n<p>&nbsp;<\/p>\n<p><strong><em>Algunos cr\u00edticos literarios no consideran a la novela gr\u00e1fica como parte de la literatura, \u00bfqu\u00e9 opina?<\/em><\/strong><\/p>\n<p>Ni siquiera me acerco a ellos, ni les hablo.<\/p>\n<p>&nbsp;<\/p>\n<p><strong><em>A los j\u00f3venes que tienen gusto por la novela gr\u00e1fica, \u00bfqu\u00e9 les dir\u00eda?<\/em><\/strong><\/p>\n<p>Con la novela gr\u00e1fica pasa lo mismo que con un g\u00e9nero musical, les dicen que no lo escuchen, pero creo que entre m\u00e1s conozcan y lean diferentes g\u00e9neros literarios su criterio ser\u00e1 m\u00e1s amplio.<\/p>\n<p>Sostengo que ahora, en este momento, en este pa\u00eds y en el mundo en general se hacen libros muy interesantes sobre novela gr\u00e1fica, as\u00ed que invitar\u00eda a los j\u00f3venes y a la gente que gusta de leer a que la conozca; adem\u00e1s hay historietas, c\u00f3mics, novelas gr\u00e1ficas, de todos los temas, entonces es un buen momento para acercarse a ella.<\/p>\n<p>&nbsp;<\/p>\n<p><strong><em>\u00bfLa novela gr\u00e1fica puede ser una herramienta para acercar a los j\u00f3venes a la literatura y a lectura?<\/em><\/strong><\/p>\n<p>Claro, \u00e9se fue mi caso. Hay un subg\u00e9nero de la historieta \u2013que se confunde con la novela gr\u00e1fica\u2013 denominado cl\u00e1sicos ilustrados, es cuando tomas una novela ya existente y la traduces al lenguaje de historieta.<\/p>\n<p>En mi caso, la mitad de las obras cl\u00e1sicas que le\u00ed, habl\u00f3 desde <em>Los Tres Mosqueteros<\/em>, <em>Madame Bovary<\/em> hasta <em>Dr\u00e1cula<\/em>, originalmente lo hice en c\u00f3mic, porque son una gran puerta para el mundo de la lectura.<\/p>\n<p>&nbsp;<\/p>\n<p><strong><em>\u00bfC\u00f3mo han impactado las nuevas tecnolog\u00edas en este g\u00e9nero literario?<\/em><\/strong><\/p>\n<p>Han impactado en especial a la historieta. A trav\u00e9s del <em>eC\u00f3mic<\/em>, la tira c\u00f3mica (<em>sketch<\/em> o historia r\u00e1pida contada en tres o cuatro cuadros) o la minificci\u00f3n (historieta de una p\u00e1gina) est\u00e1n volviendo gracias a que se pueden compartir en las redes sociales.<\/p>\n<p>Haces un c\u00f3mic y lo subes a tu p\u00e1gina de <em>Facebook<\/em>, <em>Instagram <\/em>o<em> Twitter<\/em>, de inmediato est\u00e1 accesible para cualquier persona de todo el mundo y esto ha permitido que haya una generaci\u00f3n posterior a la m\u00eda que est\u00e9 teniendo gran \u00e9xito entre los lectores, por el alcance ilimitado que tiene Internet.<\/p>\n<p>Una de mis novelas gr\u00e1ficas, que es para adultos, originalmente la quer\u00eda hacer como un <em>web<\/em> c\u00f3mic, pero descubr\u00ed que es un trabajo muy tedioso y frustrante; sin embargo, para las novelas cortas es muy bueno Internet<\/p>\n<p>&nbsp;<\/p>\n<p><strong><em>\u00bfCu\u00e1l es el reto de la novela gr\u00e1fica en M\u00e9xico?<\/em><\/strong><\/p>\n<p>Consolidarse como un medio narrativo leg\u00edtimo ante los ojos de los lectores; demostrar que pueden llegar a una feria del libro o a una librer\u00eda cualquier d\u00eda y que en la mesa de novedades, al lado de los libros de autores consagrados, est\u00e9 una novela gr\u00e1fica de Alejandra G\u00e1mez o la nueva de Patricio Betteo, que la gente la tenga como un medio legitimo al lado del cuento, la poes\u00eda y la novela escritos.<\/p>\n","protected":false},"excerpt":{"rendered":"<p>Para el escritor e historietista Bernardo Fern\u00e1ndez, \u201cdibujar es casi una necesidad y los d\u00edas que no lo hago me siento incompleto, porque es una disciplina de trabajo que he tenido toda la vida\u00bb<\/p>\n","protected":false},"author":1869,"featured_media":48497,"comment_status":"closed","ping_status":"closed","sticky":false,"template":"","format":"standard","meta":{"footnotes":""},"categories":[13],"tags":[],"class_list":["post-48491","post","type-post","status-publish","format-standard","has-post-thumbnail","hentry","category-entrevista"],"_links":{"self":[{"href":"https:\/\/www.uv.mx\/prensa\/wp-json\/wp\/v2\/posts\/48491","targetHints":{"allow":["GET"]}}],"collection":[{"href":"https:\/\/www.uv.mx\/prensa\/wp-json\/wp\/v2\/posts"}],"about":[{"href":"https:\/\/www.uv.mx\/prensa\/wp-json\/wp\/v2\/types\/post"}],"author":[{"embeddable":true,"href":"https:\/\/www.uv.mx\/prensa\/wp-json\/wp\/v2\/users\/1869"}],"replies":[{"embeddable":true,"href":"https:\/\/www.uv.mx\/prensa\/wp-json\/wp\/v2\/comments?post=48491"}],"version-history":[{"count":0,"href":"https:\/\/www.uv.mx\/prensa\/wp-json\/wp\/v2\/posts\/48491\/revisions"}],"wp:featuredmedia":[{"embeddable":true,"href":"https:\/\/www.uv.mx\/prensa\/wp-json\/wp\/v2\/media\/48497"}],"wp:attachment":[{"href":"https:\/\/www.uv.mx\/prensa\/wp-json\/wp\/v2\/media?parent=48491"}],"wp:term":[{"taxonomy":"category","embeddable":true,"href":"https:\/\/www.uv.mx\/prensa\/wp-json\/wp\/v2\/categories?post=48491"},{"taxonomy":"post_tag","embeddable":true,"href":"https:\/\/www.uv.mx\/prensa\/wp-json\/wp\/v2\/tags?post=48491"}],"curies":[{"name":"wp","href":"https:\/\/api.w.org\/{rel}","templated":true}]}}