{"id":48440,"date":"2018-05-31T14:22:33","date_gmt":"2018-05-31T19:22:33","guid":{"rendered":"https:\/\/www.uv.mx\/prensa\/?p=48440"},"modified":"2018-05-31T14:22:33","modified_gmt":"2018-05-31T19:22:33","slug":"uv-incorporara-un-cuarto-eje-de-saberes-digitales-a-la-formacion-profesional","status":"publish","type":"post","link":"https:\/\/www.uv.mx\/prensa\/banner\/uv-incorporara-un-cuarto-eje-de-saberes-digitales-a-la-formacion-profesional\/","title":{"rendered":"UV incorporar\u00e1 un cuarto eje de saberes digitales a la formaci\u00f3n profesional"},"content":{"rendered":"<ul>\n<li><em>Adem\u00e1s de los ejes te\u00f3rico, heur\u00edstico y axiol\u00f3gico, se har\u00e1 visible la importancia de la literacidad digital en el MEIF<\/em><\/li>\n<li><em>Es una transformaci\u00f3n fundamental que ya est\u00e1 presente en los j\u00f3venes, afirm\u00f3 la rectora Sara Ladr\u00f3n de Guevara<\/em><\/li>\n<\/ul>\n<p>&nbsp;<\/p>\n<p>&nbsp;<\/p>\n<div id=\"attachment_48421\" style=\"width: 732px\" class=\"wp-caption aligncenter\"><a href=\"https:\/\/www.uv.mx\/prensa\/files\/2018\/05\/310518-DAVID-CIIES-se-reune-con-SLG-y-autoridades-universitarias-1.jpg\"><img loading=\"lazy\" decoding=\"async\" aria-describedby=\"caption-attachment-48421\" class=\"size-full wp-image-48421\" src=\"https:\/\/www.uv.mx\/prensa\/files\/2018\/05\/310518-DAVID-CIIES-se-reune-con-SLG-y-autoridades-universitarias-1.jpg\" alt=\"\" width=\"722\" height=\"481\" srcset=\"https:\/\/www.uv.mx\/prensa\/files\/2018\/05\/310518-DAVID-CIIES-se-reune-con-SLG-y-autoridades-universitarias-1.jpg 722w, https:\/\/www.uv.mx\/prensa\/files\/2018\/05\/310518-DAVID-CIIES-se-reune-con-SLG-y-autoridades-universitarias-1-300x200.jpg 300w\" sizes=\"auto, (max-width: 722px) 100vw, 722px\" \/><\/a><p id=\"caption-attachment-48421\" class=\"wp-caption-text\">Sara Ladr\u00f3n de Guevara, rectora de la UV, precis\u00f3 como fundamental la incorporaci\u00f3n de saberes digitales como un eje del modelo educativo<\/p><\/div>\n<p><strong><em>\u00a0<\/em><\/strong><\/p>\n<p><strong><em>David Sandoval Rodr\u00edguez<\/em><\/strong><\/p>\n<p><strong><em>31\/05\/18, Xalapa, Ver.-<\/em><\/strong> La incorporaci\u00f3n de los saberes digitales como un cuarto eje integrador del Modelo Educativo Integral y Flexible (MEIF) de la Universidad Veracruzana (UV) es fundamental, expres\u00f3 Sara Ladr\u00f3n de Guevara, rectora de la m\u00e1xima casa de estudios, al presidir la reuni\u00f3n de trabajo con los integrantes del Centro de Investigaci\u00f3n e Innovaci\u00f3n en Educaci\u00f3n Superior (CIIES).<\/p>\n<p>En el evento, efectuado el jueves 31 de mayo en la Rector\u00eda, se dieron cita los directores generales de las cinco \u00e1reas acad\u00e9micas, del Sistema de Ense\u00f1anza Abierta (SEA) y de las direcciones generales de Tecnolog\u00edas de Informaci\u00f3n (DGTI) y Desarrollo Acad\u00e9mico e Innovaci\u00f3n Educativa (DGDAIE), los investigadores del CIIES presentaron tres propuestas de trabajo para implementar a nivel institucional.<\/p>\n<p>Sara Ladr\u00f3n de Guevara recalc\u00f3 que \u201clo m\u00e1s importante es hacer visible el cuarto eje integrador, que representa una transformaci\u00f3n de paradigma y es fundamental en este tiempo de la industria 4.0; es nuestro eje 4.0, agregar los saberes digitales como parte de la formaci\u00f3n de nuestros profesionistas\u201d.<\/p>\n<p>Calific\u00f3 esta incorporaci\u00f3n como \u201cuna transformaci\u00f3n fundamental inevitable que de alguna manera est\u00e1 ah\u00ed, presente en la formaci\u00f3n de nuestros j\u00f3venes, pero no nos hemos posicionado frente a esta realidad en la formaci\u00f3n\u201d.<\/p>\n<p>Este di\u00e1logo con expertos es fundamental si se contempla \u201cla mejora del modelo educativo, como igualmente importante es la actualizaci\u00f3n de los profesores universitarios porque los j\u00f3venes est\u00e1n empapados de las tecnolog\u00edas y el profesorado debe conocerlas y hacer uso de ellas\u201d, agreg\u00f3.<\/p>\n<p>La Rectora puntualiz\u00f3 que estos temas incitan a reflexionar sobre el buen uso de las tecnolog\u00edas y la responsabilidad que se tiene como integrantes de una comunidad universitaria y para lograr una exitosa incorporaci\u00f3n del eje de saberes digitales se debe realizar una habilitaci\u00f3n de los profesores.<\/p>\n<p>Miguel \u00c1ngel Casillas Alvarado, investigador del CIIES, present\u00f3 tres propuestas que \u201cbuscan generar una mayor incorporaci\u00f3n de las Tecnolog\u00edas de la Informaci\u00f3n y la Comunicaci\u00f3n (TIC) al trabajo acad\u00e9mico, sobre todo al trabajo de los docentes con propuestas que ponen en juego lo que hemos investigado y desarrollado; creemos que puede ser una buena oportunidad para renovar planes de estudio, para capacitar a los profesores y eventualmente abrirnos a una cuesti\u00f3n mayor, influir desde la Universidad hacia el resto del sistema educativo, contribuir a la formaci\u00f3n de profesores\u201d.<\/p>\n<p>La primera estrategia busca favorecer la incorporaci\u00f3n de las TIC a la docencia y pr\u00e1cticas cotidianas de los profesores y surge de la idea de establecer un piso com\u00fan de capacidades tecnol\u00f3gicas para todo el profesorado.<\/p>\n<p>En su implementaci\u00f3n proponen un diagn\u00f3stico inicial y la creaci\u00f3n de cursos dentro del Programa de Formaci\u00f3n de Acad\u00e9micos (<em>ProFA<\/em>) para, posteriormente, buscar la certificaci\u00f3n de los profesores sobre competencias digitales para la docencia.<\/p>\n<p>\u201c\u00c9sta pudiera ser una oferta de la UV hacia el sistema educativo como una certificaci\u00f3n relacionada con el trabajo acad\u00e9mico\u201d, dijo.<\/p>\n<p>Alberto Ram\u00edrez Martinell, tambi\u00e9n investigador del CIIES, coment\u00f3 que la primera etapa del proyecto radica en la definici\u00f3n de los saberes digitales dependiendo de la disciplina acad\u00e9mica que se imparte en cada Facultad mediante un taller, como el que iniciaron en 2012 con Lengua Inglesa, Filosof\u00eda y en otras regiones como Acayucan.<\/p>\n<p>\u201cRecientemente hicimos el ejercicio con toda el \u00c1rea Acad\u00e9mica T\u00e9cnica, con 12 programas educativos, para definir los saberes digitales de los egresados\u201d, apunt\u00f3.<\/p>\n<p>Propusieron realizar un taller dirigido a los catedr\u00e1ticos de las cinco \u00e1reas acad\u00e9micas para definir los saberes digitales que requiere cada una e incorporarlos a sus respectivos planes de estudio.<\/p>\n<p>La segunda propuesta considera cuatro cursos semi-presenciales dentro del <em>ProFA<\/em> que abarcan la cultura digital, el manejo de dispositivos, manejo de archivos digitales y programas de informaci\u00f3n especializados.<\/p>\n<p>La tercera propuesta se enfoca en un programa de certificaci\u00f3n de saberes digitales que \u201cva acompa\u00f1ado de una aplicaci\u00f3n para el auto-estudio que hemos dise\u00f1ado a partir de una tendencia actual de lo puntual, lo peque\u00f1o y es a trav\u00e9s de c\u00e1psulas educativas denominadas p\u00edldoras\u201d, detall\u00f3 Ram\u00edrez Martinell.<\/p>\n<p>Existir\u00e1n 100 p\u00edldoras y cada profesor tomar\u00e1 las que necesite para alcanzar el nivel de incorporaci\u00f3n de las TIC a su pr\u00e1ctica docente; una vez que finalice podr\u00e1 solicitar la certificaci\u00f3n que estar\u00e1 validada por la UV.<\/p>\n<p>\u201cDe esa forma podr\u00edamos medir, capacitar y certificar a los profesores que est\u00e9n interesados en validar que sus saberes digitales son los adecuados para sus niveles educativos\u201d, agreg\u00f3 el investigador.<\/p>\n<p>En el evento estuvieron presentes Magdalena Hern\u00e1ndez Alarc\u00f3n, secretaria Acad\u00e9mica; Octavio Ochoa Contreras, secretario de Desarrollo Institucional; \u00c1ngel Trigos Landa, director general de Investigaciones, y Juan Carlos Ortega Guerrero, coordinador del CIIES.<\/p>\n<p>&nbsp;<\/p>\n<div id=\"attachment_48423\" style=\"width: 732px\" class=\"wp-caption aligncenter\"><a href=\"https:\/\/www.uv.mx\/prensa\/files\/2018\/05\/310518-DAVID-CIIES-se-reune-con-SLG-y-autoridades-universitarias-2.jpg\"><img loading=\"lazy\" decoding=\"async\" aria-describedby=\"caption-attachment-48423\" class=\"size-full wp-image-48423\" src=\"https:\/\/www.uv.mx\/prensa\/files\/2018\/05\/310518-DAVID-CIIES-se-reune-con-SLG-y-autoridades-universitarias-2.jpg\" alt=\"\" width=\"722\" height=\"480\" srcset=\"https:\/\/www.uv.mx\/prensa\/files\/2018\/05\/310518-DAVID-CIIES-se-reune-con-SLG-y-autoridades-universitarias-2.jpg 722w, https:\/\/www.uv.mx\/prensa\/files\/2018\/05\/310518-DAVID-CIIES-se-reune-con-SLG-y-autoridades-universitarias-2-300x199.jpg 300w\" sizes=\"auto, (max-width: 722px) 100vw, 722px\" \/><\/a><p id=\"caption-attachment-48423\" class=\"wp-caption-text\">Juan Carlos Ortega, Alberto Ram\u00edrez y Miguel \u00c1ngel Casillas, dieron a conocer propuestas para mejorar los saberes digitales en la UV<\/p><\/div>\n","protected":false},"excerpt":{"rendered":"<p>El cambio de paradigma implica \u00abla actualizaci\u00f3n de los profesores universitarios porque los j\u00f3venes est\u00e1n empapados de las tecnolog\u00edas y el profesorado debe conocerlas y hacer uso de ellas\u201d: Rectora<\/p>\n","protected":false},"author":1869,"featured_media":48444,"comment_status":"closed","ping_status":"closed","sticky":false,"template":"","format":"standard","meta":{"footnotes":""},"categories":[61],"tags":[],"class_list":["post-48440","post","type-post","status-publish","format-standard","has-post-thumbnail","hentry","category-banner"],"_links":{"self":[{"href":"https:\/\/www.uv.mx\/prensa\/wp-json\/wp\/v2\/posts\/48440","targetHints":{"allow":["GET"]}}],"collection":[{"href":"https:\/\/www.uv.mx\/prensa\/wp-json\/wp\/v2\/posts"}],"about":[{"href":"https:\/\/www.uv.mx\/prensa\/wp-json\/wp\/v2\/types\/post"}],"author":[{"embeddable":true,"href":"https:\/\/www.uv.mx\/prensa\/wp-json\/wp\/v2\/users\/1869"}],"replies":[{"embeddable":true,"href":"https:\/\/www.uv.mx\/prensa\/wp-json\/wp\/v2\/comments?post=48440"}],"version-history":[{"count":0,"href":"https:\/\/www.uv.mx\/prensa\/wp-json\/wp\/v2\/posts\/48440\/revisions"}],"wp:featuredmedia":[{"embeddable":true,"href":"https:\/\/www.uv.mx\/prensa\/wp-json\/wp\/v2\/media\/48444"}],"wp:attachment":[{"href":"https:\/\/www.uv.mx\/prensa\/wp-json\/wp\/v2\/media?parent=48440"}],"wp:term":[{"taxonomy":"category","embeddable":true,"href":"https:\/\/www.uv.mx\/prensa\/wp-json\/wp\/v2\/categories?post=48440"},{"taxonomy":"post_tag","embeddable":true,"href":"https:\/\/www.uv.mx\/prensa\/wp-json\/wp\/v2\/tags?post=48440"}],"curies":[{"name":"wp","href":"https:\/\/api.w.org\/{rel}","templated":true}]}}