{"id":48387,"date":"2018-05-30T18:34:10","date_gmt":"2018-05-30T23:34:10","guid":{"rendered":"https:\/\/www.uv.mx\/prensa\/?p=48387"},"modified":"2018-05-30T18:34:54","modified_gmt":"2018-05-30T23:34:54","slug":"vinculacion-uv-y-proyecto-rizoma-difundieron-experiencias-sustentables","status":"publish","type":"post","link":"https:\/\/www.uv.mx\/prensa\/general\/vinculacion-uv-y-proyecto-rizoma-difundieron-experiencias-sustentables\/","title":{"rendered":"Vinculaci\u00f3n UV y Proyecto Rizoma difundieron experiencias sustentables"},"content":{"rendered":"<ul>\n<li><em>El desarrollo de servicio comunitario enriquece el esp\u00edritu humanista: estudiantes<\/em><\/li>\n<\/ul>\n<p>&nbsp;<\/p>\n<div id=\"attachment_48336\" style=\"width: 732px\" class=\"wp-caption aligncenter\"><a href=\"https:\/\/www.uv.mx\/prensa\/files\/2018\/05\/29052018-KARINA-Rizoma-y-Vinculacion-1.jpg\"><img loading=\"lazy\" decoding=\"async\" aria-describedby=\"caption-attachment-48336\" class=\"size-full wp-image-48336\" src=\"https:\/\/www.uv.mx\/prensa\/files\/2018\/05\/29052018-KARINA-Rizoma-y-Vinculacion-1.jpg\" alt=\"\" width=\"722\" height=\"481\" srcset=\"https:\/\/www.uv.mx\/prensa\/files\/2018\/05\/29052018-KARINA-Rizoma-y-Vinculacion-1.jpg 722w, https:\/\/www.uv.mx\/prensa\/files\/2018\/05\/29052018-KARINA-Rizoma-y-Vinculacion-1-300x200.jpg 300w\" sizes=\"auto, (max-width: 722px) 100vw, 722px\" \/><\/a><p id=\"caption-attachment-48336\" class=\"wp-caption-text\">Julio C\u00e9sar S\u00e1nchez, Lea Heise, <em>Luzio<\/em>, Ra\u00fal Iv\u00e1n Farf\u00e1n y Jos\u00e9 Alfredo\u00a0Aburto<\/p><\/div>\n<p>&nbsp;<\/p>\n<p><strong><em>Karina de la Paz Reyes D\u00edaz<\/em><\/strong><\/p>\n<p><strong><em>30\/05\/18, Xalapa, Ver.-<\/em><\/strong> La Direcci\u00f3n General de Vinculaci\u00f3n (DGV) de la Universidad Veracruzana (UV) y el Proyecto Rizoma compartieron experiencias de sustentabilidad en el exterior del Centro Estudiantil Universitario, acompa\u00f1ados por <em>Luzio<\/em>, la mascota oficial de esta casa de estudios.<\/p>\n<p>Este ejercicio de difusi\u00f3n de quehaceres se desarroll\u00f3 el martes 29 de mayo y Julio C\u00e9sar S\u00e1nchez Hern\u00e1ndez, responsable del \u00e1rea de Procesos Ambientales y Sustentabilidad de la DGV, record\u00f3 que las actividades que realizan dentro y fuera de la instituci\u00f3n tienen como base los Objetivos de Desarrollo Sostenible de la Organizaci\u00f3n de las Naciones Unidas.<\/p>\n<p>De manera interna, se realizan campa\u00f1as como la recolecci\u00f3n de aceite usado en la cocina, pilas usadas, medicamentos caducos y el manejo adecuado de residuos biol\u00f3gicos-infecciosos; de manera externa, se realizan a trav\u00e9s de las Casas UV, principalmente con actividades que emprenden estudiantes en servicio social.<\/p>\n<p>De ello dieron cuenta Lea Heise, procedente de Alemania y quien est\u00e1 de intercambio a trav\u00e9s de la Asociaci\u00f3n AFS-M\u00e9xico (American Field Service); Ra\u00fal Iv\u00e1n Farf\u00e1n Velasco, de la Facultad de Enfermer\u00eda, y Jos\u00e9 Alfredo Aburto Castro, de la Facultad de Bioan\u00e1lisis, quienes realizan su servicio social en la Casa UV Molino de San Roque.<\/p>\n<p>Lea Heise, por ejemplo, tiene un taller de zumba dirigido a personas con diabetes o sobrepeso; adem\u00e1s, en una primaria cercana a la Casa UV imparte clases de salsa, <em>dance fit<\/em> e ingl\u00e9s. \u201cLos ni\u00f1os han aprendido mucho de m\u00ed y yo de ellos, porque me preguntan mucho de Alemania y me explican c\u00f3mo es aqu\u00ed y del idioma espa\u00f1ol. \u00a1Me hace feliz saber que hago feliz a otras personas, es una experiencia incre\u00edble!\u201d, dijo gustosa.<\/p>\n<p>&nbsp;<\/p>\n<div id=\"attachment_48337\" style=\"width: 732px\" class=\"wp-caption aligncenter\"><a href=\"https:\/\/www.uv.mx\/prensa\/files\/2018\/05\/29052018-KARINA-Rizoma-y-Vinculacion-2.jpg\"><img loading=\"lazy\" decoding=\"async\" aria-describedby=\"caption-attachment-48337\" class=\"size-full wp-image-48337\" src=\"https:\/\/www.uv.mx\/prensa\/files\/2018\/05\/29052018-KARINA-Rizoma-y-Vinculacion-2.jpg\" alt=\"\" width=\"722\" height=\"481\" srcset=\"https:\/\/www.uv.mx\/prensa\/files\/2018\/05\/29052018-KARINA-Rizoma-y-Vinculacion-2.jpg 722w, https:\/\/www.uv.mx\/prensa\/files\/2018\/05\/29052018-KARINA-Rizoma-y-Vinculacion-2-300x200.jpg 300w\" sizes=\"auto, (max-width: 722px) 100vw, 722px\" \/><\/a><p id=\"caption-attachment-48337\" class=\"wp-caption-text\">Estudiantes de Pedagog\u00eda que participan en el Proyecto Rizoma<\/p><\/div>\n<p>&nbsp;<\/p>\n<p>Los estudiantes Ra\u00fal Iv\u00e1n y Jos\u00e9 Alfredo realizan varias actividades en la Casa UV, como un taller de estimulaci\u00f3n temprana \u2013que contempla motricidad fina y gruesa, lenguaje e interacci\u00f3n social\u2013 en ni\u00f1os de uno a cuatro a\u00f1os. Otras son la realizaci\u00f3n de pruebas r\u00e1pidas de glucosa, de tamiz neonatal, tomas de signos vitales, incluso han desarrollado talleres para la elaboraci\u00f3n de champ\u00fa antipiojos, acompa\u00f1ado de una charla acerca de estos par\u00e1sitos.<\/p>\n<p>\u201cNosotros estamos en el \u00e1mbito comunitario, lo que signific\u00f3 salir del com\u00fan \u2013como los hospitales\u2013 al que estamos acostumbrados, por lo tanto interactuamos m\u00e1s con las personas y al dar muchas exposiciones o talleres adquirimos pr\u00e1ctica, conocimientos, incluso se pierde el miedo a hablar en p\u00fablico\u201d, dijo Ra\u00fal Iv\u00e1n.<\/p>\n<p>\u201cEsto me ha dejado mucho en mi formaci\u00f3n personal, principalmente, siento que estoy aprendiendo sobre la solidaridad y el humanismo que debemos tener como personal de ciencias de la salud\u201d, a\u00f1adi\u00f3 Jos\u00e9 Alfredo.<\/p>\n<p>Por su parte, Mar\u00eda Teresa Leal Ascencio, acad\u00e9mica de la Facultad de Ciencias Qu\u00edmicas y encargada de la Subcoordinaci\u00f3n Regional Xalapa de la Coordinaci\u00f3n Universitaria para la Sustentabilidad (<em>CoSustenta<\/em>), coment\u00f3 acerca de la vinculaci\u00f3n que \u00e9sta tiene con el Proyecto Rizoma, espacio que busca la convivencia y el compartir saberes e ideas desde una mirada intercultural y sustentable.<\/p>\n<p>\u201cA veces creemos que estamos aportando a la resoluci\u00f3n de problemas y otras tantas no, y \u00fanicamente estamos siguiendo la corriente. Porque no se trata s\u00f3lo de venir y depositar unas pilas que ya no uso, sino de generar menos, as\u00ed como analizar mi forma de vivir, de manera que reduzca mi generaci\u00f3n de residuos\u201d, aclar\u00f3 la funcionaria universitaria.<\/p>\n<p>&nbsp;<\/p>\n<div id=\"attachment_48338\" style=\"width: 732px\" class=\"wp-caption aligncenter\"><a href=\"https:\/\/www.uv.mx\/prensa\/files\/2018\/05\/29052018-KARINA-Rizoma-y-Vinculacion-3.jpg\"><img loading=\"lazy\" decoding=\"async\" aria-describedby=\"caption-attachment-48338\" class=\"size-full wp-image-48338\" src=\"https:\/\/www.uv.mx\/prensa\/files\/2018\/05\/29052018-KARINA-Rizoma-y-Vinculacion-3.jpg\" alt=\"\" width=\"722\" height=\"481\" srcset=\"https:\/\/www.uv.mx\/prensa\/files\/2018\/05\/29052018-KARINA-Rizoma-y-Vinculacion-3.jpg 722w, https:\/\/www.uv.mx\/prensa\/files\/2018\/05\/29052018-KARINA-Rizoma-y-Vinculacion-3-300x200.jpg 300w\" sizes=\"auto, (max-width: 722px) 100vw, 722px\" \/><\/a><p id=\"caption-attachment-48338\" class=\"wp-caption-text\">Universitarios promueven \u201cTrae lo que ya no utilices, ll\u00e9vate lo que necesites\u201d<\/p><\/div>\n<p>&nbsp;<\/p>\n<p>Finalmente, Isabel Gonz\u00e1lez Mungu\u00eda, estudiante de la Maestr\u00eda en Educaci\u00f3n para la Interculturalidad y la Sustentabilidad del Instituto de Investigaciones en Educaci\u00f3n, cuyo proyecto de investigaci\u00f3n es precisamente Rizoma, expres\u00f3: \u201cEs un proyecto educativo que est\u00e1 siendo impulsado con estudiantes de Pedagog\u00eda; pretende ser un espacio educativo donde se promuevan actividades l\u00fadicas y art\u00edsticas que detonen reflexiones ante problemas ambientales, principalmente locales. Adem\u00e1s de reflexionar, tambi\u00e9n ver qu\u00e9 podemos hacer\u201d.<\/p>\n<p>Adelant\u00f3 que se trata de una prueba piloto a trav\u00e9s de una experiencia educativa de la Licenciatura en Pedagog\u00eda, misma que contempla un proyecto de intervenci\u00f3n, por ello fue pertinente establecer la colaboraci\u00f3n.<\/p>\n<p>\u201cLlevamos un semestre de prueba piloto y lo que pretendemos, una vez que hagamos una reflexi\u00f3n, es tejer m\u00e1s redes con otras entidades universitarias para que Rizoma pudiera llegar a ser un proyecto institucional.\u201d<\/p>\n<p>Entre las actividades que promovi\u00f3 Rizoma ese d\u00eda fue \u201cTrae lo que ya no utilices, ll\u00e9vate lo que necesites\u201d. Adem\u00e1s, distribuy\u00f3 de manera gratuita semillas de cilantro, amaranto, lechuga, entre otras, con la intenci\u00f3n de incentivar a cultivar en casa parte de los alimentos que se consumen.<\/p>\n<p>Para conocer m\u00e1s del proyecto y estar al pendiente de las actividades que desarrollan, consulte su <em>Facebook<\/em>: Rizoma UV.<\/p>\n<p>&nbsp;<\/p>\n<div id=\"attachment_48339\" style=\"width: 732px\" class=\"wp-caption aligncenter\"><a href=\"https:\/\/www.uv.mx\/prensa\/files\/2018\/05\/29052018-KARINA-Rizoma-y-Vinculacion-4.jpg\"><img loading=\"lazy\" decoding=\"async\" aria-describedby=\"caption-attachment-48339\" class=\"size-full wp-image-48339\" src=\"https:\/\/www.uv.mx\/prensa\/files\/2018\/05\/29052018-KARINA-Rizoma-y-Vinculacion-4.jpg\" alt=\"\" width=\"722\" height=\"481\" srcset=\"https:\/\/www.uv.mx\/prensa\/files\/2018\/05\/29052018-KARINA-Rizoma-y-Vinculacion-4.jpg 722w, https:\/\/www.uv.mx\/prensa\/files\/2018\/05\/29052018-KARINA-Rizoma-y-Vinculacion-4-300x200.jpg 300w\" sizes=\"auto, (max-width: 722px) 100vw, 722px\" \/><\/a><p id=\"caption-attachment-48339\" class=\"wp-caption-text\">Mar\u00eda Teresa Leal Ascencio, de <em>CoSustenta<\/em><\/p><\/div>\n","protected":false},"excerpt":{"rendered":"<p>Se realizan campa\u00f1as como la recolecci\u00f3n de aceite usado, pilas, medicamentos caducos y se brinda orientaci\u00f3n sobre el manejo adecuado de residuos biol\u00f3gicos<\/p>\n","protected":false},"author":1508,"featured_media":48338,"comment_status":"closed","ping_status":"closed","sticky":false,"template":"","format":"standard","meta":{"footnotes":""},"categories":[1],"tags":[],"class_list":["post-48387","post","type-post","status-publish","format-standard","has-post-thumbnail","hentry","category-general"],"_links":{"self":[{"href":"https:\/\/www.uv.mx\/prensa\/wp-json\/wp\/v2\/posts\/48387","targetHints":{"allow":["GET"]}}],"collection":[{"href":"https:\/\/www.uv.mx\/prensa\/wp-json\/wp\/v2\/posts"}],"about":[{"href":"https:\/\/www.uv.mx\/prensa\/wp-json\/wp\/v2\/types\/post"}],"author":[{"embeddable":true,"href":"https:\/\/www.uv.mx\/prensa\/wp-json\/wp\/v2\/users\/1508"}],"replies":[{"embeddable":true,"href":"https:\/\/www.uv.mx\/prensa\/wp-json\/wp\/v2\/comments?post=48387"}],"version-history":[{"count":0,"href":"https:\/\/www.uv.mx\/prensa\/wp-json\/wp\/v2\/posts\/48387\/revisions"}],"wp:featuredmedia":[{"embeddable":true,"href":"https:\/\/www.uv.mx\/prensa\/wp-json\/wp\/v2\/media\/48338"}],"wp:attachment":[{"href":"https:\/\/www.uv.mx\/prensa\/wp-json\/wp\/v2\/media?parent=48387"}],"wp:term":[{"taxonomy":"category","embeddable":true,"href":"https:\/\/www.uv.mx\/prensa\/wp-json\/wp\/v2\/categories?post=48387"},{"taxonomy":"post_tag","embeddable":true,"href":"https:\/\/www.uv.mx\/prensa\/wp-json\/wp\/v2\/tags?post=48387"}],"curies":[{"name":"wp","href":"https:\/\/api.w.org\/{rel}","templated":true}]}}