{"id":48362,"date":"2018-05-30T14:07:30","date_gmt":"2018-05-30T19:07:30","guid":{"rendered":"https:\/\/www.uv.mx\/prensa\/?p=48362"},"modified":"2018-05-30T14:46:09","modified_gmt":"2018-05-30T19:46:09","slug":"uv-aplicara-examen-de-ingreso-a-posgrado-este-fin-de-semana","status":"publish","type":"post","link":"https:\/\/www.uv.mx\/prensa\/general\/uv-aplicara-examen-de-ingreso-a-posgrado-este-fin-de-semana\/","title":{"rendered":"UV aplicar\u00e1 examen de ingreso a posgrado este fin de semana"},"content":{"rendered":"<p>&nbsp;<\/p>\n<div id=\"attachment_48368\" style=\"width: 732px\" class=\"wp-caption aligncenter\"><a href=\"https:\/\/www.uv.mx\/prensa\/files\/2018\/05\/290518-COLABORACION-Examen-de-ingreso-a-posgrado.jpg\"><img loading=\"lazy\" decoding=\"async\" aria-describedby=\"caption-attachment-48368\" class=\"size-full wp-image-48368\" src=\"https:\/\/www.uv.mx\/prensa\/files\/2018\/05\/290518-COLABORACION-Examen-de-ingreso-a-posgrado.jpg\" alt=\"\" width=\"722\" height=\"482\" srcset=\"https:\/\/www.uv.mx\/prensa\/files\/2018\/05\/290518-COLABORACION-Examen-de-ingreso-a-posgrado.jpg 722w, https:\/\/www.uv.mx\/prensa\/files\/2018\/05\/290518-COLABORACION-Examen-de-ingreso-a-posgrado-300x200.jpg 300w\" sizes=\"auto, (max-width: 722px) 100vw, 722px\" \/><\/a><p id=\"caption-attachment-48368\" class=\"wp-caption-text\">Mil 721 aspirantes presentar\u00e1n la evaluaci\u00f3n, como parte del proceso de ingreso a posgrado<\/p><\/div>\n<p>&nbsp;<\/p>\n<p><strong><em>30\/05\/18, Xalapa, Ver.- <\/em><\/strong>La Universidad Veracruzana (UV) aplicar\u00e1 el domingo 3 de junio el examen de admisi\u00f3n a los aspirantes a posgrado.<\/p>\n<p>En esta ocasi\u00f3n mil 721 personas se registraron con el objetivo de obtener un espacio entre las 11 especializaciones, 30 maestr\u00edas y 14 doctorados ofertados en cuatro de las cinco regiones universitarias.<\/p>\n<p>De estos 55 programas, 41 est\u00e1n avalados por el Programa Nacional de Posgrados de Calidad (PNPC) del Consejo Nacional de Ciencia y Tecnolog\u00eda (<em>Conacyt<\/em>), por lo que los estudiantes podr\u00e1n obtener una beca de manutenci\u00f3n para cursar sus estudios en un programa de calidad.<\/p>\n<p>La selecci\u00f3n de aspirantes para cursar estudios de posgrado es m\u00e1s rigurosa que para licenciatura ya que adem\u00e1s de presentar el examen EXANI III que aplica el Centro Nacional de Evaluaci\u00f3n para la Educaci\u00f3n Superior (<em>Ceneval<\/em>), los aspirantes deben cumplir con evaluaciones especiales de cada programa, \u00e9stas se realizaron durante mayo.<\/p>\n<p>Los estudios de posgrado de la UV est\u00e1n reconocidos por su calidad, tanto a nivel nacional como internacional, prueba de ello son los 90 aspirantes extranjeros que se registraron con el fin de obtener un espacio en la Universidad.<\/p>\n<p>&nbsp;<\/p>\n","protected":false},"excerpt":{"rendered":"<p>En esta ocasi\u00f3n mil 721 personas se registraron con el objetivo de obtener un espacio entre las 11 especializaciones, 30 maestr\u00edas y 14 doctorados que se ofrecen en cada una de las regiones<\/p>\n","protected":false},"author":1869,"featured_media":48368,"comment_status":"closed","ping_status":"closed","sticky":false,"template":"","format":"standard","meta":{"footnotes":""},"categories":[1],"tags":[],"class_list":["post-48362","post","type-post","status-publish","format-standard","has-post-thumbnail","hentry","category-general"],"_links":{"self":[{"href":"https:\/\/www.uv.mx\/prensa\/wp-json\/wp\/v2\/posts\/48362","targetHints":{"allow":["GET"]}}],"collection":[{"href":"https:\/\/www.uv.mx\/prensa\/wp-json\/wp\/v2\/posts"}],"about":[{"href":"https:\/\/www.uv.mx\/prensa\/wp-json\/wp\/v2\/types\/post"}],"author":[{"embeddable":true,"href":"https:\/\/www.uv.mx\/prensa\/wp-json\/wp\/v2\/users\/1869"}],"replies":[{"embeddable":true,"href":"https:\/\/www.uv.mx\/prensa\/wp-json\/wp\/v2\/comments?post=48362"}],"version-history":[{"count":0,"href":"https:\/\/www.uv.mx\/prensa\/wp-json\/wp\/v2\/posts\/48362\/revisions"}],"wp:featuredmedia":[{"embeddable":true,"href":"https:\/\/www.uv.mx\/prensa\/wp-json\/wp\/v2\/media\/48368"}],"wp:attachment":[{"href":"https:\/\/www.uv.mx\/prensa\/wp-json\/wp\/v2\/media?parent=48362"}],"wp:term":[{"taxonomy":"category","embeddable":true,"href":"https:\/\/www.uv.mx\/prensa\/wp-json\/wp\/v2\/categories?post=48362"},{"taxonomy":"post_tag","embeddable":true,"href":"https:\/\/www.uv.mx\/prensa\/wp-json\/wp\/v2\/tags?post=48362"}],"curies":[{"name":"wp","href":"https:\/\/api.w.org\/{rel}","templated":true}]}}