{"id":48307,"date":"2018-05-29T17:49:52","date_gmt":"2018-05-29T22:49:52","guid":{"rendered":"https:\/\/www.uv.mx\/prensa\/?p=48307"},"modified":"2018-05-30T12:23:58","modified_gmt":"2018-05-30T17:23:58","slug":"uv-alojara-semana-de-clubes-de-ciencia-mexico","status":"publish","type":"post","link":"https:\/\/www.uv.mx\/prensa\/eventos\/uv-alojara-semana-de-clubes-de-ciencia-mexico\/","title":{"rendered":"UV alojar\u00e1 Semana de Clubes de Ciencia M\u00e9xico"},"content":{"rendered":"<ul>\n<li><em>La convocatoria est\u00e1 abierta para estudiantes de preparatoria y universidad, y concluye el viernes 1 de junio<\/em><\/li>\n<li><em>Se desarrollar\u00e1 del 5 al 11 de agosto en la Facultad de Ciencias Qu\u00edmicas <\/em><\/li>\n<li><em>Son cursos intensivos gratuitos impartidos por instructores de las mejores universidades de M\u00e9xico y Estados Unidos<\/em><\/li>\n<\/ul>\n<p>&nbsp;<\/p>\n<p>&nbsp;<\/p>\n<div id=\"attachment_48308\" style=\"width: 732px\" class=\"wp-caption aligncenter\"><a href=\"https:\/\/www.uv.mx\/prensa\/files\/2018\/05\/290518-EVENTOS-CLUBES-DE-CIENCIA-1.jpg\"><img loading=\"lazy\" decoding=\"async\" aria-describedby=\"caption-attachment-48308\" class=\"size-full wp-image-48308\" src=\"https:\/\/www.uv.mx\/prensa\/files\/2018\/05\/290518-EVENTOS-CLUBES-DE-CIENCIA-1.jpg\" alt=\"\" width=\"722\" height=\"482\" srcset=\"https:\/\/www.uv.mx\/prensa\/files\/2018\/05\/290518-EVENTOS-CLUBES-DE-CIENCIA-1.jpg 722w, https:\/\/www.uv.mx\/prensa\/files\/2018\/05\/290518-EVENTOS-CLUBES-DE-CIENCIA-1-300x200.jpg 300w\" sizes=\"auto, (max-width: 722px) 100vw, 722px\" \/><\/a><p id=\"caption-attachment-48308\" class=\"wp-caption-text\">Organizadores de los Clubes de Ciencia M\u00e9xico<\/p><\/div>\n<p>&nbsp;<\/p>\n<p><strong>Claudia Peralta V\u00e1zquez<\/strong><\/p>\n<p><strong><em>29\/05\/18, Xalapa, Ver<\/em>.-<\/strong> La Facultad de Ciencias Qu\u00edmicas (FCQ) de la Universidad Veracruzana (UV) alojar\u00e1 del 5 al 11 de agosto la Semana de Clubes de Ciencia M\u00e9xico (<em>CdeCMx<\/em>), dirigida a j\u00f3venes interesados en trabajar temas vinculados a la biotecnolog\u00eda, nanotecnolog\u00eda y ecolog\u00eda, con instructores de las mejores universidades de M\u00e9xico y Estados Unidos.<\/p>\n<p>Este evento sin fines de lucro surgi\u00f3 en 2014 con el prop\u00f3sito de expandir la ciencia entre la poblaci\u00f3n juvenil, dio a conocer Sof\u00eda Reyna Fern\u00e1ndez, una de las organizadoras y egresada de la carrera de Ingenier\u00eda Qu\u00edmica (IQ).<\/p>\n<p>Los interesados en inscribirse deben cursar los \u00faltimos semestres de nivel bachillerato y los primeros de educaci\u00f3n superior, y tienen hasta el viernes 1 de junio para inscribirse a trav\u00e9s del sitio web: <a href=\"http:\/\/www.clubesdeciencia.mx\">www.clubesdeciencia.mx<\/a><\/p>\n<p>Actualmente, los <em>CdeCMx<\/em> tienen nueve sedes en todo el pa\u00eds: Ensenada, La Paz, Chihuahua, Guanajuato, Guadalajara, M\u00e9rida, Monterrey, Oaxaca y Xalapa.<\/p>\n<p>Destac\u00f3 que durante esta semana de clubes intensivos y gratuitos, los participantes abordar\u00e1n diversas tem\u00e1ticas, entre las que destacan: La ciencia de datos en 3D; Bosques urbanos: refugios de fauna amenazada; De bacterias a bosques: un viaje a trav\u00e9s de la ecolog\u00eda; y Brain detectives: the good, the bad and the ugly experiments.<\/p>\n<p>Todos ser\u00e1n impartidos por catedr\u00e1ticos de la Universidad de California en Berkeley, Instituto de Ecolog\u00eda, A.C., Universidad de Kansas, Universidad de Boston, Universidad de Harvard y la Universidad Veracruzana.<\/p>\n<p>Durante los siete d\u00edas de duraci\u00f3n, las actividades se desarrollar\u00e1n de 9:00 a 16:00 horas.<\/p>\n<p>&nbsp;<\/p>\n<p><strong>Adentrarse a la ciencia de forma entretenida<\/strong><\/p>\n<p>El entusiasmo, creatividad y ganas por aprender sobre ciencia, son los atributos m\u00e1s importantes que se requieren de los j\u00f3venes que se sumen a esta experiencia.<\/p>\n<p>Es por esta raz\u00f3n que la convocatoria logr\u00f3 extenderse una semana m\u00e1s, pues originalmente fue emitida del 8 al 27 de mayo, explic\u00f3.<\/p>\n<p>Al respecto, Antonio Lara Musule, catedr\u00e1tico de la FCQ, coment\u00f3 que el objetivo de los <em>CdeCMx<\/em> es que los estudiantes tengan un conocimiento m\u00e1s amplio sobre las \u00e1reas que pueden abordar.<\/p>\n<p>\u201cHe observado que los alumnos de Ingenier\u00eda saben que pueden laborar en la industria, pero no alcanzan a ver que pueden llegar a ser cient\u00edficos y que las bases del conocimiento parten de la ciencia.\u201d<\/p>\n<p>Se trata de un proyecto serio, dijo, que cuenta con el respaldo del Consejo Nacional de Ciencia y Tecnolog\u00eda (<em>Conacyt<\/em>), la Secretar\u00eda de Energ\u00eda (<em>Sener<\/em>), universidades de Estados Unidos, la Fundaci\u00f3n M\u00e9xico en Harvard, A.C., por citar algunas instancias.<\/p>\n<p>Gracias a la din\u00e1mica de los <em>CdeCMx<\/em> se crea un v\u00ednculo entre instructores, ya sean catedr\u00e1ticos o estudiantes de posgrado de las mejores universidades de M\u00e9xico y Estados Unidos, para posteriormente transmitir el conocimiento a los j\u00f3venes.<\/p>\n<p>Por su parte, Dulce Emilia Mayo C\u00f3rdova, alumna de sexto semestre de IQ, resalt\u00f3 que la inscripci\u00f3n es totalmente gratuita a trav\u00e9s de la p\u00e1gina oficial antes citada.<\/p>\n<p>Sin embargo, es importante que los aspirantes seleccionen la sede, en este caso Xalapa, as\u00ed como el taller que deseen cursar.<\/p>\n<p>Liliana Dom\u00ednguez Ca\u00f1edo, directora de la FCQ, expres\u00f3 su benepl\u00e1cito por el desarrollo de este evento que fue tra\u00eddo a Xalapa gracias a Froyl\u00e1n Hern\u00e1ndez Ruiz, originario de esta ciudad y egresado de la Universidad de Pensilvania.<\/p>\n<p>Subray\u00f3 que los <em>CdeCMx<\/em> contribuyen a cumplir con un rubro importante de la UV que es la internacionalizaci\u00f3n de los estudiantes, eje contemplado dentro del Plan de Trabajo Estrat\u00e9gico 2017-2021 de la rectora Sara Ladr\u00f3n de Guevara.<\/p>\n<p>Por \u00faltimo, anunci\u00f3 que tres de los talleres de <em>CdeCMx<\/em> son impartidos en idioma espa\u00f1ol y uno en ingl\u00e9s. El pr\u00f3ximo a\u00f1o se propondr\u00e1 que uno m\u00e1s sea en franc\u00e9s.<\/p>\n<p>&nbsp;<\/p>\n<div id=\"attachment_48313\" style=\"width: 732px\" class=\"wp-caption aligncenter\"><a href=\"https:\/\/www.uv.mx\/prensa\/files\/2018\/05\/290518-EVENTOS-CLUBES-DE-CIENCIA-2.jpg\"><img loading=\"lazy\" decoding=\"async\" aria-describedby=\"caption-attachment-48313\" class=\"size-full wp-image-48313\" src=\"https:\/\/www.uv.mx\/prensa\/files\/2018\/05\/290518-EVENTOS-CLUBES-DE-CIENCIA-2.jpg\" alt=\"\" width=\"722\" height=\"1116\" srcset=\"https:\/\/www.uv.mx\/prensa\/files\/2018\/05\/290518-EVENTOS-CLUBES-DE-CIENCIA-2.jpg 722w, https:\/\/www.uv.mx\/prensa\/files\/2018\/05\/290518-EVENTOS-CLUBES-DE-CIENCIA-2-194x300.jpg 194w, https:\/\/www.uv.mx\/prensa\/files\/2018\/05\/290518-EVENTOS-CLUBES-DE-CIENCIA-2-662x1024.jpg 662w\" sizes=\"auto, (max-width: 722px) 100vw, 722px\" \/><\/a><p id=\"caption-attachment-48313\" class=\"wp-caption-text\">Del 5 al 11 de agosto, la FCQ alojar\u00e1 los Clubes de Ciencia M\u00e9xico<\/p><\/div>\n","protected":false},"excerpt":{"rendered":"<p>Este proyecto cuenta con el respaldo del <em>Conacyt<\/em>, la Secretar\u00eda de Energ\u00eda, universidades de Estados Unidos y la Fundaci\u00f3n M\u00e9xico en Harvard, A.C., entre otras instancias<\/p>\n","protected":false},"author":1869,"featured_media":48308,"comment_status":"closed","ping_status":"closed","sticky":false,"template":"","format":"standard","meta":{"footnotes":""},"categories":[47],"tags":[],"class_list":["post-48307","post","type-post","status-publish","format-standard","has-post-thumbnail","hentry","category-eventos"],"_links":{"self":[{"href":"https:\/\/www.uv.mx\/prensa\/wp-json\/wp\/v2\/posts\/48307","targetHints":{"allow":["GET"]}}],"collection":[{"href":"https:\/\/www.uv.mx\/prensa\/wp-json\/wp\/v2\/posts"}],"about":[{"href":"https:\/\/www.uv.mx\/prensa\/wp-json\/wp\/v2\/types\/post"}],"author":[{"embeddable":true,"href":"https:\/\/www.uv.mx\/prensa\/wp-json\/wp\/v2\/users\/1869"}],"replies":[{"embeddable":true,"href":"https:\/\/www.uv.mx\/prensa\/wp-json\/wp\/v2\/comments?post=48307"}],"version-history":[{"count":0,"href":"https:\/\/www.uv.mx\/prensa\/wp-json\/wp\/v2\/posts\/48307\/revisions"}],"wp:featuredmedia":[{"embeddable":true,"href":"https:\/\/www.uv.mx\/prensa\/wp-json\/wp\/v2\/media\/48308"}],"wp:attachment":[{"href":"https:\/\/www.uv.mx\/prensa\/wp-json\/wp\/v2\/media?parent=48307"}],"wp:term":[{"taxonomy":"category","embeddable":true,"href":"https:\/\/www.uv.mx\/prensa\/wp-json\/wp\/v2\/categories?post=48307"},{"taxonomy":"post_tag","embeddable":true,"href":"https:\/\/www.uv.mx\/prensa\/wp-json\/wp\/v2\/tags?post=48307"}],"curies":[{"name":"wp","href":"https:\/\/api.w.org\/{rel}","templated":true}]}}