{"id":48294,"date":"2018-05-29T17:14:33","date_gmt":"2018-05-29T22:14:33","guid":{"rendered":"https:\/\/www.uv.mx\/prensa\/?p=48294"},"modified":"2018-05-30T13:56:51","modified_gmt":"2018-05-30T18:56:51","slug":"max-recibio-a-mas-de-mil-500-visitantes-por-el-dia-internacional-de-los-museos","status":"publish","type":"post","link":"https:\/\/www.uv.mx\/prensa\/cultura\/max-recibio-a-mas-de-mil-500-visitantes-por-el-dia-internacional-de-los-museos\/","title":{"rendered":"MAX recibi\u00f3 a m\u00e1s de mil 500 visitantes  por el D\u00eda Internacional de los Museos"},"content":{"rendered":"<ul>\n<li><em>Participaron en las visitas guiadas que fueron ofrecidas por curadores, arque\u00f3logos y j\u00f3venes que realizan servicio social<\/em><\/li>\n<li><em>El MAX es el segundo museo de arqueolog\u00eda m\u00e1s importante de M\u00e9xico<\/em><\/li>\n<\/ul>\n<p>&nbsp;<\/p>\n<p>&nbsp;<\/p>\n<div id=\"attachment_48218\" style=\"width: 732px\" class=\"wp-caption aligncenter\"><a href=\"https:\/\/www.uv.mx\/prensa\/files\/2018\/05\/280518-CARLOS-Dia-Internacional-de-los-museos-100k.jpg\"><img loading=\"lazy\" decoding=\"async\" aria-describedby=\"caption-attachment-48218\" class=\"size-full wp-image-48218\" src=\"https:\/\/www.uv.mx\/prensa\/files\/2018\/05\/280518-CARLOS-Dia-Internacional-de-los-museos-100k.jpg\" alt=\"\" width=\"722\" height=\"483\" srcset=\"https:\/\/www.uv.mx\/prensa\/files\/2018\/05\/280518-CARLOS-Dia-Internacional-de-los-museos-100k.jpg 722w, https:\/\/www.uv.mx\/prensa\/files\/2018\/05\/280518-CARLOS-Dia-Internacional-de-los-museos-100k-300x201.jpg 300w\" sizes=\"auto, (max-width: 722px) 100vw, 722px\" \/><\/a><p id=\"caption-attachment-48218\" class=\"wp-caption-text\">Maura Ord\u00f3\u00f1ez Valenzuela<\/p><\/div>\n<p>&nbsp;<\/p>\n<p><strong><em>Carlos Hugo Hermida Rosales<\/em><\/strong><\/p>\n<p><strong><em>29\/05\/18, Xalapa, Ver.- <\/em><\/strong>M\u00e1s de mil 500 personas visitaron el <a href=\"https:\/\/www.uv.mx\/max\/\" target=\"_blank\" rel=\"noopener\">Museo de Antropolog\u00eda<\/a> de Xalapa (MAX) de la Universidad Veracruzana (UV) en el marco del D\u00eda Internacional de los Museos, inform\u00f3 Maura Ord\u00f3\u00f1ez Valenzuela, titular de este recinto.<\/p>\n<p>El MAX abri\u00f3 sus puertas de forma gratuita el pasado 20 de mayo y ofreci\u00f3 visitas guiadas. La asistencia total fue de mil 567 personas, cifra que super\u00f3 a la de a\u00f1os anteriores.<\/p>\n<p>Aunque el Consejo Internacional de Museos (ICOM) conmemora la jornada el 18 de mayo, el festejo se llev\u00f3 a cabo el domingo 20, con el objetivo de tener mayor afluencia.<\/p>\n<p>Las visitas guiadas se realizaron a las muestras del mezzanine, la sala de exposiciones temporales y a la exposici\u00f3n permanente y estuvieron a cargo de los curadores del MAX, arque\u00f3logos invitados e incluso j\u00f3venes que realizan servicio social.<\/p>\n<p>\u201cEs muy importante que la gente disfrute y conozca el MAX, ya que as\u00ed las personas podr\u00e1n conocer sus ra\u00edces y sabr\u00e1n de d\u00f3nde provienen y hacia d\u00f3nde van\u201d, concluy\u00f3 Ord\u00f3\u00f1ez Valenzuela.<\/p>\n<p>Este recinto es considerado el segundo museo de arqueolog\u00eda m\u00e1s importante de M\u00e9xico, y en \u00e9l se resguardan, conservan, investigan y difunden los vestigios arqueol\u00f3gicos de las culturas prehisp\u00e1nicas que se desarrollaron a lo largo y ancho del estado de Veracruz.<\/p>\n","protected":false},"excerpt":{"rendered":"<p>\u201cEs muy importante que la gente disfrute y conozca el MAX, ya que as\u00ed las personas podr\u00e1n conocer sus ra\u00edces y sabr\u00e1n de d\u00f3nde provienen y hacia d\u00f3nde van\u201d: Maura Ord\u00f3\u00f1ez<\/p>\n","protected":false},"author":1869,"featured_media":48218,"comment_status":"closed","ping_status":"closed","sticky":false,"template":"","format":"standard","meta":{"footnotes":""},"categories":[11],"tags":[],"class_list":["post-48294","post","type-post","status-publish","format-standard","has-post-thumbnail","hentry","category-cultura"],"_links":{"self":[{"href":"https:\/\/www.uv.mx\/prensa\/wp-json\/wp\/v2\/posts\/48294","targetHints":{"allow":["GET"]}}],"collection":[{"href":"https:\/\/www.uv.mx\/prensa\/wp-json\/wp\/v2\/posts"}],"about":[{"href":"https:\/\/www.uv.mx\/prensa\/wp-json\/wp\/v2\/types\/post"}],"author":[{"embeddable":true,"href":"https:\/\/www.uv.mx\/prensa\/wp-json\/wp\/v2\/users\/1869"}],"replies":[{"embeddable":true,"href":"https:\/\/www.uv.mx\/prensa\/wp-json\/wp\/v2\/comments?post=48294"}],"version-history":[{"count":0,"href":"https:\/\/www.uv.mx\/prensa\/wp-json\/wp\/v2\/posts\/48294\/revisions"}],"wp:featuredmedia":[{"embeddable":true,"href":"https:\/\/www.uv.mx\/prensa\/wp-json\/wp\/v2\/media\/48218"}],"wp:attachment":[{"href":"https:\/\/www.uv.mx\/prensa\/wp-json\/wp\/v2\/media?parent=48294"}],"wp:term":[{"taxonomy":"category","embeddable":true,"href":"https:\/\/www.uv.mx\/prensa\/wp-json\/wp\/v2\/categories?post=48294"},{"taxonomy":"post_tag","embeddable":true,"href":"https:\/\/www.uv.mx\/prensa\/wp-json\/wp\/v2\/tags?post=48294"}],"curies":[{"name":"wp","href":"https:\/\/api.w.org\/{rel}","templated":true}]}}