{"id":48291,"date":"2018-05-29T16:48:20","date_gmt":"2018-05-29T21:48:20","guid":{"rendered":"https:\/\/www.uv.mx\/prensa\/?p=48291"},"modified":"2018-05-29T17:49:21","modified_gmt":"2018-05-29T22:49:21","slug":"universitarios-recordaron-a-pitol-como-editor-maestro-y-amigo","status":"publish","type":"post","link":"https:\/\/www.uv.mx\/prensa\/cultura\/universitarios-recordaron-a-pitol-como-editor-maestro-y-amigo\/","title":{"rendered":"Universitarios recordaron a Pitol como editor, maestro y amigo"},"content":{"rendered":"<ul>\n<li><em>La mesa uno del homenaje p\u00f3stumo se intitul\u00f3 \u201cMemoria\u201d y estuvo conformada por Mario Mu\u00f1oz, Magali Velasco, Daniel Ayala y Omar Vald\u00e9s<\/em><\/li>\n<\/ul>\n<p>&nbsp;<\/p>\n<div id=\"attachment_48292\" style=\"width: 732px\" class=\"wp-caption aligncenter\"><a href=\"https:\/\/www.uv.mx\/prensa\/files\/2018\/05\/290518-CULTURA-Memorias.jpg\"><img loading=\"lazy\" decoding=\"async\" aria-describedby=\"caption-attachment-48292\" class=\"size-full wp-image-48292\" src=\"https:\/\/www.uv.mx\/prensa\/files\/2018\/05\/290518-CULTURA-Memorias.jpg\" alt=\"\" width=\"722\" height=\"481\" srcset=\"https:\/\/www.uv.mx\/prensa\/files\/2018\/05\/290518-CULTURA-Memorias.jpg 722w, https:\/\/www.uv.mx\/prensa\/files\/2018\/05\/290518-CULTURA-Memorias-300x200.jpg 300w\" sizes=\"auto, (max-width: 722px) 100vw, 722px\" \/><\/a><p id=\"caption-attachment-48292\" class=\"wp-caption-text\">Mesa 1 \u201cMemoria\u201d, en el homenaje \u201cEl arte de una vida\u201d<\/p><\/div>\n<p>&nbsp;<\/p>\n<p><strong><em>Karina de la Paz Reyes D\u00edaz<\/em><\/strong><\/p>\n<p><strong><em>28\/05\/18, Xalapa, Ver.-<\/em><\/strong> En el homenaje \u201cEl arte de una vida\u201d que la Universidad Veracruzana (UV) realiz\u00f3 a Sergio Pitol, los protagonistas de la Mesa 1 \u201cMemoria\u201d hablaron de \u00e9ste en su faceta como editor, maestro, pero tambi\u00e9n del amigo y el autobi\u00f3grafo.<\/p>\n<p>En ella participaron el encargado de la direcci\u00f3n de la revista <em>La Palabra y el Hombre<\/em>, Mario Mu\u00f1oz; la directora de la Facultad de Letras Espa\u00f1olas, Magali Velasco Vargas; el editor de la Biblioteca del Universitario, Omar Vald\u00e9s Ben\u00edtez; el profesor del Departamento de Letras de la Universidad de Guanajuato, Daniel Ayala Bertoglio, y\u00a0Esther Hern\u00e1ndez Palacios, en calidad de moderadora.<\/p>\n<p>Omar Vald\u00e9s habl\u00f3 de colecciones editoriales como Sergio Pitol Traductor y Biblioteca del Universitario, de la Editorial UV; Los Heterodoxos de Tusquets; y L\u00ednea de sombra: ensayos sobre Sergio Pitol de la Universidad Nacional Aut\u00f3noma de M\u00e9xico, as\u00ed como el \u201ccruce de signos que se dan entre unas y otras\u201d.<\/p>\n<p>\u201cLa labor editorial de Pitol es una veta m\u00e1s, rica y generosa, para seguir conociendo su obra; y no como una labor secundaria o adicional, sino como una tarea clave para la conformaci\u00f3n de su universo literario. Todo est\u00e1 en todas las cosas, s\u00f3lo es cuesti\u00f3n de conectar\u201d, remarc\u00f3 el editor.<\/p>\n<p>Magali Velasco habl\u00f3 de cuando conoci\u00f3 al escritor del <em>Ta\u00f1ido de una flauta<\/em> \u2013siendo casi una ni\u00f1a\u2013, an\u00e9cdotas y formaci\u00f3n literaria que recibi\u00f3 de \u00e9l, por ejemplo: \u201cEn la primavera de 1994 se abri\u00f3 la convocatoria para el Taller de Creaci\u00f3n Literaria que Pitol ofrecer\u00eda en la Facultad de Letras; los interesados deb\u00edamos entregar un texto para ser evaluados y seleccionados. Cuando me vi en la lista no cab\u00eda del gusto y del susto, s\u00f3lo ten\u00eda un semestre en Letras.<\/p>\n<p>\u201dEn la primera sesi\u00f3n Sergio Pitol nos pregunt\u00f3 a qui\u00e9nes le\u00edamos y por qu\u00e9. Desde ah\u00ed comenz\u00f3 un di\u00e1logo de lo m\u00e1s ameno y relajado en el que iban y ven\u00edan los nombres de Ch\u00e9jov \u2013su favorito\u2013, Tolst\u00f3i, Gogol, Kafka, Joyce, Faulkner, Rulfo, Arreola, Castellanos, Galindo, Borges, Cort\u00e1zar y otros que se sumaban al ser recordados por cada uno de los asistentes. El maestro nos estimulaba a imaginar argumentos. De las tantas cosas que pude haber aprendido \u2013como el m\u00e9todo de la imitaci\u00f3n para luego independizar la pluma y crear un estilo\u2013, definitivamente ah\u00ed entend\u00ed lo que es una trama.\u201d<\/p>\n<p>En su intervenci\u00f3n, Ayala Bertoglio habl\u00f3 de la <em>Autobiograf\u00ed<\/em><em>a precoz <\/em>(1966), mientras Mario Mu\u00f1oz de la primera estancia de Sergio Pitol en Xalapa, cuando se desempe\u00f1\u00f3 como director de la Editorial UV y de la revista <em>La Palabra y el Hombre<\/em>, as\u00ed como profesor invitado en la Facultad de Letras Espa\u00f1olas, lo cual le implic\u00f3 al acad\u00e9mico esbozar la ciudad capitalina de aquellos a\u00f1os, con escasa actividad cultural, incluso narr\u00f3 el ambiente pol\u00edtico y social de la \u00e9poca, as\u00ed como las significativas aportaciones del autor de <em>Infierno de todos<\/em>.<\/p>\n<p>\u201cDurante el a\u00f1o y dos meses de su primera estancia en Xalapa, promovi\u00f3 a los escritores de su generaci\u00f3n; modific\u00f3 la portada adusta de <em>La Palabra y el Hombre<\/em>, abri\u00f3 a los j\u00f3venes las puertas de la impenetrable fortaleza del suplemento <em>La cultura en M\u00e9<\/em><em>xico<\/em> para publicar en esas p\u00e1ginas; rescat\u00f3 t\u00edtulos olvidados como <em>Los cuentos de Lilus Kikus<\/em> de Elena Poniatowska y <em>Tierra de Nadie<\/em> de Juan Carlos Onetti; se integr\u00f3 al profesorado de la Facultad de Letras Espa\u00f1olas; estrech\u00f3 lazos con un grupo de amigos que edit\u00e1bamos la revista estudiantil <em>Academus<\/em>, apoy\u00e1ndonos con entusiasmo en la programaci\u00f3n de actividades literarias, un entusiasmo realmente sorprendente para aquella \u00e9poca.\u201d<\/p>\n","protected":false},"excerpt":{"rendered":"<p>Mario Mu\u00f1oz, Magali Velasco, Daniel Ayala y Omar Vald\u00e9s participaron en l homenaje \u201cEl arte de una vida\u201d que la Universidad rindi\u00f3 al escritor<\/p>\n","protected":false},"author":1869,"featured_media":48292,"comment_status":"closed","ping_status":"closed","sticky":false,"template":"","format":"standard","meta":{"footnotes":""},"categories":[11],"tags":[],"class_list":["post-48291","post","type-post","status-publish","format-standard","has-post-thumbnail","hentry","category-cultura"],"_links":{"self":[{"href":"https:\/\/www.uv.mx\/prensa\/wp-json\/wp\/v2\/posts\/48291","targetHints":{"allow":["GET"]}}],"collection":[{"href":"https:\/\/www.uv.mx\/prensa\/wp-json\/wp\/v2\/posts"}],"about":[{"href":"https:\/\/www.uv.mx\/prensa\/wp-json\/wp\/v2\/types\/post"}],"author":[{"embeddable":true,"href":"https:\/\/www.uv.mx\/prensa\/wp-json\/wp\/v2\/users\/1869"}],"replies":[{"embeddable":true,"href":"https:\/\/www.uv.mx\/prensa\/wp-json\/wp\/v2\/comments?post=48291"}],"version-history":[{"count":0,"href":"https:\/\/www.uv.mx\/prensa\/wp-json\/wp\/v2\/posts\/48291\/revisions"}],"wp:featuredmedia":[{"embeddable":true,"href":"https:\/\/www.uv.mx\/prensa\/wp-json\/wp\/v2\/media\/48292"}],"wp:attachment":[{"href":"https:\/\/www.uv.mx\/prensa\/wp-json\/wp\/v2\/media?parent=48291"}],"wp:term":[{"taxonomy":"category","embeddable":true,"href":"https:\/\/www.uv.mx\/prensa\/wp-json\/wp\/v2\/categories?post=48291"},{"taxonomy":"post_tag","embeddable":true,"href":"https:\/\/www.uv.mx\/prensa\/wp-json\/wp\/v2\/tags?post=48291"}],"curies":[{"name":"wp","href":"https:\/\/api.w.org\/{rel}","templated":true}]}}