{"id":48182,"date":"2018-05-21T16:33:21","date_gmt":"2018-05-21T21:33:21","guid":{"rendered":"https:\/\/www.uv.mx\/prensa\/?p=48182"},"modified":"2018-05-28T16:49:58","modified_gmt":"2018-05-28T21:49:58","slug":"escuela-de-enfermeria-realizo-feria-de-la-salud","status":"publish","type":"post","link":"https:\/\/www.uv.mx\/prensa\/regiones\/coatzacoalcos\/escuela-de-enfermeria-realizo-feria-de-la-salud\/","title":{"rendered":"Escuela de Enfermer\u00eda realiz\u00f3 Feria de la Salud"},"content":{"rendered":"<div id=\"attachment_48186\" style=\"width: 732px\" class=\"wp-caption aligncenter\"><a href=\"https:\/\/www.uv.mx\/prensa\/files\/2018\/05\/210518-COATZA-Feria-salud-2.jpg\"><img loading=\"lazy\" decoding=\"async\" aria-describedby=\"caption-attachment-48186\" class=\"size-full wp-image-48186\" src=\"https:\/\/www.uv.mx\/prensa\/files\/2018\/05\/210518-COATZA-Feria-salud-2.jpg\" alt=\"\" width=\"722\" height=\"481\" srcset=\"https:\/\/www.uv.mx\/prensa\/files\/2018\/05\/210518-COATZA-Feria-salud-2.jpg 722w, https:\/\/www.uv.mx\/prensa\/files\/2018\/05\/210518-COATZA-Feria-salud-2-300x200.jpg 300w\" sizes=\"auto, (max-width: 722px) 100vw, 722px\" \/><\/a><p id=\"caption-attachment-48186\" class=\"wp-caption-text\">El objetivo fue fomentar la prevenci\u00f3n de los factores de riesgo de la hipertensi\u00f3n arterial y otras enfermedades<\/p><\/div>\n<p>&nbsp;<\/p>\n<p><b><i>Cecilia Escribano Reyes<\/i><\/b><\/p>\n<p><b><i>21\/05\/18, Coatzacoalcos, Ver.-<\/i><\/b> En el marco del D\u00eda Internacional de la Hipertensi\u00f3n Arterial, la Escuela de Enfermer\u00eda de la Universidad Veracruzana (UV) realiz\u00f3 el 17 de mayo la Feria de la Salud, donde se brind\u00f3 atenci\u00f3n e informaci\u00f3n a la comunidad universitaria del <i>campus<\/i> Coatzacoalcos.<\/p>\n<p>Gabriela Pucheta Xolo, directora de la Escuela de Enfermer\u00eda, se\u00f1al\u00f3 que el objetivo fue fomentar la prevenci\u00f3n de los factores de riesgo de la hipertensi\u00f3n arterial y otras enfermedades.<\/p>\n<p>Durante la actividad se establecieron m\u00f3dulos de detecci\u00f3n, se tomaron el \u00edndice de masa corporal, la glucosa capilar, las medidas de hipertensi\u00f3n arterial y se presentaron los factores de riesgo de la diabetes, el plato del buen comer, la jarra del buen beber.<\/p>\n<p>Pucheta Xolo explic\u00f3 que tambi\u00e9n se realizaron algunas actividades l\u00fadicas como memoramas, crucigramas y sopa de letras, todas enfocadas a la prevenci\u00f3n.<\/p>\n<p>\u201cLa Escuela de Enfermer\u00eda tiene la finalidad de incentivar la participaci\u00f3n de la comunidad universitaria, procurar la salud de nuestra comunidad y promover la prevenci\u00f3n.\u201d<\/p>\n<p>En la actividad participaron aproximadamente 30 estudiantes de la experiencia educativa (EE) Cl\u00ednica del Adulto.<\/p>\n<p>Cabe se\u00f1alar que la Facultad m\u00e1s participativa fue la de Ingenier\u00eda civil, donde grupos completos de distintos semestres asist\u00edan a los m\u00f3dulos.<\/p>\n<p>En la inauguraci\u00f3n, el vicerrector Carlos Lamothe Zavaleta se\u00f1al\u00f3 que las actividades de prevenci\u00f3n son de gran importancia porque hacen la diferencia en la salud. \u201cLa Escuela de Enfermer\u00eda tiene una gran labor al comunicar y hacer conscientes a las personas de la importancia del autocuidado de la salud\u201d, coment\u00f3.<\/p>\n<p>&nbsp;<\/p>\n<div id=\"attachment_48183\" style=\"width: 732px\" class=\"wp-caption aligncenter\"><a href=\"https:\/\/www.uv.mx\/prensa\/files\/2018\/05\/210518-COATZA-Feria-salud.jpg\"><img loading=\"lazy\" decoding=\"async\" aria-describedby=\"caption-attachment-48183\" class=\"wp-image-48183 size-full\" src=\"https:\/\/www.uv.mx\/prensa\/files\/2018\/05\/210518-COATZA-Feria-salud.jpg\" alt=\"\" width=\"722\" height=\"481\" srcset=\"https:\/\/www.uv.mx\/prensa\/files\/2018\/05\/210518-COATZA-Feria-salud.jpg 722w, https:\/\/www.uv.mx\/prensa\/files\/2018\/05\/210518-COATZA-Feria-salud-300x200.jpg 300w\" sizes=\"auto, (max-width: 722px) 100vw, 722px\" \/><\/a><p id=\"caption-attachment-48183\" class=\"wp-caption-text\">Durante la actividad se establecieron m\u00f3dulos de detecci\u00f3n<\/p><\/div>\n","protected":false},"excerpt":{"rendered":"<p>En el marco del D\u00eda Internacional de la Hipertensi\u00f3n Arterial, la Escuela de Enfermer\u00eda de Coatzacoalcos brind\u00f3 atenci\u00f3n e informaci\u00f3n a la comunidad universitaria del <em>campus<\/em> Coatzacoalcos<\/p>\n","protected":false},"author":1508,"featured_media":48183,"comment_status":"closed","ping_status":"closed","sticky":false,"template":"","format":"standard","meta":{"footnotes":""},"categories":[52],"tags":[],"class_list":["post-48182","post","type-post","status-publish","format-standard","has-post-thumbnail","hentry","category-coatzacoalcos"],"_links":{"self":[{"href":"https:\/\/www.uv.mx\/prensa\/wp-json\/wp\/v2\/posts\/48182","targetHints":{"allow":["GET"]}}],"collection":[{"href":"https:\/\/www.uv.mx\/prensa\/wp-json\/wp\/v2\/posts"}],"about":[{"href":"https:\/\/www.uv.mx\/prensa\/wp-json\/wp\/v2\/types\/post"}],"author":[{"embeddable":true,"href":"https:\/\/www.uv.mx\/prensa\/wp-json\/wp\/v2\/users\/1508"}],"replies":[{"embeddable":true,"href":"https:\/\/www.uv.mx\/prensa\/wp-json\/wp\/v2\/comments?post=48182"}],"version-history":[{"count":0,"href":"https:\/\/www.uv.mx\/prensa\/wp-json\/wp\/v2\/posts\/48182\/revisions"}],"wp:featuredmedia":[{"embeddable":true,"href":"https:\/\/www.uv.mx\/prensa\/wp-json\/wp\/v2\/media\/48183"}],"wp:attachment":[{"href":"https:\/\/www.uv.mx\/prensa\/wp-json\/wp\/v2\/media?parent=48182"}],"wp:term":[{"taxonomy":"category","embeddable":true,"href":"https:\/\/www.uv.mx\/prensa\/wp-json\/wp\/v2\/categories?post=48182"},{"taxonomy":"post_tag","embeddable":true,"href":"https:\/\/www.uv.mx\/prensa\/wp-json\/wp\/v2\/tags?post=48182"}],"curies":[{"name":"wp","href":"https:\/\/api.w.org\/{rel}","templated":true}]}}