{"id":48175,"date":"2018-05-28T12:00:19","date_gmt":"2018-05-28T17:00:19","guid":{"rendered":"https:\/\/www.uv.mx\/prensa\/?p=48175"},"modified":"2018-05-28T15:44:20","modified_gmt":"2018-05-28T20:44:20","slug":"detras-de-todo-escritor-hay-un-apasionado-lector-santiago-gamboa","status":"publish","type":"post","link":"https:\/\/www.uv.mx\/prensa\/entrevista\/detras-de-todo-escritor-hay-un-apasionado-lector-santiago-gamboa\/","title":{"rendered":"Detr\u00e1s de todo escritor hay un apasionado lector: Santiago Gamboa"},"content":{"rendered":"<ul>\n<li><i>\u201cUno escribe los libros que quiere que existan\u201d<\/i><\/li>\n<li><i>\u201cLa cr\u00f3nica period\u00edstica es un g\u00e9nero literario, porque al final la literatura es contar historias\u201d<\/i><\/li>\n<\/ul>\n<p>&nbsp;<\/p>\n<div id=\"attachment_48176\" style=\"width: 732px\" class=\"wp-caption aligncenter\"><a href=\"https:\/\/www.uv.mx\/prensa\/files\/2018\/05\/280518-Entrevista-Santiago-Gamboa.jpg\"><img loading=\"lazy\" decoding=\"async\" aria-describedby=\"caption-attachment-48176\" class=\"size-full wp-image-48176\" src=\"https:\/\/www.uv.mx\/prensa\/files\/2018\/05\/280518-Entrevista-Santiago-Gamboa.jpg\" alt=\"\" width=\"722\" height=\"481\" srcset=\"https:\/\/www.uv.mx\/prensa\/files\/2018\/05\/280518-Entrevista-Santiago-Gamboa.jpg 722w, https:\/\/www.uv.mx\/prensa\/files\/2018\/05\/280518-Entrevista-Santiago-Gamboa-300x200.jpg 300w\" sizes=\"auto, (max-width: 722px) 100vw, 722px\" \/><\/a><p id=\"caption-attachment-48176\" class=\"wp-caption-text\">El escritor colombiano charl\u00f3 sobre la relaci\u00f3n entre periodismo y la literatura y de c\u00f3mo sus padres influyeron en su vocaci\u00f3n<\/p><\/div>\n<p>&nbsp;<\/p>\n<p><b><i>Paola Cort\u00e9s P\u00e9rez<\/i><\/b><\/p>\n<p><b><i>28\/05\/18, Xalapa, Ver.-<\/i><\/b> El escritor colombiano Santiago Gamboa expres\u00f3 que las experiencias de la vida y lo que ha escrito han moldeado al escritor y persona que es actualmente.<\/p>\n<p>El tambi\u00e9n periodista particip\u00f3 en la XXV Feria Internacional del Libro Universitario (FILU), realizada en mayo de este a\u00f1o. En entrevista para <i>Universo<\/i> charl\u00f3 sobre la estrecha relaci\u00f3n entre el periodismo y la literatura, y de c\u00f3mo sus padres influyeron en su profesi\u00f3n como escritor.<\/p>\n<p>En el conversatorio que tuvo durante la FILU, Gamboa habl\u00f3 de la violencia en la literatura y dijo que es un tema recurrente que la literatura ha logrado transformar en algo bello y en conocimiento.<\/p>\n<p>En entrevista con <i>Universo<\/i>, el autor habl\u00f3 de su relaci\u00f3n con la literatura, su faceta como periodista y sus influencias.<\/p>\n<p>&nbsp;<\/p>\n<p><b><i>Sus padres son artistas, \u00bfpodr\u00eda afirmar que trae el arte en la sangre?<\/i><\/b><\/p>\n<p>Digamos que s\u00ed, aunque no siempre se sigue el camino, hay grandes posibilidades de hacer dos cosas: seguir sus pasos o rechazarlos completamente, como pasa en algunos casos, como le pas\u00f3 a mis padres, quienes no nacieron en familias de artistas: la familia de mi madre era de abogados, y la de mi padre de m\u00e9dicos, ellos hicieron esa primera revoluci\u00f3n contra sus familias.<\/p>\n<p>Mi hermano estudi\u00f3 arquitectura, que tambi\u00e9n es un arte que proviene y tiene mucha cercan\u00eda con el dibujo, con las perspectivas, con una cierta sofisticaci\u00f3n que deriva de las artes pl\u00e1sticas.<\/p>\n<p>Yo, m\u00e1s bien, me lanc\u00e9 por la literatura porque mis padres eran personas muy lectoras \u2013siguen si\u00e9ndolo\u2013. La literatura para ambos fue la gran compa\u00f1\u00eda durante toda su vida como profesores en la universidad p\u00fablica de Colombia. \u00c9se fue mi origen.<\/p>\n<p>Nac\u00ed en una casa llena de libros, tambi\u00e9n pudiera haberlos rechazado, pero no, sucedi\u00f3 al rev\u00e9s. Mis padres tuvieron la inteligencia de no imponernos nunca nada, las cosas estaban ah\u00ed, ellos hablaban de libros y los ve\u00eda leerlos, \u00e9se era el ejemplo que me daban, no decirme \u201clee esto\u201d. Ellos se recostaban en un sill\u00f3n y se pon\u00edan a leer, yo jugaba alrededor y los miraba, \u00e9se fue su modo de ense\u00f1arme a leer, leer delante m\u00edo.<\/p>\n<p>&nbsp;<\/p>\n<p><b><i>\u00bfCu\u00e1l fue el libro o los libros que lo marcaron durante su infancia?<\/i><\/b><\/p>\n<p>Hay much\u00edsimos, recuerdo que cuando ten\u00eda nueve o 10 a\u00f1os descubr\u00ed al escritor italiano Emilio Salgari y sus libro sobre las<i> <\/i>aventuras de Sandok\u00e1n, para m\u00ed fueron una revelaci\u00f3n absoluta, es decir, en ese momento leer se convirti\u00f3 en la actividad m\u00e1s importante de mi d\u00eda.<\/p>\n<p>Llegaba del colegio, hac\u00eda las tareas r\u00e1pidamente y me pon\u00eda a leer hasta la hora de dormir; para m\u00ed era transportarme a un mundo que me parec\u00eda m\u00e1s bonito, mejor, un mundo que me daba m\u00e1s cosas, por lo tanto desde muy joven decid\u00ed que \u00e9se era el mundo en el que quer\u00eda vivir el resto de mi vida.<\/p>\n<p>A los nueve a\u00f1os supe que quer\u00eda vivir dentro de la literatura, no me atrev\u00eda ni siquiera a imaginar que pod\u00eda escribir. Despu\u00e9s me convert\u00ed en escritor, un poco por imitaci\u00f3n, pero lo primero fue leer. Detr\u00e1s de todo escritor hay un apasionado lector.<\/p>\n<p>&nbsp;<\/p>\n<p><b><i>\u00bfEn qu\u00e9 momento se descubri\u00f3 como escritor?<\/i><\/b><\/p>\n<p>A los 14 o 15 a\u00f1os comenc\u00e9 a hacer ensayos, ejercicios con algunos libros que me gustaban, escrib\u00eda cap\u00edtulos inventados con el personaje que me hab\u00eda gustado, imitaba la escritura, eso fue lo primero que hice, hasta que de repente empec\u00e9 a sentir que quer\u00eda escribir algo propio, desligado de lo que estaba leyendo.<\/p>\n<p>Entonces, lo que iba a escribir era muy sencillo, era un libro que me gustar\u00eda leer y como dijo Juan Rulfo \u201cescrib\u00ed Pedro P\u00e1ramo porque me faltaba en mi biblioteca\u201d, \u00e9l ten\u00eda la necesidad de que ese libro existiera y como nadie m\u00e1s lo iba a escribir, lo escribi\u00f3 \u00e9l. Creo que eso en el fondo es profundamente cierto, uno escribe los libros que quiere que existan y si uno no los escribe no existir\u00e1n porque nadie los quiere, nadie puede querer algo que no sabe de su existencia, por eso lo primero para un escritor es convencerse a s\u00ed mismo de lo que quiere y de que el libro con el que sue\u00f1a es importante.<\/p>\n<p>&nbsp;<\/p>\n<p><b><i>\u00bfC\u00f3mo le ayud\u00f3 en su profesi\u00f3n su trabajo como periodista en Par\u00eds?<\/i><\/b><\/p>\n<p>Son dos actividades que se alimentan y complementan muy bien. El periodismo escrito, cuando est\u00e1 bien escrito, debe resolver los mismos problemas que un buen texto literario.<\/p>\n<p>Recordemos que uno de nuestros maestros, Gabriel Garc\u00eda M\u00e1rquez, dec\u00eda que la cr\u00f3nica era el lugar donde se encontraban el periodismo y la literatura, es decir, la cr\u00f3nica es un g\u00e9nero literario.<\/p>\n<p>La escritora y periodista bielorrusa Svetlana Alexievich obtuvo el Premio Nobel de Literatura 2015, la Academia Sueca dice que la literatura no es solamente poemas, teatro, novela o cuento, la cr\u00f3nica periodista es un g\u00e9nero literario, ahora ya es oficial; por lo tanto, todo joven y todo periodista cuando escribe una cr\u00f3nica se est\u00e1 expresando tambi\u00e9n a s\u00ed mismo.<\/p>\n<p>Por supuesto, en el periodismo la realidad debe ser m\u00e1s comprensible \u2013\u00e9sa es su primera tarea\u2013 y lo puede hacer, adem\u00e1s tiene m\u00e1s efecto y m\u00e1s impacto cuando ese texto se vuelve tambi\u00e9n la expresi\u00f3n de una identidad y de una personalidad, como en los textos literarios.<\/p>\n<p>Formo parte de la Fundaci\u00f3n del Nuevo Periodismo Iberoamericano, que es una herencia de Gabriel Garc\u00eda M\u00e1rquez, y participo en talleres donde se les incentiva a los periodistas a buscar la escritura perfecta, a que se expresen como autores porque esto no es solamente un trabajo, est\u00e1n expresando algo y al escribir la cr\u00f3nica period\u00edstica se cuenta una historia, y la literatura es eso: contar historias.<\/p>\n<p>Lo que pasa es que el periodismo s\u00f3lo cuenta las historias que ocurrieron en la cotidianidad, la literatura tiene m\u00e1s libertad, pero los problemas de escritura son los mismos.<\/p>\n<p>&nbsp;<\/p>\n<p><b><i>\u00bfDe qu\u00e9 manera lo inspir\u00f3 Gabriel Garc\u00eda M\u00e1rquez?<\/i><\/b><\/p>\n<p>Una escritura tan poderosa y una f\u00f3rmula \u2013si lo convertimos en f\u00f3rmula\u2013 tan exitosa como la de Garc\u00eda M\u00e1rquez, hizo que muchos escritores lo siguieran y buscaran el \u00e9xito tambi\u00e9n, \u00e9se no fue mi caso, yo escrib\u00ed cosas muy diferentes.<\/p>\n<p>En lo que s\u00ed me influy\u00f3 fue en la fuerza y la convicci\u00f3n de que cuando uno cree en una idea literaria tiene que llevarla adelante con toda la pasi\u00f3n y con toda la fuerza, eso fue lo que me ense\u00f1\u00f3, \u00e9sa fue su gran influencia. Adem\u00e1s, luego me ayud\u00f3 con cosas personales, a crecer en la vida.<\/p>\n<p>Recordemos que Gabriel Garc\u00eda M\u00e1rquez era un ciudadano latinoamericano, nacido en un pueblito pobre de 30 mil habitantes y se convirti\u00f3 en uno de los autores de la literatura universal m\u00e1s c\u00e9lebres de su tiempo. \u00bfC\u00f3mo? Creyendo y llevando adelante un proyecto literario, dificil\u00edsimo sin embargo lo hizo, porque estaba convencido de que ten\u00eda que hacer hasta las \u00faltimas consecuencias de su aventura literaria, esto es la gran ense\u00f1anza y la gran educaci\u00f3n que uno puede recibir de \u00e9l. La literatura hay que llevarla hasta el final, hasta las \u00faltimas consecuencias.<\/p>\n<p>&nbsp;<\/p>\n<p><b>Sobre el autor<\/b><\/p>\n<p>Santiago Gamboa naci\u00f3 en Bogot\u00e1, Colombia; estudi\u00f3 literatura en la Universidad Javeriana de Bogot\u00e1 y obtuvo la Licenciatura en Filolog\u00eda Hisp\u00e1nica en la Unidad Complutense de Madrid. Tiempo despu\u00e9s se traslad\u00f3 a Par\u00eds, donde estudi\u00f3 Literatura Cubana, en la Universidad La Sorbona, Par\u00eds.<\/p>\n<p>En esta ciudad francesa, de 1993 a 1997 trabaj\u00f3 como periodista en el Servicio Am\u00e9rica Latina de Radio Francia Internacional (RFI) en programas literarios y de \u00edndole cultural; al mismo tiempo era corresponsal del peri\u00f3dico <i>El Tiempo<\/i> en Par\u00eds.<\/p>\n<p>Gamboa tambi\u00e9n ha sido columnista de la revista <i>Cromos<\/i> y <i>Cambio<\/i>. Asimismo, ha colaborado en <i>Gatopardo<\/i>, <i>Planeta Humano<\/i>, <i>GQ<\/i>, <i>Perfiles<\/i>, <i>SOHO<\/i>, <i>Internazionale<\/i> y en otras publicaciones.<\/p>\n<p>En 1995 public\u00f3 su primera novela <i>P\u00e1ginas de vuelta<\/i>, a la que sigui\u00f3 <i>Perder es cuesti\u00f3n de m\u00e9todo<\/i> y en 2005 se estren\u00f3 su versi\u00f3n cinematogr\u00e1fica. En octubre de 2001 vio la luz <i>Octubre en Pek\u00edn<\/i>, y en 2003 la novela <i>Los impostores<\/i>, la cual fue traducida a 16 idiomas. Mientras que <i>El s\u00edndrome de Ulises<\/i> fue finalista del Premio \u201cR\u00f3mulo Gallegos\u201d 2007 y en 2009 gan\u00f3 el V Premio de Novela La Otra Orilla.<\/p>\n<p>Santiago Gamboa es considerado una de las figuras de la nueva narrativa latinoamericana con mayor repercusi\u00f3n en el panorama literario internacional.<span class=\"Apple-converted-space\">\u00a0<\/span><\/p>\n","protected":false},"excerpt":{"rendered":"<p>Hay que llevar la literatura hasta el final, hasta las \u00faltimas consecuencias, afirm\u00f3 el escritor colombiano<\/p>\n","protected":false},"author":1508,"featured_media":0,"comment_status":"closed","ping_status":"closed","sticky":false,"template":"","format":"standard","meta":{"footnotes":""},"categories":[13,61],"tags":[],"class_list":["post-48175","post","type-post","status-publish","format-standard","hentry","category-entrevista","category-banner"],"_links":{"self":[{"href":"https:\/\/www.uv.mx\/prensa\/wp-json\/wp\/v2\/posts\/48175","targetHints":{"allow":["GET"]}}],"collection":[{"href":"https:\/\/www.uv.mx\/prensa\/wp-json\/wp\/v2\/posts"}],"about":[{"href":"https:\/\/www.uv.mx\/prensa\/wp-json\/wp\/v2\/types\/post"}],"author":[{"embeddable":true,"href":"https:\/\/www.uv.mx\/prensa\/wp-json\/wp\/v2\/users\/1508"}],"replies":[{"embeddable":true,"href":"https:\/\/www.uv.mx\/prensa\/wp-json\/wp\/v2\/comments?post=48175"}],"version-history":[{"count":0,"href":"https:\/\/www.uv.mx\/prensa\/wp-json\/wp\/v2\/posts\/48175\/revisions"}],"wp:attachment":[{"href":"https:\/\/www.uv.mx\/prensa\/wp-json\/wp\/v2\/media?parent=48175"}],"wp:term":[{"taxonomy":"category","embeddable":true,"href":"https:\/\/www.uv.mx\/prensa\/wp-json\/wp\/v2\/categories?post=48175"},{"taxonomy":"post_tag","embeddable":true,"href":"https:\/\/www.uv.mx\/prensa\/wp-json\/wp\/v2\/tags?post=48175"}],"curies":[{"name":"wp","href":"https:\/\/api.w.org\/{rel}","templated":true}]}}