{"id":48167,"date":"2018-05-28T15:28:52","date_gmt":"2018-05-28T20:28:52","guid":{"rendered":"https:\/\/www.uv.mx\/prensa\/?p=48167"},"modified":"2018-05-28T15:31:42","modified_gmt":"2018-05-28T20:31:42","slug":"sergio-pitol-uno-de-los-grandes-constructores-de-la-uv-rectora","status":"publish","type":"post","link":"https:\/\/www.uv.mx\/prensa\/banner\/sergio-pitol-uno-de-los-grandes-constructores-de-la-uv-rectora\/","title":{"rendered":"Sergio Pitol, uno de los grandes constructores de la UV: Rectora"},"content":{"rendered":"<ul>\n<li><i><\/i><i>Sara Ladr\u00f3n de Guevara inaugur\u00f3 \u201cEl arte de una vida\u201d, homenaje de la m\u00e1xima casa de estudio de Veracruz al escritor y Premio Cervantes 2005<\/i><\/li>\n<li><i><\/i><i>Uno de los m\u00e1s altos momentos de la instituci\u00f3n fue ser elegida por Pitol como su casa, expres\u00f3 Edgar Garc\u00eda Valencia, director de la Editorial UV<\/i><\/li>\n<\/ul>\n<p>&nbsp;<\/p>\n<div id=\"attachment_48169\" style=\"width: 732px\" class=\"wp-caption aligncenter\"><a href=\"https:\/\/www.uv.mx\/prensa\/files\/2018\/05\/280518-Homenaje-Pitol-1.jpg\"><img loading=\"lazy\" decoding=\"async\" aria-describedby=\"caption-attachment-48169\" class=\"size-full wp-image-48169\" src=\"https:\/\/www.uv.mx\/prensa\/files\/2018\/05\/280518-Homenaje-Pitol-1.jpg\" alt=\"\" width=\"722\" height=\"481\" srcset=\"https:\/\/www.uv.mx\/prensa\/files\/2018\/05\/280518-Homenaje-Pitol-1.jpg 722w, https:\/\/www.uv.mx\/prensa\/files\/2018\/05\/280518-Homenaje-Pitol-1-300x200.jpg 300w\" sizes=\"auto, (max-width: 722px) 100vw, 722px\" \/><\/a><p id=\"caption-attachment-48169\" class=\"wp-caption-text\">La rectora Sara Ladr\u00f3n de Guevara defini\u00f3 al escritor y Premio Cervantes como uno de los grandes constructores de la instituci\u00f3n<\/p><\/div>\n<p>&nbsp;<\/p>\n<p><b><i>28\/05\/18, Xalapa, Ver.-<\/i><\/b> Hoy la Universidad Veracruzana (UV) es lo que es gracias y de manera decisiva a la presencia, la actividad creadora y el legado de Sergio Pitol, afirm\u00f3 Sara Ladr\u00f3n de Guevara, rectora de esta casa de estudios, al dar la bienvenida al homenaje \u201cEl arte de una vida\u201d, que la instituci\u00f3n \u201cle rinde a uno de sus grandes constructores\u201d.<\/p>\n<p>Este lunes 28 de mayo, en el Auditorio \u201cAlfonso Medell\u00edn Zenil\u201d del Museo de Antropolog\u00eda de Xalapa (MAX), la funcionaria destac\u00f3 que pocas universidades p\u00fablicas en el pa\u00eds pueden enorgullecerse de contar en sus filas con un escritor de la talla de Sergio Pitol. \u201cLa Universidad Veracruzana cont\u00f3 con \u00e9l, quien dec\u00eda que no hubiera vivido en Xalapa si aqu\u00ed no estuviera la UV\u201d.<\/p>\n<p>En el inicio de esta jornada, que forma parte del homenaje nacional que se le rinde al Premio Cervantes de Literatura 2005, se cont\u00f3 con las palabras de Luz Fern\u00e1ndez de Alba, profesora del Colegio de Letras Hisp\u00e1nicas de la Universidad Nacional Aut\u00f3noma de M\u00e9xico (UNAM), ex alumna y amiga personal del escritor, as\u00ed como de \u00c9dgar Garc\u00eda Valencia, director general de la Editorial de esta casa de estudio.<\/p>\n<p>Sara Ladr\u00f3n de Guevara detall\u00f3 que en 2006 inici\u00f3 la relaci\u00f3n m\u00e1s estrecha y fruct\u00edfera entre Pitol y la UV cuando empez\u00f3 a \u201cdirigir dos colecciones hoy en d\u00eda claves en y para nuestra labor editorial y, me atrevo a decirlo con la certeza de que as\u00ed es, para el mundo editorial de habla hispana: la Biblioteca del Universitario (BU) y Sergio Pitol Traductor\u201d.<\/p>\n<p>Dijo que ambas colecciones son el reflejo de sus gustos, sus inquietudes y sus intereses literarios, y han reafirmado a la Editorial de la UV como una de primer orden en nuestra lengua.<\/p>\n<p>La BU gener\u00f3 beneficios adicionales como la creaci\u00f3n de numerosos c\u00edrculos de lectura que se destinaron para leer la colecci\u00f3n y el surgimiento de un \u201cFestival de la Lectura\u201d que abarc\u00f3 las cinco regiones universitarias.<\/p>\n<p>\u201cEn las cinco ediciones de este festival Pitol nos acompa\u00f1\u00f3 y en algunas ocasiones estuvieron dos de sus amigos m\u00e1s entra\u00f1ables: Carlos Monsiv\u00e1is y Juan Villoro\u201d, coment\u00f3 la Rectora.<\/p>\n<p>El tercer beneficio es la creaci\u00f3n del Programa Universitario de Formaci\u00f3n de Lectores y de la Especializaci\u00f3n en Promoci\u00f3n de la Lectura, hoy en d\u00eda integrada al Programa Nacional de Posgrados de Calidad (PNPC) del Consejo Nacional de Ciencia y Tecnolog\u00eda (<i>Conacyt<\/i>) con el nivel de competencia internacional, hecho in\u00e9dito en la vida acad\u00e9mica del pa\u00eds.<\/p>\n<p>\u201cEn el curso de 2006 a 2016 Pitol termin\u00f3 convertido en un verdadero y leg\u00edtimo embajador cultural de la Universidad Veracruzana; para orgullo nuestro, tal papel cumpli\u00f3 al encabezar las delegaciones que nuestra Editorial envi\u00f3 a las ferias del libro de Bogot\u00e1, Colombia, en 2009 y de La Habana, Cuba, en 2011; tambi\u00e9n presidi\u00f3 la semana de la Editorial de la UV en Madrid, Espa\u00f1a, donde en 2012 se presentaron ambas colecciones.\u201d<\/p>\n<p>&nbsp;<\/p>\n<div id=\"attachment_48171\" style=\"width: 732px\" class=\"wp-caption aligncenter\"><a href=\"https:\/\/www.uv.mx\/prensa\/files\/2018\/05\/280518-Homenaje-Pitol-2.jpg\"><img loading=\"lazy\" decoding=\"async\" aria-describedby=\"caption-attachment-48171\" class=\"size-full wp-image-48171\" src=\"https:\/\/www.uv.mx\/prensa\/files\/2018\/05\/280518-Homenaje-Pitol-2.jpg\" alt=\"\" width=\"722\" height=\"483\" srcset=\"https:\/\/www.uv.mx\/prensa\/files\/2018\/05\/280518-Homenaje-Pitol-2.jpg 722w, https:\/\/www.uv.mx\/prensa\/files\/2018\/05\/280518-Homenaje-Pitol-2-300x201.jpg 300w\" sizes=\"auto, (max-width: 722px) 100vw, 722px\" \/><\/a><p id=\"caption-attachment-48171\" class=\"wp-caption-text\">Luz Fern\u00e1ndez de Alba, profesora de la UNAM y amiga del autor, lo defini\u00f3 como un caballero del siglo XIX<\/p><\/div>\n<p>&nbsp;<\/p>\n<p>Cuando el autor de <i>El arte de la fuga<\/i> fij\u00f3 su residencia en Xalapa (1992) pudo reunir todos sus libros que se encontraban diseminados, una biblioteca de 15 mil vol\u00famenes que decidi\u00f3 donar a la UV, a lo que la Rectora manifest\u00f3: \u201cSi \u00e9l se sent\u00eda en deuda con esta casa de estudios, la Universidad Veracruzana lo est\u00e1 todav\u00eda m\u00e1s por este gesto de generosidad que en breve nos permitir\u00e1 poner al alcance de todos los miembros de nuestra comunidad y del p\u00fablico lector en general, un verdadero tesoro bibliogr\u00e1fico, sin duda la posesi\u00f3n m\u00e1s apreciada de don Sergio\u201d.<\/p>\n<p>Por su parte, \u00c9dgar Garc\u00eda Valencia, director de la Editorial UV, consider\u00f3 que uno de los m\u00e1s altos momentos de la instituci\u00f3n fue la distinci\u00f3n que hizo el autor de <i>El desfile del amor<\/i>, al elegir a la Universidad como su \u00faltima casa, a partir de 1992.<\/p>\n<p>\u201cEs por eso que nos sumamos, con este acto, a las jornadas del homenaje nacional en su memoria\u201d, apunt\u00f3, \u201ccon sus acad\u00e9micos y creadores y con una muestra del trabajo editorial que realiz\u00f3; en este homenaje nos distinguen con su presencia colegas, estudiantes, lectores, cr\u00edticos y j\u00f3venes investigadores que han encontrado en sus textos el mejor aliciente para la pregunta y el desciframiento\u201d.<\/p>\n<p>En su mensaje, Luz Fern\u00e1ndez record\u00f3 que conoci\u00f3 a Sergio Pitol primero como su maestro, cuando \u00e9l impart\u00eda cursos de literatura comparada en la Universidad Nacional Aut\u00f3noma de M\u00e9xico (UNAM), y despu\u00e9s como su amigo.<\/p>\n<p>Sus autores favoritos eran Chejov y Dostoievski y consider\u00f3 que, por sus atenciones y modales, Sergio Pitol \u201cera un caballero chejoviano del siglo XIX\u201d.<\/p>\n<p>Tambi\u00e9n mencion\u00f3 un ejemplo de su modestia \u201cporque Sergio no contaba sus grandes \u00e9xitos internacionales\u201d, al explicar que una investigadora francesa le contact\u00f3 cuando fung\u00eda como coordinadora del Departamento de Letras Hisp\u00e1nicas en la UNAM, porque su libro <i>El desfile del amor<\/i> se hab\u00eda convertido en texto obligatorio para todas las instituciones en el nivel medio superior y \u201ctodos los preparatorianos y universitarios que estuvieran estudiando espa\u00f1ol lo ten\u00edan como libro de estudio\u201d.<\/p>\n<p>De hecho recomend\u00f3 a los j\u00f3venes adentrarse en su obra a partir de dicho <i>thriller<\/i> policiaco.<\/p>\n<p>En el cierre de su participaci\u00f3n, relat\u00f3 adem\u00e1s que al d\u00eda de hoy vive con su marido en la casa que fuera del maestro Pitol en la Ciudad de M\u00e9xico, quien se las vendi\u00f3 para poder construir su morada en Xalapa y residir de manera permanente en ella, por lo que su contacto nunca se perdi\u00f3 y se siguieron visitando a lo largo de los a\u00f1os.<\/p>\n<p>Las actividades del homenaje continuaron durante el d\u00eda con las mesas tem\u00e1ticas Memoria, Lectura y Aficiones. Ma\u00f1ana martes, a las 18:00 horas, se presentar\u00e1n los libros <i>Sergio Pitol. La novela de una vida. Un ensayo sobre El arte de la fuga<\/i>, de Riccardo Pace, editado por Anthopos y la Universidad Aut\u00f3noma de Quer\u00e9taro, y Pitol. <i>La m\u00e1scara es el espejo del alma<\/i>, de Daniel Ayala, publicado por Colof\u00f3n y la Universidad de Guanajuato.<span class=\"Apple-converted-space\">\u00a0<\/span><\/p>\n<p>&nbsp;<\/p>\n<div id=\"attachment_48170\" style=\"width: 732px\" class=\"wp-caption aligncenter\"><a href=\"https:\/\/www.uv.mx\/prensa\/files\/2018\/05\/280518-Homenaje-Pitol-3.jpg\"><img loading=\"lazy\" decoding=\"async\" aria-describedby=\"caption-attachment-48170\" class=\"size-full wp-image-48170\" src=\"https:\/\/www.uv.mx\/prensa\/files\/2018\/05\/280518-Homenaje-Pitol-3.jpg\" alt=\"\" width=\"722\" height=\"481\" srcset=\"https:\/\/www.uv.mx\/prensa\/files\/2018\/05\/280518-Homenaje-Pitol-3.jpg 722w, https:\/\/www.uv.mx\/prensa\/files\/2018\/05\/280518-Homenaje-Pitol-3-300x200.jpg 300w\" sizes=\"auto, (max-width: 722px) 100vw, 722px\" \/><\/a><p id=\"caption-attachment-48170\" class=\"wp-caption-text\">En la UV, Sergio Pitol hizo posible la Biblioteca del Universitario, su colecci\u00f3n como traductor y m\u00faltiples estudios sobre su obra<\/p><\/div>\n","protected":false},"excerpt":{"rendered":"<p>Inici\u00f3 en la UV la jornada \u201cEl arte de una vida\u201d, parte del homenaje nacional que se le rinde al Premio Cervantes de Literatura 2005<\/p>\n","protected":false},"author":1508,"featured_media":48168,"comment_status":"closed","ping_status":"closed","sticky":false,"template":"","format":"standard","meta":{"footnotes":""},"categories":[61],"tags":[],"class_list":["post-48167","post","type-post","status-publish","format-standard","has-post-thumbnail","hentry","category-banner"],"_links":{"self":[{"href":"https:\/\/www.uv.mx\/prensa\/wp-json\/wp\/v2\/posts\/48167","targetHints":{"allow":["GET"]}}],"collection":[{"href":"https:\/\/www.uv.mx\/prensa\/wp-json\/wp\/v2\/posts"}],"about":[{"href":"https:\/\/www.uv.mx\/prensa\/wp-json\/wp\/v2\/types\/post"}],"author":[{"embeddable":true,"href":"https:\/\/www.uv.mx\/prensa\/wp-json\/wp\/v2\/users\/1508"}],"replies":[{"embeddable":true,"href":"https:\/\/www.uv.mx\/prensa\/wp-json\/wp\/v2\/comments?post=48167"}],"version-history":[{"count":0,"href":"https:\/\/www.uv.mx\/prensa\/wp-json\/wp\/v2\/posts\/48167\/revisions"}],"wp:featuredmedia":[{"embeddable":true,"href":"https:\/\/www.uv.mx\/prensa\/wp-json\/wp\/v2\/media\/48168"}],"wp:attachment":[{"href":"https:\/\/www.uv.mx\/prensa\/wp-json\/wp\/v2\/media?parent=48167"}],"wp:term":[{"taxonomy":"category","embeddable":true,"href":"https:\/\/www.uv.mx\/prensa\/wp-json\/wp\/v2\/categories?post=48167"},{"taxonomy":"post_tag","embeddable":true,"href":"https:\/\/www.uv.mx\/prensa\/wp-json\/wp\/v2\/tags?post=48167"}],"curies":[{"name":"wp","href":"https:\/\/api.w.org\/{rel}","templated":true}]}}