{"id":47902,"date":"2018-05-23T21:30:04","date_gmt":"2018-05-24T02:30:04","guid":{"rendered":"https:\/\/www.uv.mx\/prensa\/?p=47902"},"modified":"2018-05-25T13:27:47","modified_gmt":"2018-05-25T18:27:47","slug":"el-arte-de-una-vida-homenaje-a-sergio-pitol","status":"publish","type":"post","link":"https:\/\/www.uv.mx\/prensa\/banner\/el-arte-de-una-vida-homenaje-a-sergio-pitol\/","title":{"rendered":"<em>El arte de una vida<\/em>, homenaje a Sergio Pitol"},"content":{"rendered":"<ul>\n<li><i>El lunes 28 en el MAX y el martes 29 en la USBI, habr\u00e1 actividades para recordar al ganador del Premio Cervantes 2005<\/i><\/li>\n<\/ul>\n<p>&nbsp;<\/p>\n<div id=\"attachment_48059\" style=\"width: 732px\" class=\"wp-caption aligncenter\"><a href=\"https:\/\/www.uv.mx\/prensa\/files\/2018\/05\/El-arte-de-una-vida-programa.jpg\"><img loading=\"lazy\" decoding=\"async\" aria-describedby=\"caption-attachment-48059\" class=\"size-full wp-image-48059\" src=\"https:\/\/www.uv.mx\/prensa\/files\/2018\/05\/El-arte-de-una-vida-programa.jpg\" alt=\"\" width=\"722\" height=\"722\" srcset=\"https:\/\/www.uv.mx\/prensa\/files\/2018\/05\/El-arte-de-una-vida-programa.jpg 722w, https:\/\/www.uv.mx\/prensa\/files\/2018\/05\/El-arte-de-una-vida-programa-150x150.jpg 150w, https:\/\/www.uv.mx\/prensa\/files\/2018\/05\/El-arte-de-una-vida-programa-300x300.jpg 300w, https:\/\/www.uv.mx\/prensa\/files\/2018\/05\/El-arte-de-una-vida-programa-120x120.jpg 120w, https:\/\/www.uv.mx\/prensa\/files\/2018\/05\/El-arte-de-una-vida-programa-360x360.jpg 360w\" sizes=\"auto, (max-width: 722px) 100vw, 722px\" \/><\/a><p id=\"caption-attachment-48059\" class=\"wp-caption-text\">Las actividades del lunes 28 se llevar\u00e1n a cabo en el MAX<\/p><\/div>\n<p>&nbsp;<\/p>\n<p><b><i>23\/05\/18, Xalapa, Ver.-<\/i><\/b> La Direcci\u00f3n Editorial de la Universidad Veracruzana (UV) participa en el homenaje nacional que se le rinde al escritor Sergio Pitol, con actividades en las que escritores, amigos y lectores del Premio Miguel de Cervantes 2005 dialogar\u00e1n sobre su vida, obra y lecturas, en dos jornadas que se desarrollar\u00e1n el lunes 28 de mayo, en el Museo de Antropolog\u00eda de Xalapa (MAX), y el martes 29, en la Unidad de Servicios Bibliotecarios y de Informaci\u00f3n (USBI) de Xalapa.<\/p>\n<p>El homenaje, que lleva por t\u00edtulo <i>El arte de una vida<\/i>, comenzar\u00e1 el lunes 28 a las 9:30 horas y media hora despu\u00e9s ser\u00e1 la conferencia inaugural a cargo de la escritora Luz Fern\u00e1ndez de Alba. A las 10:45 iniciar\u00e1 la Mesa 1 \u201cMemoria\u201d, en la que participar\u00e1n Mario Mu\u00f1oz, Magali Velasco, Daniel Ayala y Agust\u00edn del Moral.<\/p>\n<p>A las 12:15 horas tendr\u00e1 lugar la Mesa 2 \u201cLecturas\u201d, con la presencia de Jos\u00e9 Luis Mart\u00ednez Morales, Paola Beltr\u00e1n y Riccardo Pace. La Mesa 3 \u201cAficiones\u201d se realizar\u00e1 a las 16:30 con la participaci\u00f3n de H\u00e9ctor Iv\u00e1n Gonz\u00e1lez, Alfonso Colorado y V\u00edctor Hugo V\u00e1squez Renter\u00eda. La clausura est\u00e1 programada a las 17:45.<\/p>\n<p>El martes 29 a las 18:00 horas se presentar\u00e1n los libros <i>Sergio Pitol. La novela de una vida. Un ensayo sobre <\/i>El arte de la fuga, de Riccardo Pace, editado por Anthopos y la Universidad Aut\u00f3noma de Quer\u00e9taro, y <i>Pitol. La m\u00e1scara es el espejo del alma<\/i>, de Daniel Ayala, publicado por Colof\u00f3n y la Universidad de Guanajuato.<\/p>\n<p>Sergio Pitol naci\u00f3 en Puebla pero siempre se consider\u00f3 veracruzano; falleci\u00f3 el 12 de abril del presente a\u00f1o. Desde muy joven se form\u00f3 como un lector \u00e1vido para luego ser un escritor prol\u00edfico y cuya calidad narrativa lo hizo merecedor de numerosos galardones, como el Premio Cervantes 2005. Fue director de la Editorial de la UV y de la revista universitaria <i>La Palabra y el Hombre, <\/i>en 1967. Destaca su gran trabajo en la creaci\u00f3n de la colecci\u00f3n Biblioteca del Universitario y Sergio Pitol Traductor.<\/p>\n<p>El homenaje nacional inici\u00f3 en d\u00edas pasados en la Facultad de Filosof\u00eda y Letras de la Universidad Nacional Aut\u00f3noma de M\u00e9xico (UNAM). Las actividades continuar\u00e1n de mayo a julio en la Ciudad de M\u00e9xico, Puebla y Xalapa. Adem\u00e1s de mesas de di\u00e1logo y conferencias, habr\u00e1 un concierto y una exposici\u00f3n fotogr\u00e1fica a exhibirse en las tres ciudades mencionadas.<\/p>\n<p>&nbsp;<\/p>\n<div id=\"attachment_47904\" style=\"width: 732px\" class=\"wp-caption aligncenter\"><a href=\"https:\/\/www.uv.mx\/prensa\/files\/2018\/05\/Presentacioin-libros-2.jpg\"><img loading=\"lazy\" decoding=\"async\" aria-describedby=\"caption-attachment-47904\" class=\"size-full wp-image-47904\" src=\"https:\/\/www.uv.mx\/prensa\/files\/2018\/05\/Presentacioin-libros-2.jpg\" alt=\"\" width=\"722\" height=\"722\" srcset=\"https:\/\/www.uv.mx\/prensa\/files\/2018\/05\/Presentacioin-libros-2.jpg 722w, https:\/\/www.uv.mx\/prensa\/files\/2018\/05\/Presentacioin-libros-2-150x150.jpg 150w, https:\/\/www.uv.mx\/prensa\/files\/2018\/05\/Presentacioin-libros-2-300x300.jpg 300w, https:\/\/www.uv.mx\/prensa\/files\/2018\/05\/Presentacioin-libros-2-120x120.jpg 120w, https:\/\/www.uv.mx\/prensa\/files\/2018\/05\/Presentacioin-libros-2-360x360.jpg 360w\" sizes=\"auto, (max-width: 722px) 100vw, 722px\" \/><\/a><p id=\"caption-attachment-47904\" class=\"wp-caption-text\">El martes 29 la USBI ser\u00e1 sede de la presentaci\u00f3n de libros<\/p><\/div>\n","protected":false},"excerpt":{"rendered":"<p>La Direcci\u00f3n Editorial UV participa en el homenaje nacional al escritor, en el que autores, amigos y lectores del Premio Miguel de Cervantes 2005 dialogar\u00e1n sobre su vida, obra y lecturas<\/p>\n","protected":false},"author":1508,"featured_media":47903,"comment_status":"closed","ping_status":"closed","sticky":false,"template":"","format":"standard","meta":{"footnotes":""},"categories":[61],"tags":[],"class_list":["post-47902","post","type-post","status-publish","format-standard","has-post-thumbnail","hentry","category-banner"],"_links":{"self":[{"href":"https:\/\/www.uv.mx\/prensa\/wp-json\/wp\/v2\/posts\/47902","targetHints":{"allow":["GET"]}}],"collection":[{"href":"https:\/\/www.uv.mx\/prensa\/wp-json\/wp\/v2\/posts"}],"about":[{"href":"https:\/\/www.uv.mx\/prensa\/wp-json\/wp\/v2\/types\/post"}],"author":[{"embeddable":true,"href":"https:\/\/www.uv.mx\/prensa\/wp-json\/wp\/v2\/users\/1508"}],"replies":[{"embeddable":true,"href":"https:\/\/www.uv.mx\/prensa\/wp-json\/wp\/v2\/comments?post=47902"}],"version-history":[{"count":0,"href":"https:\/\/www.uv.mx\/prensa\/wp-json\/wp\/v2\/posts\/47902\/revisions"}],"wp:featuredmedia":[{"embeddable":true,"href":"https:\/\/www.uv.mx\/prensa\/wp-json\/wp\/v2\/media\/47903"}],"wp:attachment":[{"href":"https:\/\/www.uv.mx\/prensa\/wp-json\/wp\/v2\/media?parent=47902"}],"wp:term":[{"taxonomy":"category","embeddable":true,"href":"https:\/\/www.uv.mx\/prensa\/wp-json\/wp\/v2\/categories?post=47902"},{"taxonomy":"post_tag","embeddable":true,"href":"https:\/\/www.uv.mx\/prensa\/wp-json\/wp\/v2\/tags?post=47902"}],"curies":[{"name":"wp","href":"https:\/\/api.w.org\/{rel}","templated":true}]}}